{"id":10074,"date":"2022-02-11T14:21:33","date_gmt":"2022-02-11T13:21:33","guid":{"rendered":"https:\/\/letrat.eu\/?p=10074"},"modified":"2024-04-09T08:12:48","modified_gmt":"2024-04-09T07:12:48","slug":"bauhaus-ideja-gjenezis-fryma-zanafillore-e-dizajnit-modern","status":"publish","type":"post","link":"https:\/\/letrat.eu\/?p=10074","title":{"rendered":"Bauhaus \u2013 Ideja &#8220;gjenezis&#8221;, fryma zanafillore e Dizajnit Modern!"},"content":{"rendered":"<p><em>(S. Guraziu \u2013 Ars Poetica, T 2020)<\/em><\/p>\n<p>(sipas piktorit avangardist rus, Kandinsky, \u201c<strong>ngjyra \u00ebsht\u00eb fuqia q\u00eb drejtp\u00ebrdrejt ndikon n\u00eb shpirtin ton\u00eb<\/strong>\u201c\u2026 )<br \/>\n<a  href=\"https:\/\/letrat.eu\/wp-content\/uploads\/2022\/02\/arspo-bauhaus_kandinsky_citat.jpg\" data-rel=\"lightbox-gallery-0\" data-rl_title=\"\" data-rl_caption=\"\" title=\"\"><img loading=\"lazy\" decoding=\"async\" class=\"alignnone wp-image-10075 zoooom\" src=\"https:\/\/letrat.eu\/wp-content\/uploads\/2022\/02\/arspo-bauhaus_kandinsky_citat.jpg\" alt=\"\" width=\"900\" height=\"608\" srcset=\"https:\/\/letrat.eu\/wp-content\/uploads\/2022\/02\/arspo-bauhaus_kandinsky_citat.jpg 1600w, https:\/\/letrat.eu\/wp-content\/uploads\/2022\/02\/arspo-bauhaus_kandinsky_citat-300x203.jpg 300w, https:\/\/letrat.eu\/wp-content\/uploads\/2022\/02\/arspo-bauhaus_kandinsky_citat-1024x691.jpg 1024w, https:\/\/letrat.eu\/wp-content\/uploads\/2022\/02\/arspo-bauhaus_kandinsky_citat-768x518.jpg 768w, https:\/\/letrat.eu\/wp-content\/uploads\/2022\/02\/arspo-bauhaus_kandinsky_citat-1536x1037.jpg 1536w\" sizes=\"auto, (max-width: 900px) 100vw, 900px\" \/><\/a><\/p>\n<p>Shkolla Artistike Bauhaus (1919-1933) \u2013 Si \u201cshkoll\u00eb e artit\u201d ishte aktive vet\u00ebm p\u00ebr 14 vjet, mir\u00ebpo kjo periudh\u00eb e \u201cjet\u00ebs\u201d s\u00eb Bauhaus do ishte n\u00eb fakt epoka vitale ose jet\u00ebsore n\u00eb historin\u00eb e Artit Modern n\u00eb p\u00ebrgjith\u00ebsi, n\u00eb historin\u00eb e Arkitektur\u00ebs, Dizajnit dhe t\u00eb edukimit kulturor-artistik t\u00eb mbar-shekullit XX.<\/p>\n<p><a  href=\"https:\/\/letrat.eu\/wp-content\/uploads\/2022\/02\/arspo-bauhaus_02.jpg\" data-rel=\"lightbox-gallery-0\" data-rl_title=\"\" data-rl_caption=\"\" title=\"\"><img loading=\"lazy\" decoding=\"async\" class=\"alignnone wp-image-10076 zoooom\" src=\"https:\/\/letrat.eu\/wp-content\/uploads\/2022\/02\/arspo-bauhaus_02.jpg\" alt=\"\" width=\"900\" height=\"573\" srcset=\"https:\/\/letrat.eu\/wp-content\/uploads\/2022\/02\/arspo-bauhaus_02.jpg 1600w, https:\/\/letrat.eu\/wp-content\/uploads\/2022\/02\/arspo-bauhaus_02-300x191.jpg 300w, https:\/\/letrat.eu\/wp-content\/uploads\/2022\/02\/arspo-bauhaus_02-1024x652.jpg 1024w, https:\/\/letrat.eu\/wp-content\/uploads\/2022\/02\/arspo-bauhaus_02-768x489.jpg 768w, https:\/\/letrat.eu\/wp-content\/uploads\/2022\/02\/arspo-bauhaus_02-1536x977.jpg 1536w\" sizes=\"auto, (max-width: 900px) 100vw, 900px\" \/><\/a><br \/>\n2 &#8211; <span style=\"color: #999999;\">Zyra e Drejtorit t\u00eb shkoll\u00ebs &#8220;<strong>Bauhaus<\/strong>&#8220;, Weimar, Gjermani, dizajn i vet\u00eb drejtorit, themeluesit t\u00eb shkoll\u00ebs, Walter Gropius n\u00eb v. 1919 &#8211; mrekullia vet\u00eb, ngelet dizajn impresiv qoft\u00eb dhe pas 100 vitesh, thjesht dizajn &#8220;modernist&#8221; q\u00eb i reziston koh\u00ebs<\/span>.<\/p>\n<p>Praktika avangarde-artistike e \u201cBauhaus\u201d do t\u2019i frym\u00ebzonte gjeneratat e artist\u00ebve aneskaj rruzullit, duke qen\u00eb si \u201cpararendje\u201d e p\u00ebrvojave artistike dhe e eksperimenteve vizionare do ia jepte form\u00ebn zhvillimit t\u00eb m\u00ebtutjeshem t\u00eb t\u00eb ashtuquajturit Art Modern.<\/p>\n<p>N\u00ebse t\u00eb &#8220;abstraktizohej&#8221; sa m\u00eb shkurt e tro\u00e7, pa vizionin pararend\u00ebs t\u00eb &#8220;Bauhaus&#8221; ndoshta as Picasso s\u2019do na ishte ai \u201cguximtari modern\u201d, ai babaxhani si\u00e7 pati qen\u00eb, e madje as \u201ciPhone\u201d s\u2019do na ishte ashtu si\u00e7 \u00ebsht\u00eb sot, dmth. forma (me t\u00eb cil\u00ebn \u201cpaketohet\u201d teknologjia).<\/p>\n<p>Disa vite m\u00eb par\u00eb pata shkruar diku se &#8220;iPad&#8221; (produktet e Apple) jan\u00eb thjesht &#8220;kopje t\u00eb Pad-it&#8221; t\u00eb S. Cubrick (le ta quaj &#8220;Cub-Pad&#8221;, pra nga filmi i tij, 2001-Odiseja Hap\u00ebsinore, 1968). Ajo \u00e7far\u00eb po aludoja ishte se, edhe Stanley Cubrick e po ashtu edhe Apple e qart\u00eb se qen\u00eb ndikuar nga filozofia e dizajnit &#8220;Bauhaus&#8221;, edhe Cubrick edhe Steve Jobs, q\u00eb t\u00eb dy po e kopjonin t\u00eb nj\u00ebjt\u00ebn bukuri, t\u00eb nj\u00ebjt\u00ebn dizajn-filozofi, ishin duke i ndjekur thjesht \u201ckushtet e modernizmit&#8221;, paradefinuar q\u00ebmoti nga &#8220;Bauhaus&#8221;.<\/p>\n<p><a  href=\"https:\/\/letrat.eu\/wp-content\/uploads\/2022\/02\/arspo-bauhaus_03.jpg\" data-rel=\"lightbox-gallery-0\" data-rl_title=\"\" data-rl_caption=\"\" title=\"\"><img loading=\"lazy\" decoding=\"async\" class=\"alignnone wp-image-10077 zoooom\" src=\"https:\/\/letrat.eu\/wp-content\/uploads\/2022\/02\/arspo-bauhaus_03.jpg\" alt=\"\" width=\"900\" height=\"573\" srcset=\"https:\/\/letrat.eu\/wp-content\/uploads\/2022\/02\/arspo-bauhaus_03.jpg 1600w, https:\/\/letrat.eu\/wp-content\/uploads\/2022\/02\/arspo-bauhaus_03-300x191.jpg 300w, https:\/\/letrat.eu\/wp-content\/uploads\/2022\/02\/arspo-bauhaus_03-1024x652.jpg 1024w, https:\/\/letrat.eu\/wp-content\/uploads\/2022\/02\/arspo-bauhaus_03-768x489.jpg 768w, https:\/\/letrat.eu\/wp-content\/uploads\/2022\/02\/arspo-bauhaus_03-1536x977.jpg 1536w\" sizes=\"auto, (max-width: 900px) 100vw, 900px\" \/><\/a><br \/>\n3 &#8211; <span style=\"color: #999999;\">(Majtas) Le Corbusier (1887-1965) \u2013 &#8220;Cassina LC2&#8221;, 1928 (dizajnuar s\u00eb bashku me Pierre Jeanneret dhe Charlotte Perriand) \u2013 (Djathtas) Steve Jobs (1955-2011) duke ia prezantuar bot\u00ebs produktin &#8220;iPad&#8221; n\u00eb v. 2010, ulur n\u00eb &#8220;Cassina LC2&#8221;, dizajnuar n\u00eb v. 1928 nga Le Corbusier, P. Jeanneret, C. Perriand<\/span><\/p>\n<p><a  href=\"https:\/\/letrat.eu\/wp-content\/uploads\/2022\/02\/arspo-bauhaus_04.jpg\" data-rel=\"lightbox-gallery-0\" data-rl_title=\"\" data-rl_caption=\"\" title=\"\"><img loading=\"lazy\" decoding=\"async\" class=\"alignnone wp-image-10078 zoooom\" src=\"https:\/\/letrat.eu\/wp-content\/uploads\/2022\/02\/arspo-bauhaus_04.jpg\" alt=\"\" width=\"900\" height=\"573\" srcset=\"https:\/\/letrat.eu\/wp-content\/uploads\/2022\/02\/arspo-bauhaus_04.jpg 1600w, https:\/\/letrat.eu\/wp-content\/uploads\/2022\/02\/arspo-bauhaus_04-300x191.jpg 300w, https:\/\/letrat.eu\/wp-content\/uploads\/2022\/02\/arspo-bauhaus_04-1024x652.jpg 1024w, https:\/\/letrat.eu\/wp-content\/uploads\/2022\/02\/arspo-bauhaus_04-768x489.jpg 768w, https:\/\/letrat.eu\/wp-content\/uploads\/2022\/02\/arspo-bauhaus_04-1536x977.jpg 1536w\" sizes=\"auto, (max-width: 900px) 100vw, 900px\" \/><\/a><br \/>\n4 &#8211; <span style=\"color: #999999;\">(Majtas) \u201ciPadi\u201d (Cub-Padi)&#8230; dikur, 1968, i Stanley Cubrick &#8211; (Djathtas) iPadi im (dmth. i Steve Jobs, i Apple, pa\u00e7ka se k\u00ebtu n\u00eb foto kthyer \u201ckok\u00ebposht\u00eb\u201d : )<\/span><\/p>\n<p>&#8220;Bauhaus&#8221; ishte fryt i kontributit t\u00eb gjithansh\u00ebm nga artist\u00eb t\u00eb njohur t\u00eb koh\u00ebs, vizionar\u00eb e avangardist\u00eb, e po ashtu dhe nga student\u00eb aspirues, nga rreth 30 vende t\u00eb ndryshme. M\u00ebsuesit e k\u00ebsaj \u201cshkolle\u201d quheshin \u201cmaster\u201d (nj\u00ebri nga m\u00ebsuesit do ishte dhe Wassily Kandinsky).<\/p>\n<p><a  href=\"https:\/\/letrat.eu\/wp-content\/uploads\/2022\/02\/arspo-bauhaus_05.jpg\" data-rel=\"lightbox-gallery-0\" data-rl_title=\"\" data-rl_caption=\"\" title=\"\"><img loading=\"lazy\" decoding=\"async\" class=\"alignnone wp-image-10079 zoooom\" src=\"https:\/\/letrat.eu\/wp-content\/uploads\/2022\/02\/arspo-bauhaus_05.jpg\" alt=\"\" width=\"900\" height=\"591\" srcset=\"https:\/\/letrat.eu\/wp-content\/uploads\/2022\/02\/arspo-bauhaus_05.jpg 1600w, https:\/\/letrat.eu\/wp-content\/uploads\/2022\/02\/arspo-bauhaus_05-300x197.jpg 300w, https:\/\/letrat.eu\/wp-content\/uploads\/2022\/02\/arspo-bauhaus_05-1024x672.jpg 1024w, https:\/\/letrat.eu\/wp-content\/uploads\/2022\/02\/arspo-bauhaus_05-768x504.jpg 768w, https:\/\/letrat.eu\/wp-content\/uploads\/2022\/02\/arspo-bauhaus_05-1536x1008.jpg 1536w\" sizes=\"auto, (max-width: 900px) 100vw, 900px\" \/><\/a><br \/>\n5 &#8211; <span style=\"color: #999999;\">M\u00ebsuesit e Bauhaus, Weimar, Gjermani, ~1920 (nga e majta): Josef Albers, Hinnerk Scheper, Georg Muche, L\u00e1szl\u00f3 Moholy-Nagy, Herbert Bayer, Joost Schmidt, Walter Gropius (themeluesi i Bauhaus), Marcel Breuer, [ Wassily Kandinsky ], Paul Klee, Lyonel Feininger, Gunta Stozl, Oskar Schlemmer ]<\/span><\/p>\n<p><a  href=\"https:\/\/letrat.eu\/wp-content\/uploads\/2022\/02\/arspo-bauhaus_06.jpg\" data-rel=\"lightbox-gallery-0\" data-rl_title=\"\" data-rl_caption=\"\" title=\"\"><img loading=\"lazy\" decoding=\"async\" class=\"alignnone wp-image-10080 zoooom\" src=\"https:\/\/letrat.eu\/wp-content\/uploads\/2022\/02\/arspo-bauhaus_06.jpg\" alt=\"\" width=\"900\" height=\"573\" srcset=\"https:\/\/letrat.eu\/wp-content\/uploads\/2022\/02\/arspo-bauhaus_06.jpg 1600w, https:\/\/letrat.eu\/wp-content\/uploads\/2022\/02\/arspo-bauhaus_06-300x191.jpg 300w, https:\/\/letrat.eu\/wp-content\/uploads\/2022\/02\/arspo-bauhaus_06-1024x652.jpg 1024w, https:\/\/letrat.eu\/wp-content\/uploads\/2022\/02\/arspo-bauhaus_06-768x489.jpg 768w, https:\/\/letrat.eu\/wp-content\/uploads\/2022\/02\/arspo-bauhaus_06-1536x977.jpg 1536w\" sizes=\"auto, (max-width: 900px) 100vw, 900px\" \/><\/a><br \/>\n6 &#8211; <span style=\"color: #999999;\">(Majtas) Le Corbusier dhe Walter Gropius (1883-1969), foto e v. 1955 \u2013 (Djathtas) Le Corbusier dhe Albert Einstein (1879-1955), foto e v. 1946<\/span><\/p>\n<p><a  href=\"https:\/\/letrat.eu\/wp-content\/uploads\/2022\/02\/arspo-bauhaus_07.jpg\" data-rel=\"lightbox-gallery-0\" data-rl_title=\"\" data-rl_caption=\"\" title=\"\"><img loading=\"lazy\" decoding=\"async\" class=\"alignnone wp-image-10081 zoooom\" src=\"https:\/\/letrat.eu\/wp-content\/uploads\/2022\/02\/arspo-bauhaus_07.jpg\" alt=\"\" width=\"900\" height=\"880\" srcset=\"https:\/\/letrat.eu\/wp-content\/uploads\/2022\/02\/arspo-bauhaus_07.jpg 1200w, https:\/\/letrat.eu\/wp-content\/uploads\/2022\/02\/arspo-bauhaus_07-300x293.jpg 300w, https:\/\/letrat.eu\/wp-content\/uploads\/2022\/02\/arspo-bauhaus_07-1024x1001.jpg 1024w, https:\/\/letrat.eu\/wp-content\/uploads\/2022\/02\/arspo-bauhaus_07-768x751.jpg 768w, https:\/\/letrat.eu\/wp-content\/uploads\/2022\/02\/arspo-bauhaus_07-50x50.jpg 50w\" sizes=\"auto, (max-width: 900px) 100vw, 900px\" \/><\/a><br \/>\n7 &#8211; <span style=\"color: #999999;\">Josef Albers (1888-1976) \u2013 &#8220;<strong>Ritmi<\/strong>&#8220;, 1958<\/span><br \/>\n&#8230;nga njoh\u00ebsit e historis\u00eb s\u00eb artit thuhet se Albers qe ftuar nga drejtori i Bauhaus, Walter Gropius, p\u00ebr t&#8217;dh\u00ebn\u00eb m\u00ebsim s\u00eb bashku me Paul Klee n\u00eb pun\u00ebtorin\u00eb&#8230; ose n\u00eb kabinetin e dizajnit t\u00eb qelqit, ishte k\u00ebtu momenti kur Albers do ia fillonte me interesin dhe studimin e gjeometris\u00eb s\u00eb past\u00ebr &#8220;kat\u00ebrk\u00ebndore&#8221;, e cila gj\u00eb sikur do ta &#8220;p\u00ebrcaktonte&#8221; karrier\u00ebn e tij t\u00eb m\u00ebvonshme.<\/p>\n","protected":false},"excerpt":{"rendered":"<p>(S. Guraziu \u2013 Ars Poetica, T 2020) (sipas piktorit avangardist rus, Kandinsky, \u201cngjyra \u00ebsht\u00eb fuqia q\u00eb drejtp\u00ebrdrejt ndikon n\u00eb shpirtin ton\u00eb\u201c\u2026 ) Shkolla Artistike Bauhaus (1919-1933) \u2013 Si \u201cshkoll\u00eb e artit\u201d ishte aktive vet\u00ebm p\u00ebr 14 vjet, mir\u00ebpo kjo periudh\u00eb&hellip; <a href=\"https:\/\/letrat.eu\/?p=10074\" class=\"more-link\">Lexo <span class=\"meta-nav\">&rarr;<\/span><\/a><\/p>\n","protected":false},"author":1,"featured_media":0,"comment_status":"closed","ping_status":"closed","sticky":false,"template":"","format":"standard","meta":{"footnotes":""},"categories":[14],"tags":[],"class_list":["post-10074","post","type-post","status-publish","format-standard","hentry","category-modern"],"_links":{"self":[{"href":"https:\/\/letrat.eu\/index.php?rest_route=\/wp\/v2\/posts\/10074","targetHints":{"allow":["GET"]}}],"collection":[{"href":"https:\/\/letrat.eu\/index.php?rest_route=\/wp\/v2\/posts"}],"about":[{"href":"https:\/\/letrat.eu\/index.php?rest_route=\/wp\/v2\/types\/post"}],"author":[{"embeddable":true,"href":"https:\/\/letrat.eu\/index.php?rest_route=\/wp\/v2\/users\/1"}],"replies":[{"embeddable":true,"href":"https:\/\/letrat.eu\/index.php?rest_route=%2Fwp%2Fv2%2Fcomments&post=10074"}],"version-history":[{"count":0,"href":"https:\/\/letrat.eu\/index.php?rest_route=\/wp\/v2\/posts\/10074\/revisions"}],"wp:attachment":[{"href":"https:\/\/letrat.eu\/index.php?rest_route=%2Fwp%2Fv2%2Fmedia&parent=10074"}],"wp:term":[{"taxonomy":"category","embeddable":true,"href":"https:\/\/letrat.eu\/index.php?rest_route=%2Fwp%2Fv2%2Fcategories&post=10074"},{"taxonomy":"post_tag","embeddable":true,"href":"https:\/\/letrat.eu\/index.php?rest_route=%2Fwp%2Fv2%2Ftags&post=10074"}],"curies":[{"name":"wp","href":"https:\/\/api.w.org\/{rel}","templated":true}]}}