{"id":12908,"date":"2023-05-11T21:59:12","date_gmt":"2023-05-11T20:59:12","guid":{"rendered":"https:\/\/letrat.eu\/?p=12908"},"modified":"2025-04-09T18:14:36","modified_gmt":"2025-04-09T17:14:36","slug":"me-28-prill-2023-ne-stokholm-u-promovuan-2-libra","status":"publish","type":"post","link":"https:\/\/letrat.eu\/?p=12908","title":{"rendered":"M\u00eb 28 Prill 2023 n\u00eb Stokholm u promovuan 2 libra"},"content":{"rendered":"<p><em>s. guraziu &#8211; ap, 11 maj 23 &#8211; video-shk\u00ebputje, 1 m<\/em><\/p>\n<p><a  href=\"https:\/\/letrat.eu\/wp-content\/uploads\/2023\/05\/ullmar_qvick_albanolog1.jpg\" data-rel=\"lightbox-gallery-0\" data-rl_title=\"\" data-rl_caption=\"\" title=\"\"><img loading=\"lazy\" decoding=\"async\" class=\"wp-image-12910 size-full\" src=\"https:\/\/letrat.eu\/wp-content\/uploads\/2023\/05\/ullmar_qvick_albanolog1.jpg\" alt=\"\" width=\"1509\" height=\"891\" srcset=\"https:\/\/letrat.eu\/wp-content\/uploads\/2023\/05\/ullmar_qvick_albanolog1.jpg 1509w, https:\/\/letrat.eu\/wp-content\/uploads\/2023\/05\/ullmar_qvick_albanolog1-300x177.jpg 300w, https:\/\/letrat.eu\/wp-content\/uploads\/2023\/05\/ullmar_qvick_albanolog1-1024x605.jpg 1024w, https:\/\/letrat.eu\/wp-content\/uploads\/2023\/05\/ullmar_qvick_albanolog1-768x453.jpg 768w\" sizes=\"auto, (max-width: 1509px) 100vw, 1509px\" \/><\/a> [ miku i Madh i gjith\u00eb shqiptar\u00ebve, Albanologu Ullmar Qvick ]&#8230;videoja e publikuar sot n\u00eb youtube-kanalin RTV AlbSe (11 Maj 2023) na e shpalos aktivitetin n\u00eb hap\u00ebsirat e Ambasad\u00ebs s\u00eb R. s\u00eb Kosov\u00ebs n\u00eb Stokholm, mbajtur m\u00eb 28 Prill 2023, me rastin e promovimit t\u00eb dy librave nga autori Qerim Kryeziu, &#8220;Shqiptar\u00ebt n\u00eb Retrokujtes\u00ebn Nordike&#8221; dhe &#8220;Trinia Shqiptare e Suedezit Ullmar Qvick&#8221; &#8211; m\u00ebsova se miku i madh i shqiptar\u00ebve, Albanologu Ullmar Qvick s&#8217;paska mundur t\u00eb jet\u00eb prezent, por u qenka drejtuar me an\u00ebn e nj\u00eb letre&#8230;<\/p>\n<p>&#8230;n\u00eb slajdin e murit p\u00ebrball (gjat\u00eb &#8220;ecjes&#8221; s\u00eb videos) thuhet se z. Qerim Kryeziu p\u00ebrcjell, shkruan e raporton p\u00ebr veprimtarit\u00eb politike, p\u00ebr aktivitetet kulturore, p\u00ebr botimet letrare, p\u00ebr programet koncertale t\u00eb m\u00ebrgat\u00ebs shqiptare n\u00eb Skandinavi, se gjurmon n\u00ebp\u00ebr arkiva, biblioteka e n\u00ebp\u00ebr muzeumet nordike shkrimin, kujtimin, mendimin skandinav p\u00ebr shqiptar\u00ebt, dhe se n\u00eb rastin konkret t\u00eb eventit t\u00eb sot\u00ebm, t\u00eb pranishm\u00ebve do u flet si ishin dikur lidhjet shqiptaro-suedeze, e po ashtu si \u00ebsht\u00eb sot veprimtaria e m\u00ebrgat\u00ebs shqiptare n\u00eb Suedi&#8230;<\/p>\n<p>&#8230;\u00e7&#8217;t\u00eb thuhet pos &#8220;Urime&#8221; &#8211; me botim librash e me evente kulturore, kuptohet p\u00ebrve\u00e7 si d\u00ebshmi e aktivitetit kulturologjik t\u00eb m\u00ebrgat\u00ebs, nderohet dhe miku i madh i shqiptar\u00ebve, z. Ullmar Qvick (ashtu miq\u00ebsisht, n\u00eb m\u00ebnyr\u00ebn e thjesht\u00ebsuar, p\u00ebrmes dritares s\u00eb chat-it ia shpreha urimet personalisht), patjet\u00ebr urime dhe autorit Qerim Kryeziu p\u00ebr librat, urime dhe &#8220;AlbSe&#8221; por dokumentimin e eventit kulturor dhe p\u00ebr video-lajmin si p\u00ebrmbledhje, urime dhe organizator\u00ebve, t\u00eb gjith\u00ebve q\u00eb kan\u00eb kontribuar e ndihmuar rreth promovimit, urim e fal\u00ebnderim dhe Shk\u00eblqesis\u00eb s\u00eb Saj, Znj. Ambasadore Geci-Sherifi, edhe publikuesit nga Prishtina etj&#8230;<\/p>\n<p>[ <span style=\"color: #999999;\">p\u00ebr blog-faqen Ars Poetica e shk\u00ebputa 1 min &#8211; videoja n\u00eb youtube zgjat\u00eb rreth 1 or\u00eb, eventin promovues m\u00eb 28 Prill e mbulon mjaft detajisht, vizito youtube-kanalin RTV AlbSe, i strehon mbi 500 video<\/span> &#8211; <a href=\"https:\/\/youtu.be\/SnXX71zFoFI\" data-rel=\"lightbox-video-0\" target=\"_blank\" rel=\"noopener\">https:\/\/youtu.be\/SnXX71zFoFI<\/a> ]<\/p>\n<div style=\"width: 640px;\" class=\"wp-video\"><video class=\"wp-video-shortcode\" id=\"video-12908-1\" width=\"640\" height=\"360\" preload=\"metadata\" controls=\"controls\"><source type=\"video\/mp4\" src=\"https:\/\/letrat.eu\/wp-content\/uploads\/2023\/05\/ullmar_qvick_video_shkeputje_1_min_opt.mp4?_=1\" \/><a href=\"https:\/\/letrat.eu\/wp-content\/uploads\/2023\/05\/ullmar_qvick_video_shkeputje_1_min_opt.mp4\">https:\/\/letrat.eu\/wp-content\/uploads\/2023\/05\/ullmar_qvick_video_shkeputje_1_min_opt.mp4<\/a><\/video><\/div>\n<p>&nbsp;<\/p>\n<p>&nbsp;<\/p>\n","protected":false},"excerpt":{"rendered":"<p>s. guraziu &#8211; ap, 11 maj 23 &#8211; video-shk\u00ebputje, 1 m [ miku i Madh i gjith\u00eb shqiptar\u00ebve, Albanologu Ullmar Qvick ]&#8230;videoja e publikuar sot n\u00eb youtube-kanalin RTV AlbSe (11 Maj 2023) na e shpalos aktivitetin n\u00eb hap\u00ebsirat e Ambasad\u00ebs&hellip; <a href=\"https:\/\/letrat.eu\/?p=12908\" class=\"more-link\">Lexo <span class=\"meta-nav\">&rarr;<\/span><\/a><\/p>\n","protected":false},"author":1,"featured_media":0,"comment_status":"closed","ping_status":"closed","sticky":false,"template":"","format":"standard","meta":{"footnotes":""},"categories":[15],"tags":[],"class_list":["post-12908","post","type-post","status-publish","format-standard","hentry","category-shenime-shkurt"],"_links":{"self":[{"href":"https:\/\/letrat.eu\/index.php?rest_route=\/wp\/v2\/posts\/12908","targetHints":{"allow":["GET"]}}],"collection":[{"href":"https:\/\/letrat.eu\/index.php?rest_route=\/wp\/v2\/posts"}],"about":[{"href":"https:\/\/letrat.eu\/index.php?rest_route=\/wp\/v2\/types\/post"}],"author":[{"embeddable":true,"href":"https:\/\/letrat.eu\/index.php?rest_route=\/wp\/v2\/users\/1"}],"replies":[{"embeddable":true,"href":"https:\/\/letrat.eu\/index.php?rest_route=%2Fwp%2Fv2%2Fcomments&post=12908"}],"version-history":[{"count":0,"href":"https:\/\/letrat.eu\/index.php?rest_route=\/wp\/v2\/posts\/12908\/revisions"}],"wp:attachment":[{"href":"https:\/\/letrat.eu\/index.php?rest_route=%2Fwp%2Fv2%2Fmedia&parent=12908"}],"wp:term":[{"taxonomy":"category","embeddable":true,"href":"https:\/\/letrat.eu\/index.php?rest_route=%2Fwp%2Fv2%2Fcategories&post=12908"},{"taxonomy":"post_tag","embeddable":true,"href":"https:\/\/letrat.eu\/index.php?rest_route=%2Fwp%2Fv2%2Ftags&post=12908"}],"curies":[{"name":"wp","href":"https:\/\/api.w.org\/{rel}","templated":true}]}}