{"id":13708,"date":"2023-12-03T10:02:40","date_gmt":"2023-12-03T09:02:40","guid":{"rendered":"https:\/\/letrat.eu\/?p=13708"},"modified":"2024-04-08T23:19:10","modified_gmt":"2024-04-08T22:19:10","slug":"science-fitorja-e-se-djathtes-ekstreme-i-brengose-akademiket-holandeze","status":"publish","type":"post","link":"https:\/\/letrat.eu\/?p=13708","title":{"rendered":"&#8220;Science&#8221; &#8211; Fitorja e s\u00eb djatht\u00ebs ekstreme i brengos\u00eb akademik\u00ebt holandez\u00eb"},"content":{"rendered":"<p><em>(s. guraziu &#8211; ap, dhjetor 23)<\/em><\/p>\n<p>&#8230;edhe pse nj\u00eb qeveri e udh\u00ebhequr nga Wilders ende nuk \u00ebsht\u00eb gj\u00eb aq e sigurt, pritet formimi i nj\u00eb qeverie t\u00eb dominuar nga aleat\u00ebt e djatht\u00eb t\u00eb Wilders. Perspektiva e till\u00eb politike i shqet\u00ebson shum\u00eb studiues holandez\u00eb &#8211; thuhet, nd\u00ebr t\u00eb tjera, n\u00eb artikullin e &#8220;science&#8221;. Bota akademike holandeze e sheh axhend\u00ebn nacionaliste t\u00eb PVV si nj\u00eb k\u00ebrc\u00ebnim p\u00ebr komunitetin shkencor.<br \/>\n&#8230;PVV i fitoi rreth 23% t\u00eb votave n\u00eb zgjedhjet e 22 N\u00ebntorit 2023, duke u b\u00ebr\u00eb partia m\u00eb e madhe n\u00eb parlamentin holandez, dhe e para n\u00eb radh\u00eb p\u00ebr ta krijuar nj\u00eb qeveri koalicioniste.<\/p>\n<p>Qeveria e udh\u00ebhequr nga Wilders do t&#8217;vendoste kufizime t\u00eb m\u00ebdha p\u00ebr student\u00ebt e huaj. Reduktimi i madh i k\u00ebtyre do t&#8217;krijonte sfida financiare p\u00ebr shumic\u00ebn e universiteteve holandeze. Student\u00ebt nd\u00ebrkomb\u00ebtar\u00eb p\u00ebrb\u00ebjn\u00eb 15% t\u00eb student\u00ebve n\u00eb universitetet e Holand\u00ebs&#8230;<\/p>\n<p>&#8230;po ashtu Wilders d\u00ebshiron q\u00eb Holanda t\u00eb largohet nga BE-ja, sipas PVV vendi paguan m\u00eb shum\u00eb sesa merr nga BE-ja. Kjo do i d\u00ebmtonte shum\u00eb fondet e m\u00ebdha shkencore q\u00eb alokohen dhe akordohen nga organizmat e BE-s\u00eb. PVV synon t&#8217;i heq\u00eb politikat klimatike q\u00eb merren me reduktimin e emetimeve t\u00eb CO2. PVV synon fokusimin vet\u00ebm n\u00eb masat e &#8220;p\u00ebrshtatjes&#8221;, t\u00eb tilla si ngritja e digave, parandalimi i p\u00ebrmbytjeve &#8211; shkruante &#8220;science&#8221; n\u00eb artikullin e vet&#8230;<\/p>\n<p>[ <a href=\"https:\/\/www.science.org\/content\/article\/shock-election-win-far-right-worries-academics-netherlands\" target=\"_blank\" rel=\"noopener\">Artikulli i &#8220;Sience&#8221;<\/a> ]<\/p>\n<p><a  href=\"https:\/\/letrat.eu\/wp-content\/uploads\/2023\/12\/arspo_science_e_djathta_ekstreme_i_brengose_akademiket_opt.jpg\" data-rel=\"lightbox-gallery-0\" data-rl_title=\"\" data-rl_caption=\"\" title=\"\"><img loading=\"lazy\" decoding=\"async\" class=\"alignnone size-full wp-image-13709\" src=\"https:\/\/letrat.eu\/wp-content\/uploads\/2023\/12\/arspo_science_e_djathta_ekstreme_i_brengose_akademiket_opt.jpg\" alt=\"\" width=\"1280\" height=\"844\" srcset=\"https:\/\/letrat.eu\/wp-content\/uploads\/2023\/12\/arspo_science_e_djathta_ekstreme_i_brengose_akademiket_opt.jpg 1280w, https:\/\/letrat.eu\/wp-content\/uploads\/2023\/12\/arspo_science_e_djathta_ekstreme_i_brengose_akademiket_opt-300x198.jpg 300w, https:\/\/letrat.eu\/wp-content\/uploads\/2023\/12\/arspo_science_e_djathta_ekstreme_i_brengose_akademiket_opt-1024x675.jpg 1024w, https:\/\/letrat.eu\/wp-content\/uploads\/2023\/12\/arspo_science_e_djathta_ekstreme_i_brengose_akademiket_opt-768x506.jpg 768w\" sizes=\"auto, (max-width: 1280px) 100vw, 1280px\" \/><\/a><\/p>\n","protected":false},"excerpt":{"rendered":"<p>(s. guraziu &#8211; ap, dhjetor 23) &#8230;edhe pse nj\u00eb qeveri e udh\u00ebhequr nga Wilders ende nuk \u00ebsht\u00eb gj\u00eb aq e sigurt, pritet formimi i nj\u00eb qeverie t\u00eb dominuar nga aleat\u00ebt e djatht\u00eb t\u00eb Wilders. Perspektiva e till\u00eb politike i shqet\u00ebson&hellip; <a href=\"https:\/\/letrat.eu\/?p=13708\" class=\"more-link\">Lexo <span class=\"meta-nav\">&rarr;<\/span><\/a><\/p>\n","protected":false},"author":1,"featured_media":0,"comment_status":"closed","ping_status":"closed","sticky":false,"template":"","format":"standard","meta":{"footnotes":""},"categories":[15],"tags":[],"class_list":["post-13708","post","type-post","status-publish","format-standard","hentry","category-shenime-shkurt"],"_links":{"self":[{"href":"https:\/\/letrat.eu\/index.php?rest_route=\/wp\/v2\/posts\/13708","targetHints":{"allow":["GET"]}}],"collection":[{"href":"https:\/\/letrat.eu\/index.php?rest_route=\/wp\/v2\/posts"}],"about":[{"href":"https:\/\/letrat.eu\/index.php?rest_route=\/wp\/v2\/types\/post"}],"author":[{"embeddable":true,"href":"https:\/\/letrat.eu\/index.php?rest_route=\/wp\/v2\/users\/1"}],"replies":[{"embeddable":true,"href":"https:\/\/letrat.eu\/index.php?rest_route=%2Fwp%2Fv2%2Fcomments&post=13708"}],"version-history":[{"count":0,"href":"https:\/\/letrat.eu\/index.php?rest_route=\/wp\/v2\/posts\/13708\/revisions"}],"wp:attachment":[{"href":"https:\/\/letrat.eu\/index.php?rest_route=%2Fwp%2Fv2%2Fmedia&parent=13708"}],"wp:term":[{"taxonomy":"category","embeddable":true,"href":"https:\/\/letrat.eu\/index.php?rest_route=%2Fwp%2Fv2%2Fcategories&post=13708"},{"taxonomy":"post_tag","embeddable":true,"href":"https:\/\/letrat.eu\/index.php?rest_route=%2Fwp%2Fv2%2Ftags&post=13708"}],"curies":[{"name":"wp","href":"https:\/\/api.w.org\/{rel}","templated":true}]}}