{"id":13784,"date":"2023-12-13T18:12:24","date_gmt":"2023-12-13T17:12:24","guid":{"rendered":"https:\/\/letrat.eu\/?p=13784"},"modified":"2024-04-08T22:39:31","modified_gmt":"2024-04-08T21:39:31","slug":"dinosauri-i-ndotjes-globale-do-behet-gjelbrush-bukurush","status":"publish","type":"post","link":"https:\/\/letrat.eu\/?p=13784","title":{"rendered":"&#8220;Dinosauri i ndotjes&#8221; globale do b\u00ebhet gjelbrush-bukurush : )"},"content":{"rendered":"<p><em>S. Guraziu &#8211; Ars Poetica, Dhjetor 2023<\/em><\/p>\n<p><a  href=\"https:\/\/letrat.eu\/wp-content\/uploads\/2023\/12\/6-skyd_mercedes-benz_future_visions_opt6.jpg\" data-rel=\"lightbox-gallery-0\" data-rl_title=\"\" data-rl_caption=\"\" title=\"\"><img loading=\"lazy\" decoding=\"async\" class=\"alignnone size-full wp-image-13785\" src=\"https:\/\/letrat.eu\/wp-content\/uploads\/2023\/12\/6-skyd_mercedes-benz_future_visions_opt6.jpg\" alt=\"\" width=\"1600\" height=\"995\" srcset=\"https:\/\/letrat.eu\/wp-content\/uploads\/2023\/12\/6-skyd_mercedes-benz_future_visions_opt6.jpg 1600w, https:\/\/letrat.eu\/wp-content\/uploads\/2023\/12\/6-skyd_mercedes-benz_future_visions_opt6-300x187.jpg 300w, https:\/\/letrat.eu\/wp-content\/uploads\/2023\/12\/6-skyd_mercedes-benz_future_visions_opt6-1024x637.jpg 1024w, https:\/\/letrat.eu\/wp-content\/uploads\/2023\/12\/6-skyd_mercedes-benz_future_visions_opt6-768x478.jpg 768w, https:\/\/letrat.eu\/wp-content\/uploads\/2023\/12\/6-skyd_mercedes-benz_future_visions_opt6-1536x955.jpg 1536w\" sizes=\"auto, (max-width: 1600px) 100vw, 1600px\" \/><\/a><\/p>\n<p>Lajm i mir\u00eb, deri n\u00eb v. 2030 Mercedes-Benz AG 100% elektrik\u00eb &#8211; Gjiganti gjerman Mercedes-Benz AG zotohet se deri n\u00eb v. 2030 do jen\u00eb 100% elektrik\u00eb, me gjith\u00e7ka dhe me secilin proces varg e varg, simbolikisht n\u00eb em\u00ebr t\u00eb &#8220;tok\u00ebs, t\u00eb ujit, t\u00eb ajrit&#8221; (e q\u00eb gjoja sikur jan\u00eb 3 rrembat e yllit t\u00eb logos s\u00eb tyre rrethore), ata zotohen se deri n\u00eb v. 2030 do t&#8217;i nd\u00ebrtojn\u00eb makinat e pasagjer\u00ebve me 40% materiale t\u00eb ricikluara, se jan\u00eb orientuar q\u00eb gjith\u00e7ka t\u00eb jet\u00eb nga burime t\u00eb rinovueshme, deri n\u00eb v. 2030 me gjith\u00e7ka 100% elektrik\u00eb.<\/p>\n<p>N\u00ebse Mercedes-Benz AG ia del k\u00ebtij zotimi t\u00eb madh (si t\u00eb thuash, &#8220;zotim shembullor&#8221; p\u00ebr gjith\u00eb bot\u00ebn, pasi Mercedes-Benz AG v\u00ebrtet \u00ebsht\u00eb nj\u00eb gjigant, p\u00ebr pothuaj 130 vjet&#8230; s\u00ebpaku gjat\u00eb gjith\u00eb shekullit XX ishte di\u00e7 si &#8220;dinosaur i ndotjes&#8221;), at\u00ebher\u00eb \u00e7&#8217;t\u00eb thuhet tjet\u00ebr pos &#8220;bravooo&#8221; &#8211; anise ende pa ardhur e 2030-ta ia vlen t\u00eb theksohet se Mercedes-Benz AG p\u00ebr nevojat e energjis\u00eb elektrike t\u00eb veta n\u00eb Gjermani q\u00eb tani sh\u00ebrbehet me energjin\u00eb &#8220;green&#8221;, nga 24 ferma me mbi 200 turbina t\u00eb er\u00ebs t\u00eb instaluara n\u00ebp\u00ebr gjith\u00eb vendin, po ashtu, q\u00eb nga v. 2022 fabrikat e Mercedes-Benz AG, kudo q\u00eb ndodhen n\u00eb mbar\u00eb bot\u00ebn sh\u00ebrbehen me elektrikat &#8220;green&#8221;.<\/p>\n<p>[ <strong>Dizajni si &#8220;bipolaritet&#8221; i ndjesis\u00eb kreative dhe i inteligjenc\u00ebs<\/strong> ]<\/p>\n<p>&#8220;<em>N\u00ebse p\u00ebrsosm\u00ebria \u00ebsht\u00eb themeli i trash\u00ebgimis\u00eb son\u00eb, tani teknologjia dhe avancimet tona e p\u00ebrndezin ardhm\u00ebrin\u00eb<\/em>&#8221; &#8211; shprehet Gorden Wagener, Kryedizajneri i Grupit t\u00eb Mercedes-Benz. &#8220;<em>Filozofia jon\u00eb e dizajnit \u00ebsht\u00eb Past\u00ebrtia Sensuale; nj\u00eb bipolaritet i ndjesis\u00eb kreative dhe i inteligjenc\u00ebs. Ne dizajner\u00ebt e Mercedes-Benz u qasemi ambicieve tona me k\u00ebt\u00eb filozofi t\u00eb dizajnit. Ne e rip\u00ebrcaktojm\u00eb, e ridefinojm\u00eb veten n\u00eb m\u00ebnyr\u00eb konstante, p\u00ebr ta arritur t\u00eb jasht\u00ebzakonshmen &#8211; ne e quajm\u00eb k\u00ebt\u00eb X-Factor<\/em>&#8221; &#8211; (Gorden Wagener, CDO &#8211; Chief Design Officer, Mercedes-Benz Group)<\/p>\n<p>Studiot e dizajnit t\u00eb Mercedes-Benz, me vizionin e tyre i sjellin impulset e reja t\u00eb luksozitetit, dhe k\u00ebshtu p\u00ebr klient\u00ebt plot\u00ebsohen d\u00ebshirat e dimensionit estetik dhe parapritjet e t\u00eb jasht\u00ebzakonshmes. Dizajner\u00ebt e Mercedes-Benz e kan\u00eb nj\u00eb vend &#8220;mitik&#8221;, ku vizioni b\u00ebhet realitet. Ata thon\u00eb &#8220;<em>mir\u00ebsevjen n\u00eb kozmosin e kreativitetit, mir\u00ebsevjen n\u00eb bot\u00ebn e jasht\u00ebbotshme<\/em>&#8221; (gjoja di\u00e7 si bot\u00eb &#8220;alienike&#8221; &#8211; q\u00ebkur dizajner\u00ebt thuase jetojn\u00eb diku n\u00eb futuriz\u00ebm, n\u00eb k\u00ebrkim t\u00eb ideve dhe risive kreative sikur jan\u00eb t\u00eb shtr\u00ebnguar t\u00eb shohin gj\u00ebra dhe vizione q\u00eb askush s&#8217;i sheh, sikur v\u00ebrdallen horizonteve t\u00eb parakoh\u00ebs, si avangardist\u00eb t\u00eb koh\u00ebs s\u00eb tyre&#8230; andaj pandehin se jan\u00eb paksa t\u00eb p\u00ebrtejbotsh\u00ebm, dmth. di\u00e7 si krijesa artistike-alienike : )<\/p>\n<p>Selia e dizajner\u00ebve t\u00eb Mercedes-Benz \u00ebsht\u00eb n\u00eb Sindelfingen, Gjermani. Por nga aty i drejtojn\u00eb dhe 3 Qendra Nd\u00ebrkomb\u00ebtare t\u00eb Dizajnit (t\u00eb ashtuquajtura, IDC &#8211; International Design Centers). Tri studiot tjera t\u00eb dizajnit (n\u00ebn mbikqyrjen e Sindelfingen) jan\u00eb IDC Carlsbad, IDC Nice, IDC Shanghai. K\u00ebto studio t\u00eb dizajnit t\u00eb avancuar, duke qen\u00eb prezente n\u00eb 3 kontinentet, i &#8220;ndiejn\u00eb&#8221; dhe i p\u00ebrcjellin vazhdimisht vibracionet e kulturave globale, kreativitetin dhe inovacionin. Nga studiot &#8220;pritet&#8221; t&#8217;i transformojn\u00eb impulset globale n\u00eb dizajnin magjeps\u00ebs p\u00ebr produktet e Mercedes Benz, si dhe p\u00ebr vizionet e luksozitetit t\u00eb ardhm\u00ebris\u00eb.<\/p>\n<p><a  href=\"https:\/\/letrat.eu\/wp-content\/uploads\/2023\/12\/5-skyd_mercedes-benz_vision_one-eleven_opt5.jpg\" data-rel=\"lightbox-gallery-0\" data-rl_title=\"\" data-rl_caption=\"\" title=\"\"><img loading=\"lazy\" decoding=\"async\" class=\"alignnone size-full wp-image-13786\" src=\"https:\/\/letrat.eu\/wp-content\/uploads\/2023\/12\/5-skyd_mercedes-benz_vision_one-eleven_opt5.jpg\" alt=\"\" width=\"1600\" height=\"995\" srcset=\"https:\/\/letrat.eu\/wp-content\/uploads\/2023\/12\/5-skyd_mercedes-benz_vision_one-eleven_opt5.jpg 1600w, https:\/\/letrat.eu\/wp-content\/uploads\/2023\/12\/5-skyd_mercedes-benz_vision_one-eleven_opt5-300x187.jpg 300w, https:\/\/letrat.eu\/wp-content\/uploads\/2023\/12\/5-skyd_mercedes-benz_vision_one-eleven_opt5-1024x637.jpg 1024w, https:\/\/letrat.eu\/wp-content\/uploads\/2023\/12\/5-skyd_mercedes-benz_vision_one-eleven_opt5-768x478.jpg 768w, https:\/\/letrat.eu\/wp-content\/uploads\/2023\/12\/5-skyd_mercedes-benz_vision_one-eleven_opt5-1536x955.jpg 1536w\" sizes=\"auto, (max-width: 1600px) 100vw, 1600px\" \/><\/a><\/p>\n<p>[ <strong>Trash\u00ebgimia si frym\u00ebzim &#8211; Dizajn dedikuar vet\u00eb dizajnit ikonik, UFO-ristik<\/strong> ]<\/p>\n<p><em>(&#8230;dizajni dhe eleganca e futurizmit minimalist i hap dyert p\u00ebr t\u00eb ardhmen e luksit ikonik mobilistik &#8211; thon\u00eb dizajner\u00ebt e Mercedes-Benz)<\/em><\/p>\n<p>Sipas Mercedes-Benz (teksti n\u00eb faqen ku \u00ebsht\u00eb prezantuar &#8220;Vision One-Eleven&#8221;) viti 1969 nuk pati hyr\u00eb n\u00eb histori vet\u00ebm p\u00ebr shkak t\u00eb uljes s\u00eb njeriut n\u00eb H\u00ebn\u00eb, por dhe sepse Mercedes-Benz C 111 at\u00ebbot\u00eb u shfaq n\u00eb ekspozit\u00ebn e IAA t\u00eb Frankfurtit. Bota desh qen\u00eb mahnitur, vetura e re dukej si nj\u00eb UFO-vetur\u00eb, i ngjante nj\u00eb mahnitjeje UFO-ristike ardhur nga ndonj\u00eb galaktik\u00eb e larg\u00ebt : )<br \/>\nProjektuar nga dizajneri Bruno Sacco, bota s&#8217;kishte par\u00eb kurr\u00eb deri at\u00ebher\u00eb nj\u00eb makin\u00eb si Mercedes-Benz C 111.<\/p>\n<p>Prandaj n\u00eb Shtator 2023, gjat\u00eb autoshow-eventit t\u00eb IAA (Internationale Automobil-Ausstellung), me nj\u00eb eleganc\u00eb t\u00eb holl\u00eb t\u00eb futurizmit u prezantua versioni i ridizajnuar &#8220;Vision One-Eleven&#8221;. Frym\u00ebzuar nga ikona e v. 1970, pamja e re e &#8220;Vision One-Eleven&#8221; e p\u00ebrshfaq nj\u00eb gjuh\u00eb dinamike t\u00eb dizajnit dyzuar me teknologjin\u00eb inovative, kuptohet t\u00ebr\u00ebsisht elektrike.<\/p>\n<p>Me dyert dalluese q\u00eb hapen si flatra, versioni futuristik &#8220;Vision One-Eleven&#8221; duket i nj\u00ebjt\u00eb me versionin paraardh\u00ebs, C 111. Tani vjen si p\u00ebrzierje harmonike e elementeve klasike t\u00eb dizajnit dhe t\u00eb inovacioneve ose risive m\u00eb t\u00eb fundit. Madje dhe vet\u00eb dritat e pasme &#8211; thoshte &#8220;l\u00ebvdata zyrtare&#8221; e Mercedes-Benz : ) kan\u00eb nj\u00eb dizajn t\u00eb p\u00ebrjetsh\u00ebm q\u00eb vazhdon t&#8217;i magjeps entuziast\u00ebt e veturave, duke e ndri\u00e7uar trash\u00ebgimin\u00eb e inovacionit dhe t\u00eb eleganc\u00ebs mobilistike. Dizajni i &#8220;Vision One-Eleven&#8221; i hap dyert p\u00ebr t\u00eb ardhmen e luksit ikonik.<\/p>\n<p><a  href=\"https:\/\/letrat.eu\/wp-content\/uploads\/2023\/12\/1-skyd_mercedes-benz_vision_one-eleven_opt0.jpg\" data-rel=\"lightbox-gallery-0\" data-rl_title=\"\" data-rl_caption=\"\" title=\"\"><img loading=\"lazy\" decoding=\"async\" class=\"alignnone size-full wp-image-13787\" src=\"https:\/\/letrat.eu\/wp-content\/uploads\/2023\/12\/1-skyd_mercedes-benz_vision_one-eleven_opt0.jpg\" alt=\"\" width=\"1600\" height=\"995\" srcset=\"https:\/\/letrat.eu\/wp-content\/uploads\/2023\/12\/1-skyd_mercedes-benz_vision_one-eleven_opt0.jpg 1600w, https:\/\/letrat.eu\/wp-content\/uploads\/2023\/12\/1-skyd_mercedes-benz_vision_one-eleven_opt0-300x187.jpg 300w, https:\/\/letrat.eu\/wp-content\/uploads\/2023\/12\/1-skyd_mercedes-benz_vision_one-eleven_opt0-1024x637.jpg 1024w, https:\/\/letrat.eu\/wp-content\/uploads\/2023\/12\/1-skyd_mercedes-benz_vision_one-eleven_opt0-768x478.jpg 768w, https:\/\/letrat.eu\/wp-content\/uploads\/2023\/12\/1-skyd_mercedes-benz_vision_one-eleven_opt0-1536x955.jpg 1536w\" sizes=\"auto, (max-width: 1600px) 100vw, 1600px\" \/><\/a> <a  href=\"https:\/\/letrat.eu\/wp-content\/uploads\/2023\/12\/2-skyd_mercedes-benz_vision_one-eleven_opt2.jpg\" data-rel=\"lightbox-gallery-0\" data-rl_title=\"\" data-rl_caption=\"\" title=\"\"><img loading=\"lazy\" decoding=\"async\" class=\"alignnone size-full wp-image-13788\" src=\"https:\/\/letrat.eu\/wp-content\/uploads\/2023\/12\/2-skyd_mercedes-benz_vision_one-eleven_opt2.jpg\" alt=\"\" width=\"1600\" height=\"995\" srcset=\"https:\/\/letrat.eu\/wp-content\/uploads\/2023\/12\/2-skyd_mercedes-benz_vision_one-eleven_opt2.jpg 1600w, https:\/\/letrat.eu\/wp-content\/uploads\/2023\/12\/2-skyd_mercedes-benz_vision_one-eleven_opt2-300x187.jpg 300w, https:\/\/letrat.eu\/wp-content\/uploads\/2023\/12\/2-skyd_mercedes-benz_vision_one-eleven_opt2-1024x637.jpg 1024w, https:\/\/letrat.eu\/wp-content\/uploads\/2023\/12\/2-skyd_mercedes-benz_vision_one-eleven_opt2-768x478.jpg 768w, https:\/\/letrat.eu\/wp-content\/uploads\/2023\/12\/2-skyd_mercedes-benz_vision_one-eleven_opt2-1536x955.jpg 1536w\" sizes=\"auto, (max-width: 1600px) 100vw, 1600px\" \/><\/a> <a  href=\"https:\/\/letrat.eu\/wp-content\/uploads\/2023\/12\/3-skyd_mercedes-benz_gorden_wagener_opt3.jpg\" data-rel=\"lightbox-gallery-0\" data-rl_title=\"\" data-rl_caption=\"\" title=\"\"><img loading=\"lazy\" decoding=\"async\" class=\"alignnone size-full wp-image-13789\" src=\"https:\/\/letrat.eu\/wp-content\/uploads\/2023\/12\/3-skyd_mercedes-benz_gorden_wagener_opt3.jpg\" alt=\"\" width=\"1600\" height=\"995\" srcset=\"https:\/\/letrat.eu\/wp-content\/uploads\/2023\/12\/3-skyd_mercedes-benz_gorden_wagener_opt3.jpg 1600w, https:\/\/letrat.eu\/wp-content\/uploads\/2023\/12\/3-skyd_mercedes-benz_gorden_wagener_opt3-300x187.jpg 300w, https:\/\/letrat.eu\/wp-content\/uploads\/2023\/12\/3-skyd_mercedes-benz_gorden_wagener_opt3-1024x637.jpg 1024w, https:\/\/letrat.eu\/wp-content\/uploads\/2023\/12\/3-skyd_mercedes-benz_gorden_wagener_opt3-768x478.jpg 768w, https:\/\/letrat.eu\/wp-content\/uploads\/2023\/12\/3-skyd_mercedes-benz_gorden_wagener_opt3-1536x955.jpg 1536w\" sizes=\"auto, (max-width: 1600px) 100vw, 1600px\" \/><\/a> <a  href=\"https:\/\/letrat.eu\/wp-content\/uploads\/2023\/12\/4-skyd_mercedes-benz_vision_one-eleven_opt4.jpg\" data-rel=\"lightbox-gallery-0\" data-rl_title=\"\" data-rl_caption=\"\" title=\"\"><img loading=\"lazy\" decoding=\"async\" class=\"alignnone size-full wp-image-13790\" src=\"https:\/\/letrat.eu\/wp-content\/uploads\/2023\/12\/4-skyd_mercedes-benz_vision_one-eleven_opt4.jpg\" alt=\"\" width=\"1600\" height=\"995\" srcset=\"https:\/\/letrat.eu\/wp-content\/uploads\/2023\/12\/4-skyd_mercedes-benz_vision_one-eleven_opt4.jpg 1600w, https:\/\/letrat.eu\/wp-content\/uploads\/2023\/12\/4-skyd_mercedes-benz_vision_one-eleven_opt4-300x187.jpg 300w, https:\/\/letrat.eu\/wp-content\/uploads\/2023\/12\/4-skyd_mercedes-benz_vision_one-eleven_opt4-1024x637.jpg 1024w, https:\/\/letrat.eu\/wp-content\/uploads\/2023\/12\/4-skyd_mercedes-benz_vision_one-eleven_opt4-768x478.jpg 768w, https:\/\/letrat.eu\/wp-content\/uploads\/2023\/12\/4-skyd_mercedes-benz_vision_one-eleven_opt4-1536x955.jpg 1536w\" sizes=\"auto, (max-width: 1600px) 100vw, 1600px\" \/><\/a><\/p>\n<p>[ <strong>IAA Mobility &#8211; Spektakli automotiv n\u00eb &#8220;stilin&#8221; gjerman<\/strong> ]<\/p>\n<p>(IAA &#8211; Internationale Automobil-Ausstellung &#8211; Panairi Nd\u00ebrkomb\u00ebtar Automobilistik, Frankfurt, Hanover &#8211; Gjermani)<br \/>\nIAA \u00ebsht\u00eb ngjarje e r\u00ebnd\u00ebsishme p\u00ebr prodhuesit e automjeteve nga e gjith\u00eb bota. \u00cbsht\u00eb panair i madh, thuhet se ky spektak\u00ebl automotiv i t\u00ebrheq nga 750.000 deri 850.000 vizitor\u00eb. Psh. kur mbahet n\u00eb Frankfurt, panairi i okupon deri dhe 12 nd\u00ebrtesa, rreth 200.000 m2, i strehon rreth 1000 ekspozues nga 40 vende t\u00eb bot\u00ebs.<\/p>\n<p>IAA qe themeluar n\u00eb v. 1897, sot \u00ebsht\u00eb nj\u00ebri nga show-spektaklet m\u00eb t\u00eb m\u00ebdha t\u00eb automjeteve n\u00eb bot\u00eb. Organizatori i panairit \u00ebsht\u00eb VDA-ja gjermane (VDA &#8211; Verband der Automobilindustrie &#8211; Shoqata e Industris\u00eb s\u00eb Automobilizmit). Panairi \u00ebsht\u00eb i mir\u00eborganizuar dhe i popullarizuar, vizitor\u00ebt, entuziast\u00ebt e automobilizmit mund t&#8217;i shohin drejtp\u00ebrdrejt\u00eb risit\u00eb m\u00eb t\u00eb fundit, automjetet m\u00eb t\u00eb reja dhe teknologjit\u00eb m\u00eb t\u00eb avancuara t\u00eb industris\u00eb automotive.<\/p>\n<p>Ekspozitat speciale t\u00eb makinave klasike (IAA Heritage, dhe IAA Masterpieces) shfaqin dhe automjete unike, bie fjala veturat e rralla sportive t\u00eb s\u00eb kaluar\u00ebs por dhe shum\u00e7ka tjet\u00ebr, t\u00eb cilat p\u00ebrndryshe vizitor\u00ebt s&#8217;do mund t&#8217;i shihnin ndokund tjet\u00ebr.<\/p>\n<p>Nd\u00ebrsa ekspert\u00ebt, biznismen\u00ebt, profesionist\u00ebt e industris\u00eb e shfryt\u00ebzojn\u00eb si vendtakim oportunistik, psh. marrin pjes\u00eb n\u00eb Konferenc\u00ebn e IAA q\u00eb i kushtohet vizioneve t\u00eb transportit dhe t\u00eb mobilitetit t\u00eb ardhm\u00ebris\u00eb. Konferenca e IAA i t\u00ebrheq bie fjala CEO-t e prodhuesve t\u00eb makinave nga mbar\u00eb bota, sikur dhe vizionar\u00ebt e teknologjive q\u00eb lidhen me gjith\u00e7ka rreth k\u00ebsaj industrie.<\/p>\n<p><a  href=\"https:\/\/letrat.eu\/wp-content\/uploads\/2023\/12\/7-skyd_mercedes-benz_iaa_mobility_opt7.jpg\" data-rel=\"lightbox-gallery-0\" data-rl_title=\"\" data-rl_caption=\"\" title=\"\"><img loading=\"lazy\" decoding=\"async\" class=\"alignnone size-full wp-image-13791\" src=\"https:\/\/letrat.eu\/wp-content\/uploads\/2023\/12\/7-skyd_mercedes-benz_iaa_mobility_opt7.jpg\" alt=\"\" width=\"1600\" height=\"995\" srcset=\"https:\/\/letrat.eu\/wp-content\/uploads\/2023\/12\/7-skyd_mercedes-benz_iaa_mobility_opt7.jpg 1600w, https:\/\/letrat.eu\/wp-content\/uploads\/2023\/12\/7-skyd_mercedes-benz_iaa_mobility_opt7-300x187.jpg 300w, https:\/\/letrat.eu\/wp-content\/uploads\/2023\/12\/7-skyd_mercedes-benz_iaa_mobility_opt7-1024x637.jpg 1024w, https:\/\/letrat.eu\/wp-content\/uploads\/2023\/12\/7-skyd_mercedes-benz_iaa_mobility_opt7-768x478.jpg 768w, https:\/\/letrat.eu\/wp-content\/uploads\/2023\/12\/7-skyd_mercedes-benz_iaa_mobility_opt7-1536x955.jpg 1536w\" sizes=\"auto, (max-width: 1600px) 100vw, 1600px\" \/><\/a><\/p>\n<p>&nbsp;<\/p>\n<p>&nbsp;<\/p>\n","protected":false},"excerpt":{"rendered":"<p>S. Guraziu &#8211; Ars Poetica, Dhjetor 2023 Lajm i mir\u00eb, deri n\u00eb v. 2030 Mercedes-Benz AG 100% elektrik\u00eb &#8211; Gjiganti gjerman Mercedes-Benz AG zotohet se deri n\u00eb v. 2030 do jen\u00eb 100% elektrik\u00eb, me gjith\u00e7ka dhe me secilin proces varg&hellip; <a href=\"https:\/\/letrat.eu\/?p=13784\" class=\"more-link\">Lexo <span class=\"meta-nav\">&rarr;<\/span><\/a><\/p>\n","protected":false},"author":1,"featured_media":0,"comment_status":"closed","ping_status":"closed","sticky":false,"template":"","format":"standard","meta":{"footnotes":""},"categories":[16],"tags":[],"class_list":["post-13784","post","type-post","status-publish","format-standard","hentry","category-multimedia"],"_links":{"self":[{"href":"https:\/\/letrat.eu\/index.php?rest_route=\/wp\/v2\/posts\/13784","targetHints":{"allow":["GET"]}}],"collection":[{"href":"https:\/\/letrat.eu\/index.php?rest_route=\/wp\/v2\/posts"}],"about":[{"href":"https:\/\/letrat.eu\/index.php?rest_route=\/wp\/v2\/types\/post"}],"author":[{"embeddable":true,"href":"https:\/\/letrat.eu\/index.php?rest_route=\/wp\/v2\/users\/1"}],"replies":[{"embeddable":true,"href":"https:\/\/letrat.eu\/index.php?rest_route=%2Fwp%2Fv2%2Fcomments&post=13784"}],"version-history":[{"count":0,"href":"https:\/\/letrat.eu\/index.php?rest_route=\/wp\/v2\/posts\/13784\/revisions"}],"wp:attachment":[{"href":"https:\/\/letrat.eu\/index.php?rest_route=%2Fwp%2Fv2%2Fmedia&parent=13784"}],"wp:term":[{"taxonomy":"category","embeddable":true,"href":"https:\/\/letrat.eu\/index.php?rest_route=%2Fwp%2Fv2%2Fcategories&post=13784"},{"taxonomy":"post_tag","embeddable":true,"href":"https:\/\/letrat.eu\/index.php?rest_route=%2Fwp%2Fv2%2Ftags&post=13784"}],"curies":[{"name":"wp","href":"https:\/\/api.w.org\/{rel}","templated":true}]}}