{"id":13803,"date":"2023-12-20T16:26:51","date_gmt":"2023-12-20T15:26:51","guid":{"rendered":"https:\/\/letrat.eu\/?p=13803"},"modified":"2024-04-08T22:17:22","modified_gmt":"2024-04-08T21:17:22","slug":"vatra-e-shba-per-momentin-ska-legjitimitet-pan-shqiptar-sepse-majtiste","status":"publish","type":"post","link":"https:\/\/letrat.eu\/?p=13803","title":{"rendered":"VoAl (Ch) &#8211; &#8220;Vatra&#8221; e ShBA s&#8217;ka legjitimitet pan-shqiptar!"},"content":{"rendered":"<p><em>(s. guraziu &#8211; ars poetica, dhjetor 23 &#8211; koment)<\/em><\/p>\n<p>Sipas drejtuesve t\u00eb portalit &#8220;VoAl&#8221; (Voice of Albanians &#8211; Z\u00ebri i Shqiptar\u00ebve), z. Sk\u00ebnder dhe znj. Elida Bu\u00e7papaj, Federata Pan-shqiptare &#8220;Vatra&#8221; e ShBA p\u00ebr momentin nuk e ka legjitimitetin e duhur t\u00eb pan-shqiptarizmit sepse \u00ebsht\u00eb &#8220;komunizuar&#8221; (komunist-izuar) nga klientelizmi majtist i Edi Ram\u00ebs, p\u00ebr fat t\u00eb keq &#8220;Vatra&#8221; ka shkitur n\u00eb t\u00eb majten e politik\u00ebs dhe k\u00ebshtusoj nuk i p\u00ebrfaq\u00ebson tutje idealet e atyre q\u00eb e themeluan.<\/p>\n<p>Kuptohet se diaspora shqiptare \u00ebsht\u00eb arterie shum\u00eb e r\u00ebnd\u00ebsishme e kombit, s&#8217;ka si mohohet fakti q\u00eb veprimtaria e diaspor\u00ebs evro-amerikane dhe bashk\u00ebpunimi i nd\u00ebrsjell gjithmon\u00eb i kan\u00eb sh\u00ebrbyer vendlindjes. N\u00eb linj\u00ebn historike t\u00eb aktivitetit t\u00eb diaspor\u00ebs shqiptare, veprimtaria e vatran\u00ebve dhe e diaspor\u00ebs n\u00eb ShBA, prore ka qen\u00eb n\u00eb fokusin e VoAl, se bashk\u00ebpunimi mes VoAl dhe &#8220;Vatra&#8221; kurr\u00eb s&#8217;ka munguar.<\/p>\n<p>&#8220;Vatra&#8221; me gazet\u00ebn e saj &#8220;Dielli&#8221; identifikohej me anti-komunizmin, vatran\u00ebt jan\u00eb dalluar p\u00ebr qendrimet anti-komuniste, pro-demokratike dhe pro-amerikane. P\u00ebr rolin e saj t\u00eb fuqish\u00ebm patriotik, si organizat\u00eb &#8220;Vatra&#8221; ka qen\u00eb hal\u00eb n\u00eb sy p\u00ebr regjimin komunist. Krer\u00ebt e &#8220;Vatr\u00ebs&#8221; nga diktatura komuniste n\u00eb Shqip\u00ebri qen\u00eb burgosur dhe pushkatuar, sikur dhe p\u00ebrndjekur n\u00eb ShBA &#8211; thuhet n\u00eb shkrimin e znj. Bu\u00e7papaj, publikuar si editorial i VoAl.<\/p>\n<p>P\u00ebr fat t\u00eb keq tani &#8220;Vatra&#8221; \u00ebsht\u00eb kthyer n\u00eb nj\u00eb organizim patronazhist\u00ebsh q\u00eb udh\u00ebhiqet nga hija e Edi Ram\u00ebs dhe ingranazheve t\u00eb tij. Prej v. 2017 &#8220;Vatra&#8221; ka shkitur majtas, nuk i p\u00ebrfaq\u00ebson m\u00eb idealet e atyre q\u00eb e themeluan, &#8220;Vatra&#8221; nuk i p\u00ebrfaq\u00ebson m\u00eb idealet e vatran\u00ebve, t\u00eb cil\u00ebt p\u00ebr 111 vjet tashm\u00eb e kan\u00eb ndjekur, brez pas brezi n\u00eb kauzat komb\u00ebtare.<\/p>\n<p>Sipas VoAl (Ch), Partia Socialiste e Shqip\u00ebris\u00eb duhet t\u00eb distancohet nga &#8220;mend\u00ebsia&#8221; e politik\u00ebb\u00ebrjes aktuale, duhet t\u00eb riformohet si nj\u00eb parti &#8220;per\u00ebndimore&#8221;, e majta shqiptare do duhej t\u00eb mb\u00ebshtetet n\u00eb vlerat e meritokracis\u00eb e jo n\u00eb korrupsion, klienteliz\u00ebm, nepotiz\u00ebm, kompromentim dhe n\u00eb shkelje t\u00eb ligjit.<\/p>\n<p><a  href=\"https:\/\/letrat.eu\/wp-content\/uploads\/2023\/12\/arspo_vatra_e_shba_per_momentin_ska_legjitimitet_voal_ch_opt1.jpg\" data-rel=\"lightbox-gallery-0\" data-rl_title=\"\" data-rl_caption=\"\" title=\"\"><img loading=\"lazy\" decoding=\"async\" class=\"alignnone size-full wp-image-13804\" src=\"https:\/\/letrat.eu\/wp-content\/uploads\/2023\/12\/arspo_vatra_e_shba_per_momentin_ska_legjitimitet_voal_ch_opt1.jpg\" alt=\"\" width=\"1280\" height=\"984\" srcset=\"https:\/\/letrat.eu\/wp-content\/uploads\/2023\/12\/arspo_vatra_e_shba_per_momentin_ska_legjitimitet_voal_ch_opt1.jpg 1280w, https:\/\/letrat.eu\/wp-content\/uploads\/2023\/12\/arspo_vatra_e_shba_per_momentin_ska_legjitimitet_voal_ch_opt1-300x231.jpg 300w, https:\/\/letrat.eu\/wp-content\/uploads\/2023\/12\/arspo_vatra_e_shba_per_momentin_ska_legjitimitet_voal_ch_opt1-1024x787.jpg 1024w, https:\/\/letrat.eu\/wp-content\/uploads\/2023\/12\/arspo_vatra_e_shba_per_momentin_ska_legjitimitet_voal_ch_opt1-768x590.jpg 768w\" sizes=\"auto, (max-width: 1280px) 100vw, 1280px\" \/><\/a><\/p>\n<p>&nbsp;<\/p>\n","protected":false},"excerpt":{"rendered":"<p>(s. guraziu &#8211; ars poetica, dhjetor 23 &#8211; koment) Sipas drejtuesve t\u00eb portalit &#8220;VoAl&#8221; (Voice of Albanians &#8211; Z\u00ebri i Shqiptar\u00ebve), z. Sk\u00ebnder dhe znj. Elida Bu\u00e7papaj, Federata Pan-shqiptare &#8220;Vatra&#8221; e ShBA p\u00ebr momentin nuk e ka legjitimitetin e duhur&hellip; <a href=\"https:\/\/letrat.eu\/?p=13803\" class=\"more-link\">Lexo <span class=\"meta-nav\">&rarr;<\/span><\/a><\/p>\n","protected":false},"author":1,"featured_media":0,"comment_status":"closed","ping_status":"closed","sticky":false,"template":"","format":"standard","meta":{"footnotes":""},"categories":[15],"tags":[],"class_list":["post-13803","post","type-post","status-publish","format-standard","hentry","category-shenime-shkurt"],"_links":{"self":[{"href":"https:\/\/letrat.eu\/index.php?rest_route=\/wp\/v2\/posts\/13803","targetHints":{"allow":["GET"]}}],"collection":[{"href":"https:\/\/letrat.eu\/index.php?rest_route=\/wp\/v2\/posts"}],"about":[{"href":"https:\/\/letrat.eu\/index.php?rest_route=\/wp\/v2\/types\/post"}],"author":[{"embeddable":true,"href":"https:\/\/letrat.eu\/index.php?rest_route=\/wp\/v2\/users\/1"}],"replies":[{"embeddable":true,"href":"https:\/\/letrat.eu\/index.php?rest_route=%2Fwp%2Fv2%2Fcomments&post=13803"}],"version-history":[{"count":0,"href":"https:\/\/letrat.eu\/index.php?rest_route=\/wp\/v2\/posts\/13803\/revisions"}],"wp:attachment":[{"href":"https:\/\/letrat.eu\/index.php?rest_route=%2Fwp%2Fv2%2Fmedia&parent=13803"}],"wp:term":[{"taxonomy":"category","embeddable":true,"href":"https:\/\/letrat.eu\/index.php?rest_route=%2Fwp%2Fv2%2Fcategories&post=13803"},{"taxonomy":"post_tag","embeddable":true,"href":"https:\/\/letrat.eu\/index.php?rest_route=%2Fwp%2Fv2%2Ftags&post=13803"}],"curies":[{"name":"wp","href":"https:\/\/api.w.org\/{rel}","templated":true}]}}