{"id":13805,"date":"2023-12-20T16:30:07","date_gmt":"2023-12-20T15:30:07","guid":{"rendered":"https:\/\/letrat.eu\/?p=13805"},"modified":"2024-04-08T22:16:34","modified_gmt":"2024-04-08T21:16:34","slug":"tekno-feudalizmi-dhe-vdekja-e-kapitalizmit-klasik","status":"publish","type":"post","link":"https:\/\/letrat.eu\/?p=13805","title":{"rendered":"Tekno-feudalizmi, dhe vdekja e kapitalizmit &#8220;klasik&#8221;!"},"content":{"rendered":"<p><em>(s. guraziu &#8211; ars poetica, dhjetor 23 &#8211; koment)<\/em><\/p>\n<p>Yanis Varoufakis (ish-ministri grek i ekonomis\u00eb) argumenton se ndodhemi n\u00eb nj\u00eb epok\u00eb t\u00eb re ekonomike, se kapitalizmi si\u00e7 e njohim apo si\u00e7 njihnim ka mbaruar, kapitalizmi \u00ebsht\u00eb z\u00ebvend\u00ebsuar nga nj\u00eb sistem akoma m\u00eb shfryt\u00ebzues.<\/p>\n<p>N\u00eb vend t\u00eb kapitalizmit &#8220;klasik&#8221; tani e kemi tekno-feudalizmin, n\u00eb t\u00eb cilin sistem pronar\u00ebt e m\u00ebdhenj t\u00eb teknologjis\u00eb jan\u00eb b\u00ebr\u00eb zot\u00ebruesit feudal\u00eb t\u00eb bot\u00ebs.<\/p>\n<p>Varoufakis mendon se kapitalizmi si sistem tashm\u00eb \u00ebsht\u00eb i vdekur, vdekjen e kapitalizmit ai e p\u00ebrshkruan n\u00eb librin &#8220;<em>Technofeudalism: What Killed Capitalism<\/em>&#8220;. Sipas tij, nd\u00ebr t\u00eb tjer\u00eb faktor\u00eb si &#8220;vras\u00ebs&#8221; t\u00eb kapitalizmit jan\u00eb gjigant\u00ebt Amazon, Alibaba, dhe kompani t\u00eb ngjashme.<br \/>\nVaroufakis nuk \u00ebsht\u00eb optimist p\u00ebr &#8220;tekno-feudalizmin&#8221; si sistem, ai beson se nuk do t&#8217;p\u00ebrfundoj\u00eb mir\u00eb &#8211; shkruajn\u00eb Marta R. Martinez dhe Tom Goodwin n\u00eb nj\u00eb artikull p\u00ebr &#8220;Euronews&#8221;.<\/p>\n<p>Pra jemi kthyer n\u00eb feudaliz\u00ebm, jo n\u00eb feudalizmin e vjet\u00ebr por tani nj\u00eb form\u00eb e re, n\u00eb &#8220;tekno-feudalizmin&#8221;. Feudalizmi \u00ebsht\u00eb nj\u00eb sistem i karakterizuar nga struktura hierarkike e pron\u00ebsis\u00eb s\u00eb tok\u00ebs, ku zot\u00ebrit u jepnin toka vasal\u00ebve n\u00eb k\u00ebmbim t\u00eb sh\u00ebrbimit ushtarak dhe detyrimeve t\u00eb tjera.<\/p>\n<p>Tani zot\u00ebrit jan\u00eb pronar\u00eb t\u00eb m\u00ebdhenj t\u00eb teknologjis\u00eb, dhe p\u00ebrdoruesit jan\u00eb vasal\u00ebt. Vasal\u00ebt i dor\u00ebzojn\u00eb t\u00eb dh\u00ebnat e tyre (dmth. privat\u00ebsin\u00eb dhe gjith\u00e7ka) n\u00eb k\u00ebmbim t\u00eb sh\u00ebrbimit tekno-feudalistik.<\/p>\n<p><a  href=\"https:\/\/letrat.eu\/wp-content\/uploads\/2023\/12\/arspo_techno-feudalism_1_opt.jpg\" data-rel=\"lightbox-gallery-0\" data-rl_title=\"\" data-rl_caption=\"\" title=\"\"><img loading=\"lazy\" decoding=\"async\" class=\"alignnone size-full wp-image-13806\" src=\"https:\/\/letrat.eu\/wp-content\/uploads\/2023\/12\/arspo_techno-feudalism_1_opt.jpg\" alt=\"\" width=\"1400\" height=\"933\" srcset=\"https:\/\/letrat.eu\/wp-content\/uploads\/2023\/12\/arspo_techno-feudalism_1_opt.jpg 1400w, https:\/\/letrat.eu\/wp-content\/uploads\/2023\/12\/arspo_techno-feudalism_1_opt-300x200.jpg 300w, https:\/\/letrat.eu\/wp-content\/uploads\/2023\/12\/arspo_techno-feudalism_1_opt-1024x682.jpg 1024w, https:\/\/letrat.eu\/wp-content\/uploads\/2023\/12\/arspo_techno-feudalism_1_opt-768x512.jpg 768w\" sizes=\"auto, (max-width: 1400px) 100vw, 1400px\" \/><\/a><\/p>\n","protected":false},"excerpt":{"rendered":"<p>(s. guraziu &#8211; ars poetica, dhjetor 23 &#8211; koment) Yanis Varoufakis (ish-ministri grek i ekonomis\u00eb) argumenton se ndodhemi n\u00eb nj\u00eb epok\u00eb t\u00eb re ekonomike, se kapitalizmi si\u00e7 e njohim apo si\u00e7 njihnim ka mbaruar, kapitalizmi \u00ebsht\u00eb z\u00ebvend\u00ebsuar nga nj\u00eb sistem&hellip; <a href=\"https:\/\/letrat.eu\/?p=13805\" class=\"more-link\">Lexo <span class=\"meta-nav\">&rarr;<\/span><\/a><\/p>\n","protected":false},"author":1,"featured_media":0,"comment_status":"closed","ping_status":"closed","sticky":false,"template":"","format":"standard","meta":{"footnotes":""},"categories":[15],"tags":[],"class_list":["post-13805","post","type-post","status-publish","format-standard","hentry","category-shenime-shkurt"],"_links":{"self":[{"href":"https:\/\/letrat.eu\/index.php?rest_route=\/wp\/v2\/posts\/13805","targetHints":{"allow":["GET"]}}],"collection":[{"href":"https:\/\/letrat.eu\/index.php?rest_route=\/wp\/v2\/posts"}],"about":[{"href":"https:\/\/letrat.eu\/index.php?rest_route=\/wp\/v2\/types\/post"}],"author":[{"embeddable":true,"href":"https:\/\/letrat.eu\/index.php?rest_route=\/wp\/v2\/users\/1"}],"replies":[{"embeddable":true,"href":"https:\/\/letrat.eu\/index.php?rest_route=%2Fwp%2Fv2%2Fcomments&post=13805"}],"version-history":[{"count":0,"href":"https:\/\/letrat.eu\/index.php?rest_route=\/wp\/v2\/posts\/13805\/revisions"}],"wp:attachment":[{"href":"https:\/\/letrat.eu\/index.php?rest_route=%2Fwp%2Fv2%2Fmedia&parent=13805"}],"wp:term":[{"taxonomy":"category","embeddable":true,"href":"https:\/\/letrat.eu\/index.php?rest_route=%2Fwp%2Fv2%2Fcategories&post=13805"},{"taxonomy":"post_tag","embeddable":true,"href":"https:\/\/letrat.eu\/index.php?rest_route=%2Fwp%2Fv2%2Ftags&post=13805"}],"curies":[{"name":"wp","href":"https:\/\/api.w.org\/{rel}","templated":true}]}}