{"id":13815,"date":"2023-12-21T22:26:35","date_gmt":"2023-12-21T21:26:35","guid":{"rendered":"https:\/\/letrat.eu\/?p=13815"},"modified":"2024-04-08T22:14:32","modified_gmt":"2024-04-08T21:14:32","slug":"numri-12-eshte-i-perkryer-ripostim-dhjetor-2023","status":"publish","type":"post","link":"https:\/\/letrat.eu\/?p=13815","title":{"rendered":"Numri 12 \u00ebsht\u00eb i p\u00ebrkryer! (Ripostim, Dhjetor 2023)"},"content":{"rendered":"<p><strong>Numri 12 \u00ebsht\u00eb i p\u00ebrkryer, madje dhe BE-ja e di se \u00ebsht\u00eb i p\u00ebrkryer!<\/strong><br \/>\n<em>S. Guraziu &#8211; Ars Poetica, Dhjetor 2023 (RIPOSTIM, infografik\u00eb + pak indinjat\u00eb)<\/em><\/p>\n<p>Grafikisht \u00ebsht\u00eb m\u00eb shkurt, dhe m\u00eb e leht\u00eb t\u00eb thuhen gj\u00ebrat. S&#8217;\u00ebsht\u00eb se kam dashur si Ptolemeu dikur ndonj\u00eb &#8220;rrethore ptolemaike&#8221;, as Almagest t\u00eb gjeocentrizmit, por thjesht nj\u00eb lloj &#8220;d\u00ebshmie&#8221; t\u00eb rrumbullak\u00ebt se numri 12 \u00ebsht\u00eb i p\u00ebrkryer. Madje dhe BE-ja e di se \u00ebsht\u00eb i p\u00ebrkryer, prandaj flamuri i ka 12 yje : )<\/p>\n<p>Disa tema nuk kap\u00ebrthehen aq leht\u00eb me fjal\u00eb, ose tekefundit duhet tep\u00ebr shum\u00eb fjal\u00eb. Psh. si mund t\u00eb kap\u00ebrthehet me fjal\u00eb armiq\u00ebsia izraelito-palestineze! Un\u00eb \u00e7uditem me mediatik\u00ebt, vall\u00eb si nuk u lodh\u00ebn, do b\u00ebhet 1 shekull, vall\u00eb pse nuk heqin dor\u00eb! N\u00ebse me fjal\u00eb t&#8217;ishte gjith\u00e7ka e mundur at\u00ebher\u00eb do ishte mrekullia vet\u00eb &#8211; psh. Wikipedia do b\u00ebhej &#8220;n\u00ebna e universit&#8221;, o di\u00e7 ngjash\u00ebm.<\/p>\n<p>Me dekada e dekada, pandal\u00eb vet\u00ebm lajme dhe fjal\u00eb t\u00eb dhimbshme, i gjith\u00eb planeti tashm\u00eb i lidhur (di\u00e7 si fshat virtual, mediat e gjith\u00eb bot\u00ebs na i servirin, i shfletojm\u00eb n\u00eb iPhone). Sa e sa vrasjesh, sulmesh, bombardimesh, revanshimesh, sa e sa viktimat, sa e sa f\u00ebmij\u00eb, pleq, n\u00ebna, gra t\u00eb pafajshme, s&#8217;ngeli kush pa iu k\u00ebputur shpirti nga dhimbja e keqardhja, 7-8 miliard\u00eb shpirtra t\u00eb planetit \u00e7uditen.<\/p>\n<p>Dhe prap\u00eb e kot\u00eb&#8230; edhe pas 1 shekulli trazirash t\u00eb rajonit, politikan\u00ebt dhe mediatik\u00ebt ende vazhdojn\u00eb e na servirin fjal\u00eb, fjal\u00eb, fjal\u00eb, fjal\u00eb, dhe vet\u00ebm fjal\u00eb, asgj\u00eb tjet\u00ebr. Koklavitjen dhe &#8220;rubikonin politik&#8221; t\u00eb marr\u00ebzis\u00eb (t\u00eb shkaktuar kryesisht nga Britania e Madhe, nga e kaluara e paturpshme e Evrop\u00ebs dhe e Amerik\u00ebs &#8211; por sidomos nga Britania e Madhe, t\u00eb cil\u00ebt tani thjesht vazhdojn\u00eb e &#8220;heshtin&#8221;), akoma e justifikojn\u00eb me t\u00eb nj\u00ebjt\u00ebn k\u00ebng\u00eb e dekadenc\u00eb gjoja diplomatike.<\/p>\n<p>N\u00eb em\u00ebr t\u00eb paqes dhe t\u00eb qet\u00ebsis\u00eb s\u00eb Nd\u00ebrgjegjes Per\u00ebndimore, &#8220;propozoj&#8221; q\u00eb britanik\u00ebt gjysm\u00ebn e Australis\u00eb (anise ka plot alternativa tjera, psh. gjysm\u00ebn e Kanadas\u00eb), t&#8217;ia falin Izraelit, pse jo, why not! S&#8217;\u00ebsht\u00eb ide e keqe. N\u00ebse ia falin Izraelit, p\u00ebr historin\u00eb do ishte sadopak di\u00e7 si &#8220;korrekt\u00ebsi&#8221; (meq\u00eb u pat\u00ebn premtuar, pas katrahur\u00ebs naziste, tani do ishte opsioni m\u00eb i mir\u00eb, meq\u00eb akti i faljes do &#8220;lidhej&#8221; dhe me premtimin). Mir\u00ebpo, kuptohet, nuk p\u00ebrjashtohet as mund\u00ebsia as opsioni alternativ, b\u00ebn t&#8217;ua falin gjysm\u00ebn e Australis\u00eb dhe palestinez\u00ebve, ose gjysm\u00ebn e Kanadas\u00eb&#8230;<\/p>\n<p>Apo, n\u00ebse megjithat\u00eb u dhimbset gjysma e Australis\u00eb, gjysma e Kanadas\u00eb&#8230; at\u00ebher\u00eb s\u00ebpaku t&#8217;i lusin mediat e bot\u00ebs q\u00eb t&#8217;mos na lodhin me lajmet e tyre, t&#8217;na l\u00ebn\u00eb rehat. N\u00ebp\u00ebrmjet BBC, lutja britanike mund t\u00eb shp\u00ebrndahet n\u00eb gjith\u00eb bot\u00ebn, do fashiteshin 7-8 miliard\u00eb zemra, t\u00eb gjith\u00eb do ndjeheshim mir\u00ebnjoh\u00ebs. Tani n\u00eb dekad\u00ebn e 3-t\u00eb t\u00eb shek. XXI, pas dekadave e dekadave st\u00ebrngjeshur me fjal\u00eb boshe, ende vazhdojn\u00eb na kriposin me fjal\u00ebt e tyre t\u00eb pashtershme.<\/p>\n<p>Mediatik\u00ebt i quajn\u00eb lajme, news, breaking news, kronika, politikan\u00ebt i quajn\u00eb deklarata, fjalime, premtime t\u00eb paqes, d\u00ebshtime diplomatike, seanca t\u00eb OKB, d\u00ebshtime t\u00eb rezolutave&#8230; etj. etj. S&#8217;ka njeriu si ngelet indiferent, por le t&#8217;i kthehemi infografik\u00ebs son\u00eb rrumbullake. P\u00ebr ta th\u00ebn\u00eb me fjal\u00eb \u00e7far\u00eb na &#8220;thot\u00eb&#8221; infografika jon\u00eb ndoshta do mbusheshin 12 v\u00ebllime sa &#8220;Lufta dhe Paqja&#8221; + nja 12 faqe ekstra do duheshin si appendix. Ja pse m\u00eb leht\u00eb grafikisht \u2013 gjithsesi, le t&#8217;i p\u00ebrmendim ca 12-she&#8230;<\/p>\n<p>Viti diellor prej 12 muajsh \u00ebsht\u00eb &#8220;p\u00ebrdorur&#8221; q\u00eb nga v. 2400 pes., Bibla thot\u00eb se &#8220;kurora duhesh 12 yje&#8221;, edhe flamuri i BE-s 12 yje, edhe Apostujt e Jezu Krishtit ishin 12, edhe zodiaku 12 shenja simbolike, edhe Olimpi 12 zota, edhe detyrat e Heraklesit (Herkulesit) 12, edhe fiset e Izraelit 12, sepse Jakobi i kishte 12 djem, madje dhe Ismaili i kishte 12 djem, andaj dhe 12 fise, edhe portat e Jerusalemit 12, edhe Imam\u00ebt (Islami Shiit) 12, edhe 12 dit\u00ebt e Krishtlindjeve\u2026 etj etj., mbase kaq mjafton me &#8220;fjal\u00eb&#8221; p\u00ebr ca 12-she, p\u00ebrndryshe do na mbusheshin 12 romane t\u00eb Tolstojit\u2026<\/p>\n<p><a  href=\"https:\/\/letrat.eu\/wp-content\/uploads\/2022\/11\/skyd_-_12_is_a_perfect_number_infographic.jpg\" data-rel=\"lightbox-gallery-0\" data-rl_title=\"\" data-rl_caption=\"\" title=\"\"><img loading=\"lazy\" decoding=\"async\" class=\"alignnone size-full wp-image-11944\" src=\"https:\/\/letrat.eu\/wp-content\/uploads\/2022\/11\/skyd_-_12_is_a_perfect_number_infographic.jpg\" alt=\"\" width=\"1600\" height=\"1259\" srcset=\"https:\/\/letrat.eu\/wp-content\/uploads\/2022\/11\/skyd_-_12_is_a_perfect_number_infographic.jpg 1600w, https:\/\/letrat.eu\/wp-content\/uploads\/2022\/11\/skyd_-_12_is_a_perfect_number_infographic-300x236.jpg 300w, https:\/\/letrat.eu\/wp-content\/uploads\/2022\/11\/skyd_-_12_is_a_perfect_number_infographic-1024x806.jpg 1024w, https:\/\/letrat.eu\/wp-content\/uploads\/2022\/11\/skyd_-_12_is_a_perfect_number_infographic-768x604.jpg 768w, https:\/\/letrat.eu\/wp-content\/uploads\/2022\/11\/skyd_-_12_is_a_perfect_number_infographic-1536x1209.jpg 1536w\" sizes=\"auto, (max-width: 1600px) 100vw, 1600px\" \/><\/a><\/p>\n<p>&nbsp;<\/p>\n","protected":false},"excerpt":{"rendered":"<p>Numri 12 \u00ebsht\u00eb i p\u00ebrkryer, madje dhe BE-ja e di se \u00ebsht\u00eb i p\u00ebrkryer! S. Guraziu &#8211; Ars Poetica, Dhjetor 2023 (RIPOSTIM, infografik\u00eb + pak indinjat\u00eb) Grafikisht \u00ebsht\u00eb m\u00eb shkurt, dhe m\u00eb e leht\u00eb t\u00eb thuhen gj\u00ebrat. S&#8217;\u00ebsht\u00eb se kam&hellip; <a href=\"https:\/\/letrat.eu\/?p=13815\" class=\"more-link\">Lexo <span class=\"meta-nav\">&rarr;<\/span><\/a><\/p>\n","protected":false},"author":1,"featured_media":0,"comment_status":"closed","ping_status":"closed","sticky":false,"template":"","format":"standard","meta":{"footnotes":""},"categories":[10],"tags":[],"class_list":["post-13815","post","type-post","status-publish","format-standard","hentry","category-komente"],"_links":{"self":[{"href":"https:\/\/letrat.eu\/index.php?rest_route=\/wp\/v2\/posts\/13815","targetHints":{"allow":["GET"]}}],"collection":[{"href":"https:\/\/letrat.eu\/index.php?rest_route=\/wp\/v2\/posts"}],"about":[{"href":"https:\/\/letrat.eu\/index.php?rest_route=\/wp\/v2\/types\/post"}],"author":[{"embeddable":true,"href":"https:\/\/letrat.eu\/index.php?rest_route=\/wp\/v2\/users\/1"}],"replies":[{"embeddable":true,"href":"https:\/\/letrat.eu\/index.php?rest_route=%2Fwp%2Fv2%2Fcomments&post=13815"}],"version-history":[{"count":0,"href":"https:\/\/letrat.eu\/index.php?rest_route=\/wp\/v2\/posts\/13815\/revisions"}],"wp:attachment":[{"href":"https:\/\/letrat.eu\/index.php?rest_route=%2Fwp%2Fv2%2Fmedia&parent=13815"}],"wp:term":[{"taxonomy":"category","embeddable":true,"href":"https:\/\/letrat.eu\/index.php?rest_route=%2Fwp%2Fv2%2Fcategories&post=13815"},{"taxonomy":"post_tag","embeddable":true,"href":"https:\/\/letrat.eu\/index.php?rest_route=%2Fwp%2Fv2%2Ftags&post=13815"}],"curies":[{"name":"wp","href":"https:\/\/api.w.org\/{rel}","templated":true}]}}