{"id":13857,"date":"2024-01-03T21:23:10","date_gmt":"2024-01-03T20:23:10","guid":{"rendered":"https:\/\/letrat.eu\/?p=13857"},"modified":"2024-04-08T22:04:28","modified_gmt":"2024-04-08T21:04:28","slug":"disa-foto-te-humanistes-nene-tereza-me-personalitete-te-ndryshme","status":"publish","type":"post","link":"https:\/\/letrat.eu\/?p=13857","title":{"rendered":"Disa foto t\u00eb humanistes N\u00ebn\u00eb Tereza me personalitete t\u00eb ndryshme"},"content":{"rendered":"<p><em>(S. Guraziu &#8211; Ars Poetica, Janar 2024)<\/em><\/p>\n<p>[ fotoja: Monti Spry &#8211; <strong>Princi Philip me N\u00ebn\u00eb Terez\u00ebn, 26 Prill 1973<\/strong>, Kalkuta, Indi, pasi ajo e merr nj\u00eb \u00e7mim prej 34000 \u00a3 p\u00ebr p\u00ebrparimin e religjionit (\u00a3 &#8211; funta britanike &#8211; rreth 215.000 \u20ac si vler\u00eb e sotme) &#8211; <em>(Burimi: Central Press, via Gettyimages)<\/em> ]<br \/>\n&#8230;Princi Philip (1921-2021), Duka i Edinburgut, bashk\u00ebshorti i mbret\u00ebresh\u00ebs Elizabeth II (1926-2022), ishin di\u00e7 si lumturush\u00ebr mbret\u00ebror, thuhet se martesa e tyre ishte e gjaaaat\u00eb, sikur dhe vet\u00eb Dielli me H\u00ebn\u00ebn ua kishin lakmi, ishte &#8220;bashk\u00ebshort\u00ebsia mbret\u00ebrore m\u00eb e gjat\u00eb&#8221; n\u00eb histori, dmth. asnj\u00eb mbret a mbret\u00ebresh\u00eb q\u00eb e njeh historia s&#8217;e ka g\u00ebzuar privilegjin bashk\u00ebshortor m\u00eb gjat\u00eb se k\u00ebta dy lumturush\u00ebr mbret\u00ebror : )<\/p>\n<p><a  href=\"https:\/\/letrat.eu\/wp-content\/uploads\/2024\/01\/ntereza_01_princi_philip_dhe_nene_tereza_1973.jpg\" data-rel=\"lightbox-gallery-0\" data-rl_title=\"\" data-rl_caption=\"\" title=\"\"><img loading=\"lazy\" decoding=\"async\" class=\"alignnone size-full wp-image-13858\" src=\"https:\/\/letrat.eu\/wp-content\/uploads\/2024\/01\/ntereza_01_princi_philip_dhe_nene_tereza_1973.jpg\" alt=\"\" width=\"1600\" height=\"1098\" srcset=\"https:\/\/letrat.eu\/wp-content\/uploads\/2024\/01\/ntereza_01_princi_philip_dhe_nene_tereza_1973.jpg 1600w, https:\/\/letrat.eu\/wp-content\/uploads\/2024\/01\/ntereza_01_princi_philip_dhe_nene_tereza_1973-300x206.jpg 300w, https:\/\/letrat.eu\/wp-content\/uploads\/2024\/01\/ntereza_01_princi_philip_dhe_nene_tereza_1973-1024x703.jpg 1024w, https:\/\/letrat.eu\/wp-content\/uploads\/2024\/01\/ntereza_01_princi_philip_dhe_nene_tereza_1973-768x527.jpg 768w, https:\/\/letrat.eu\/wp-content\/uploads\/2024\/01\/ntereza_01_princi_philip_dhe_nene_tereza_1973-1536x1054.jpg 1536w\" sizes=\"auto, (max-width: 1600px) 100vw, 1600px\" \/><\/a><\/p>\n<p>&nbsp;<\/p>\n<p>[ fotoja: Maher Attar &#8211; <strong>\u00c7ifti Arafat\u00ebt dhe N\u00ebn\u00eb Tereza, 1990<\/strong> &#8211; Yasser Arafat dhe gruaja e tij, Soha, takohen me N\u00ebn\u00eb Terez\u00ebn gjat\u00eb nj\u00eb vizite t\u00eb tyre n\u00eb Kalkuta, m\u00eb 1 Janar 1990 &#8211; <em>(Burimi: Sygma, via Gettyimages)<\/em> ]<br \/>\n&#8230;Mohammed Abdel Rahman Abdel Raouf Arafat al-Qudwa al-Husseini, ose Yasser Arafat (1929-2004) ishte nj\u00eb udh\u00ebheq\u00ebs politik palestinez, ideologjikisht nj\u00eb nacionalist dhe socialist arab, Arafat do ishte an\u00ebtari themelues i partis\u00eb politike &#8220;Fatah&#8221;, t\u00eb cil\u00ebn ai e drejtoi nga v. 1959 deri 2004. Po ashtu nga v. 1969 &#8211; 2004 Arafat ishte Kryetar i Organizat\u00ebs p\u00ebr \u00c7lirimin e Palestin\u00ebs (O\u00c7P, e njohur me shkurtes\u00ebn anglisht PLO) dhe nga v. 1994 deri 2004 President i Autoritetit Komb\u00ebtar Palestinez (AKP).<\/p>\n<p><a  href=\"https:\/\/letrat.eu\/wp-content\/uploads\/2024\/01\/ntereza_02_cifti_arafatet_dhe_nene_tereza_1990.jpg\" data-rel=\"lightbox-gallery-0\" data-rl_title=\"\" data-rl_caption=\"\" title=\"\"><img loading=\"lazy\" decoding=\"async\" class=\"alignnone size-full wp-image-13859\" src=\"https:\/\/letrat.eu\/wp-content\/uploads\/2024\/01\/ntereza_02_cifti_arafatet_dhe_nene_tereza_1990.jpg\" alt=\"\" width=\"1600\" height=\"1022\" srcset=\"https:\/\/letrat.eu\/wp-content\/uploads\/2024\/01\/ntereza_02_cifti_arafatet_dhe_nene_tereza_1990.jpg 1600w, https:\/\/letrat.eu\/wp-content\/uploads\/2024\/01\/ntereza_02_cifti_arafatet_dhe_nene_tereza_1990-300x192.jpg 300w, https:\/\/letrat.eu\/wp-content\/uploads\/2024\/01\/ntereza_02_cifti_arafatet_dhe_nene_tereza_1990-1024x654.jpg 1024w, https:\/\/letrat.eu\/wp-content\/uploads\/2024\/01\/ntereza_02_cifti_arafatet_dhe_nene_tereza_1990-768x491.jpg 768w, https:\/\/letrat.eu\/wp-content\/uploads\/2024\/01\/ntereza_02_cifti_arafatet_dhe_nene_tereza_1990-1536x981.jpg 1536w\" sizes=\"auto, (max-width: 1600px) 100vw, 1600px\" \/><\/a><\/p>\n<p>&nbsp;<\/p>\n<p>[ fotoja: R. Bhavan &#8211; <strong>N\u00ebn\u00eb Tereza duke biseduar me mbret\u00ebresh\u00ebn Elizabeth II<\/strong>, pasi kjo e fundit ia dhuron &#8220;insignia&#8221; (medaljonin) e Urdhrit t\u00eb Nderit, ose t\u00eb Merit\u00ebs. N\u00eb shenj\u00eb mir\u00ebnjohjeje p\u00ebr humanizmin, p\u00ebr sh\u00ebrbimin e saj t\u00eb jasht\u00ebzakonsh\u00ebm ndaj njer\u00ebzimit, n\u00eb N\u00ebntor 1983 Elizabeth II ia dor\u00ebzoi N\u00ebn\u00eb Terez\u00ebs &#8220;Urdhrin e Merit\u00ebs&#8221;. Fituesja e \u00c7mimit Nobel p\u00ebr Paqe (3-4 vite m\u00eb par\u00eb, n\u00eb v. 1979), N\u00ebn\u00eb Tereza n\u00eb v. 1983 qe b\u00ebr\u00eb fituesja e 5-t\u00eb si qytetare e huaj (jobritanike) e \u00e7mimit prestigjioz &#8220;Urdhri i Merit\u00ebs&#8221; <em>(Burimi: PAImages, via Gettyimages)<\/em> ]<\/p>\n<p><a  href=\"https:\/\/letrat.eu\/wp-content\/uploads\/2024\/01\/ntereza_03_nene_tereza_dhe_elizabeth_ii_1983.jpg\" data-rel=\"lightbox-gallery-0\" data-rl_title=\"\" data-rl_caption=\"\" title=\"\"><img loading=\"lazy\" decoding=\"async\" class=\"alignnone size-full wp-image-13860\" src=\"https:\/\/letrat.eu\/wp-content\/uploads\/2024\/01\/ntereza_03_nene_tereza_dhe_elizabeth_ii_1983.jpg\" alt=\"\" width=\"1600\" height=\"1234\" srcset=\"https:\/\/letrat.eu\/wp-content\/uploads\/2024\/01\/ntereza_03_nene_tereza_dhe_elizabeth_ii_1983.jpg 1600w, https:\/\/letrat.eu\/wp-content\/uploads\/2024\/01\/ntereza_03_nene_tereza_dhe_elizabeth_ii_1983-300x231.jpg 300w, https:\/\/letrat.eu\/wp-content\/uploads\/2024\/01\/ntereza_03_nene_tereza_dhe_elizabeth_ii_1983-1024x790.jpg 1024w, https:\/\/letrat.eu\/wp-content\/uploads\/2024\/01\/ntereza_03_nene_tereza_dhe_elizabeth_ii_1983-768x592.jpg 768w, https:\/\/letrat.eu\/wp-content\/uploads\/2024\/01\/ntereza_03_nene_tereza_dhe_elizabeth_ii_1983-1536x1185.jpg 1536w\" sizes=\"auto, (max-width: 1600px) 100vw, 1600px\" \/><\/a><\/p>\n<p>&nbsp;<\/p>\n<p>[ fotoja: Santosh Basak &#8211; <strong>Gina Lollobrigida dhe N\u00ebn\u00eb Tereza, 24 Shkurt 1990<\/strong>, n\u00eb Kalkuta, Indi (Burimi: Gamma-Rapho, via Gettyimages) ]<br \/>\nfotoja tjeter: Gina Lollobrigida ne vitet 1950 <em>(Burimi: The Associated Press)<\/em> &#8211; Gina Lollobrigida (1927-2023) ishte nj\u00eb aktore e mir\u00ebnjohur italiane, nga italian\u00ebt quhej me nofk\u00ebn e dashur &#8220;Lollo&#8221;, n\u00eb vitet 1950, 1960 nj\u00ebra nga aktreshat e profilit m\u00eb t\u00eb lart\u00eb, Gina Lollobrigida ka nd\u00ebrruar jet\u00eb para 1 viti, n\u00eb Janar 2023<\/p>\n<p><a  href=\"https:\/\/letrat.eu\/wp-content\/uploads\/2024\/01\/ntereza_04_gina_llollobrigida_dhe_nene_tereza_1990.jpg\" data-rel=\"lightbox-gallery-0\" data-rl_title=\"\" data-rl_caption=\"\" title=\"\"><img loading=\"lazy\" decoding=\"async\" class=\"alignnone size-full wp-image-13861\" src=\"https:\/\/letrat.eu\/wp-content\/uploads\/2024\/01\/ntereza_04_gina_llollobrigida_dhe_nene_tereza_1990.jpg\" alt=\"\" width=\"1600\" height=\"1056\" srcset=\"https:\/\/letrat.eu\/wp-content\/uploads\/2024\/01\/ntereza_04_gina_llollobrigida_dhe_nene_tereza_1990.jpg 1600w, https:\/\/letrat.eu\/wp-content\/uploads\/2024\/01\/ntereza_04_gina_llollobrigida_dhe_nene_tereza_1990-300x198.jpg 300w, https:\/\/letrat.eu\/wp-content\/uploads\/2024\/01\/ntereza_04_gina_llollobrigida_dhe_nene_tereza_1990-1024x676.jpg 1024w, https:\/\/letrat.eu\/wp-content\/uploads\/2024\/01\/ntereza_04_gina_llollobrigida_dhe_nene_tereza_1990-768x507.jpg 768w, https:\/\/letrat.eu\/wp-content\/uploads\/2024\/01\/ntereza_04_gina_llollobrigida_dhe_nene_tereza_1990-1536x1014.jpg 1536w\" sizes=\"auto, (max-width: 1600px) 100vw, 1600px\" \/><\/a><\/p>\n<p><a  href=\"https:\/\/letrat.eu\/wp-content\/uploads\/2024\/01\/ntereza_04b_arspo_gina_lollobrigida_photo1_opt.jpg\" data-rel=\"lightbox-gallery-0\" data-rl_title=\"\" data-rl_caption=\"\" title=\"\"><img loading=\"lazy\" decoding=\"async\" class=\"alignnone size-full wp-image-13862\" src=\"https:\/\/letrat.eu\/wp-content\/uploads\/2024\/01\/ntereza_04b_arspo_gina_lollobrigida_photo1_opt.jpg\" alt=\"\" width=\"1600\" height=\"1200\" srcset=\"https:\/\/letrat.eu\/wp-content\/uploads\/2024\/01\/ntereza_04b_arspo_gina_lollobrigida_photo1_opt.jpg 1600w, https:\/\/letrat.eu\/wp-content\/uploads\/2024\/01\/ntereza_04b_arspo_gina_lollobrigida_photo1_opt-300x225.jpg 300w, https:\/\/letrat.eu\/wp-content\/uploads\/2024\/01\/ntereza_04b_arspo_gina_lollobrigida_photo1_opt-1024x768.jpg 1024w, https:\/\/letrat.eu\/wp-content\/uploads\/2024\/01\/ntereza_04b_arspo_gina_lollobrigida_photo1_opt-768x576.jpg 768w, https:\/\/letrat.eu\/wp-content\/uploads\/2024\/01\/ntereza_04b_arspo_gina_lollobrigida_photo1_opt-1536x1152.jpg 1536w\" sizes=\"auto, (max-width: 1600px) 100vw, 1600px\" \/><\/a><\/p>\n<p>&nbsp;<\/p>\n<p>[ fotoja: Santosh Basak &#8211; <strong>Danielle Mitterrand dhe N\u00ebn\u00eb Tereza, Shtator 1988<\/strong>, n\u00eb Kalkuta t\u00eb Indis\u00eb &#8211; Danielle Mitterrand (1924-2011), shkrimtare franceze, ishte gruaja e Presidentit francez, Fran\u00e7ois Mitterrand (President i Republik\u00ebs Franceze nga v. 1981 deri 1995) &#8211; <em>(Burimi: Gamma-Rapho, via Gettyimages)<\/em><\/p>\n<p><a  href=\"https:\/\/letrat.eu\/wp-content\/uploads\/2024\/01\/ntereza_05_danielle_mitterrand_dhe_nene_tereza_1988.jpg\" data-rel=\"lightbox-gallery-0\" data-rl_title=\"\" data-rl_caption=\"\" title=\"\"><img loading=\"lazy\" decoding=\"async\" class=\"alignnone size-full wp-image-13863\" src=\"https:\/\/letrat.eu\/wp-content\/uploads\/2024\/01\/ntereza_05_danielle_mitterrand_dhe_nene_tereza_1988.jpg\" alt=\"\" width=\"1600\" height=\"1047\" srcset=\"https:\/\/letrat.eu\/wp-content\/uploads\/2024\/01\/ntereza_05_danielle_mitterrand_dhe_nene_tereza_1988.jpg 1600w, https:\/\/letrat.eu\/wp-content\/uploads\/2024\/01\/ntereza_05_danielle_mitterrand_dhe_nene_tereza_1988-300x196.jpg 300w, https:\/\/letrat.eu\/wp-content\/uploads\/2024\/01\/ntereza_05_danielle_mitterrand_dhe_nene_tereza_1988-1024x670.jpg 1024w, https:\/\/letrat.eu\/wp-content\/uploads\/2024\/01\/ntereza_05_danielle_mitterrand_dhe_nene_tereza_1988-768x503.jpg 768w, https:\/\/letrat.eu\/wp-content\/uploads\/2024\/01\/ntereza_05_danielle_mitterrand_dhe_nene_tereza_1988-1536x1005.jpg 1536w\" sizes=\"auto, (max-width: 1600px) 100vw, 1600px\" \/><\/a><\/p>\n<p>&nbsp;<\/p>\n<p>[ fotot: Anwar Hussein &#8211; <strong>Princi Charles<\/strong> (at\u00ebbot\u00eb Princ, tani Mbreti Charles III) <strong>e viziton N\u00ebn\u00eb Terez\u00ebn, m\u00eb 5 Dhjetor 1980<\/strong>, gjat\u00eb vizit\u00ebs-q\u00ebndrimit t\u00eb tij n\u00eb Kalkuta t\u00eb Indis\u00eb ]<br \/>\n<em>(Burimi: Gettyimages)<\/em><\/p>\n<p><a  href=\"https:\/\/letrat.eu\/wp-content\/uploads\/2024\/01\/ntereza_06a_princi_charles_dhe_nene_tereza_1980.jpg\" data-rel=\"lightbox-gallery-0\" data-rl_title=\"\" data-rl_caption=\"\" title=\"\"><img loading=\"lazy\" decoding=\"async\" class=\"alignnone size-full wp-image-13864\" src=\"https:\/\/letrat.eu\/wp-content\/uploads\/2024\/01\/ntereza_06a_princi_charles_dhe_nene_tereza_1980.jpg\" alt=\"\" width=\"1110\" height=\"1600\" srcset=\"https:\/\/letrat.eu\/wp-content\/uploads\/2024\/01\/ntereza_06a_princi_charles_dhe_nene_tereza_1980.jpg 1110w, https:\/\/letrat.eu\/wp-content\/uploads\/2024\/01\/ntereza_06a_princi_charles_dhe_nene_tereza_1980-208x300.jpg 208w, https:\/\/letrat.eu\/wp-content\/uploads\/2024\/01\/ntereza_06a_princi_charles_dhe_nene_tereza_1980-710x1024.jpg 710w, https:\/\/letrat.eu\/wp-content\/uploads\/2024\/01\/ntereza_06a_princi_charles_dhe_nene_tereza_1980-768x1107.jpg 768w, https:\/\/letrat.eu\/wp-content\/uploads\/2024\/01\/ntereza_06a_princi_charles_dhe_nene_tereza_1980-1066x1536.jpg 1066w\" sizes=\"auto, (max-width: 1110px) 100vw, 1110px\" \/><\/a><\/p>\n<p><a  href=\"https:\/\/letrat.eu\/wp-content\/uploads\/2024\/01\/ntereza_06b_princi_charles_dhe_nene_tereza_1980.jpg\" data-rel=\"lightbox-gallery-0\" data-rl_title=\"\" data-rl_caption=\"\" title=\"\"><img loading=\"lazy\" decoding=\"async\" class=\"alignnone size-full wp-image-13865\" src=\"https:\/\/letrat.eu\/wp-content\/uploads\/2024\/01\/ntereza_06b_princi_charles_dhe_nene_tereza_1980.jpg\" alt=\"\" width=\"1141\" height=\"1600\" srcset=\"https:\/\/letrat.eu\/wp-content\/uploads\/2024\/01\/ntereza_06b_princi_charles_dhe_nene_tereza_1980.jpg 1141w, https:\/\/letrat.eu\/wp-content\/uploads\/2024\/01\/ntereza_06b_princi_charles_dhe_nene_tereza_1980-214x300.jpg 214w, https:\/\/letrat.eu\/wp-content\/uploads\/2024\/01\/ntereza_06b_princi_charles_dhe_nene_tereza_1980-730x1024.jpg 730w, https:\/\/letrat.eu\/wp-content\/uploads\/2024\/01\/ntereza_06b_princi_charles_dhe_nene_tereza_1980-768x1077.jpg 768w, https:\/\/letrat.eu\/wp-content\/uploads\/2024\/01\/ntereza_06b_princi_charles_dhe_nene_tereza_1980-1095x1536.jpg 1095w\" sizes=\"auto, (max-width: 1141px) 100vw, 1141px\" \/><\/a><\/p>\n<p><a  href=\"https:\/\/letrat.eu\/wp-content\/uploads\/2024\/01\/ntereza_06c_princi_charles_dhe_nene_tereza_1980.jpg\" data-rel=\"lightbox-gallery-0\" data-rl_title=\"\" data-rl_caption=\"\" title=\"\"><img loading=\"lazy\" decoding=\"async\" class=\"alignnone size-full wp-image-13866\" src=\"https:\/\/letrat.eu\/wp-content\/uploads\/2024\/01\/ntereza_06c_princi_charles_dhe_nene_tereza_1980.jpg\" alt=\"\" width=\"1099\" height=\"1600\" srcset=\"https:\/\/letrat.eu\/wp-content\/uploads\/2024\/01\/ntereza_06c_princi_charles_dhe_nene_tereza_1980.jpg 1099w, https:\/\/letrat.eu\/wp-content\/uploads\/2024\/01\/ntereza_06c_princi_charles_dhe_nene_tereza_1980-206x300.jpg 206w, https:\/\/letrat.eu\/wp-content\/uploads\/2024\/01\/ntereza_06c_princi_charles_dhe_nene_tereza_1980-703x1024.jpg 703w, https:\/\/letrat.eu\/wp-content\/uploads\/2024\/01\/ntereza_06c_princi_charles_dhe_nene_tereza_1980-768x1118.jpg 768w, https:\/\/letrat.eu\/wp-content\/uploads\/2024\/01\/ntereza_06c_princi_charles_dhe_nene_tereza_1980-1055x1536.jpg 1055w\" sizes=\"auto, (max-width: 1099px) 100vw, 1099px\" \/><\/a><\/p>\n<p><a  href=\"https:\/\/letrat.eu\/wp-content\/uploads\/2024\/01\/ntereza_06d_princi_charles_dhe_nene_tereza_1980.jpg\" data-rel=\"lightbox-gallery-0\" data-rl_title=\"\" data-rl_caption=\"\" title=\"\"><img loading=\"lazy\" decoding=\"async\" class=\"alignnone size-full wp-image-13867\" src=\"https:\/\/letrat.eu\/wp-content\/uploads\/2024\/01\/ntereza_06d_princi_charles_dhe_nene_tereza_1980.jpg\" alt=\"\" width=\"1000\" height=\"1441\" srcset=\"https:\/\/letrat.eu\/wp-content\/uploads\/2024\/01\/ntereza_06d_princi_charles_dhe_nene_tereza_1980.jpg 1000w, https:\/\/letrat.eu\/wp-content\/uploads\/2024\/01\/ntereza_06d_princi_charles_dhe_nene_tereza_1980-208x300.jpg 208w, https:\/\/letrat.eu\/wp-content\/uploads\/2024\/01\/ntereza_06d_princi_charles_dhe_nene_tereza_1980-711x1024.jpg 711w, https:\/\/letrat.eu\/wp-content\/uploads\/2024\/01\/ntereza_06d_princi_charles_dhe_nene_tereza_1980-768x1107.jpg 768w\" sizes=\"auto, (max-width: 1000px) 100vw, 1000px\" \/><\/a><\/p>\n<p>&nbsp;<\/p>\n<p>&nbsp;<\/p>\n","protected":false},"excerpt":{"rendered":"<p>(S. Guraziu &#8211; Ars Poetica, Janar 2024) [ fotoja: Monti Spry &#8211; Princi Philip me N\u00ebn\u00eb Terez\u00ebn, 26 Prill 1973, Kalkuta, Indi, pasi ajo e merr nj\u00eb \u00e7mim prej 34000 \u00a3 p\u00ebr p\u00ebrparimin e religjionit (\u00a3 &#8211; funta britanike &#8211;&hellip; <a href=\"https:\/\/letrat.eu\/?p=13857\" class=\"more-link\">Lexo <span class=\"meta-nav\">&rarr;<\/span><\/a><\/p>\n","protected":false},"author":1,"featured_media":0,"comment_status":"closed","ping_status":"closed","sticky":false,"template":"","format":"standard","meta":{"footnotes":""},"categories":[16],"tags":[],"class_list":["post-13857","post","type-post","status-publish","format-standard","hentry","category-multimedia"],"_links":{"self":[{"href":"https:\/\/letrat.eu\/index.php?rest_route=\/wp\/v2\/posts\/13857","targetHints":{"allow":["GET"]}}],"collection":[{"href":"https:\/\/letrat.eu\/index.php?rest_route=\/wp\/v2\/posts"}],"about":[{"href":"https:\/\/letrat.eu\/index.php?rest_route=\/wp\/v2\/types\/post"}],"author":[{"embeddable":true,"href":"https:\/\/letrat.eu\/index.php?rest_route=\/wp\/v2\/users\/1"}],"replies":[{"embeddable":true,"href":"https:\/\/letrat.eu\/index.php?rest_route=%2Fwp%2Fv2%2Fcomments&post=13857"}],"version-history":[{"count":0,"href":"https:\/\/letrat.eu\/index.php?rest_route=\/wp\/v2\/posts\/13857\/revisions"}],"wp:attachment":[{"href":"https:\/\/letrat.eu\/index.php?rest_route=%2Fwp%2Fv2%2Fmedia&parent=13857"}],"wp:term":[{"taxonomy":"category","embeddable":true,"href":"https:\/\/letrat.eu\/index.php?rest_route=%2Fwp%2Fv2%2Fcategories&post=13857"},{"taxonomy":"post_tag","embeddable":true,"href":"https:\/\/letrat.eu\/index.php?rest_route=%2Fwp%2Fv2%2Ftags&post=13857"}],"curies":[{"name":"wp","href":"https:\/\/api.w.org\/{rel}","templated":true}]}}