{"id":13905,"date":"2024-01-20T05:29:35","date_gmt":"2024-01-20T04:29:35","guid":{"rendered":"https:\/\/letrat.eu\/?p=13905"},"modified":"2025-09-12T01:00:58","modified_gmt":"2025-09-12T00:00:58","slug":"mos-e-vet-se-tkallxon-vete-koment","status":"publish","type":"post","link":"https:\/\/letrat.eu\/?p=13905","title":{"rendered":"Mos e vet se t&#8217;kallxon vet\u00eb (Koment)"},"content":{"rendered":"<p>[ koment n\u00eb Fb &#8211; Senad Guraziu &#8211; January 19 at 11:49 AM ]<\/p>\n<p>&#8230;n\u00ebse Agolli t&#8217;ket\u00eb th\u00ebn\u00eb k\u00ebshtu (!) at\u00ebher\u00eb kam frik\u00eb shpaloset pik\u00ebrisht mend\u00ebsia e tij &#8220;staliniste&#8221; e liris\u00eb, patjet\u00ebr do e ket\u00eb &#8220;kopjuar&#8221; konceptin nga Stalini, ky e pati th\u00ebn\u00eb pakashum\u00eb t\u00eb nj\u00ebjt\u00ebn p\u00ebr idet\u00eb (idet\u00eb jan\u00eb arm\u00eb, dhe s&#8217;duhet lejuar q\u00eb populli t&#8217;i posedoj\u00eb : )<\/p>\n<p>&#8230;sipas nj\u00eb raporti t\u00eb sapo-publikuar vet\u00ebm Irani na pask\u00ebsh m\u00eb shum\u00eb gazetar\u00eb t\u00eb burgosur (62) sesa Kina, p\u00ebrndryshe me 43 t\u00eb Kin\u00ebs dhe me 40 t\u00eb Turqis\u00eb, del se tashm\u00eb Rusia me 19 na qenk\u00ebsh &#8220;lule&#8221;, pothuaj di\u00e7 si lulishte e gazetaris\u00eb&#8230;<\/p>\n<p>&#8230;andaj (pa ofendime) Agoll-xhaxhi-kuqit (komradit t\u00eb Xhaxhi-Hoxho-kuqit) do i thosha: populli i Kosov\u00ebs e ka nj\u00eb th\u00ebnie t\u00eb urt\u00eb &#8220;mos e vet se t&#8217;kallxon vet\u00eb&#8221;, sikur dhe ajo tjetra &#8220;e di luga \u00e7far\u00eb ka vegshi&#8221;, Drit\u00ebroi vet\u00eb paska kallxuar : )<\/p>\n<p>(po e ngjes nj\u00eb th\u00ebnie t\u00eb Camus, e ngopur me neutralitet th\u00ebnia e tij, nuk \u00ebsht\u00eb th\u00ebnie e &#8220;indoktrinuar a la staliniste&#8221; : )<\/p>\n<p>&#8220;Shtypi i lir\u00eb, natyrisht mund t&#8217;jet\u00eb i mir\u00eb e edhe i keq, por \u00e7\u2019\u00ebsht\u00eb e sigurt, pa qen\u00eb i lir\u00eb nuk do t\u2019ishte asgj\u00eb tjet\u00ebr pos shtyp i keq. Liria s\u2019\u00ebsht\u00eb gj\u00eb tjet\u00ebr ve\u00e7se shans p\u00ebr t\u00eb qen\u00eb m\u00eb mir\u00eb, sikur q\u00eb skllav\u00ebria \u00ebsht\u00eb v\u00ebrtet\u00ebsi e s\u00eb keqes.&#8221; &#8211; Albert Camus (1913-1960)<\/p>\n<p>&#8211; &#8211; &#8211; <em>(komentuar rreth postimit)<\/em> &#8211; &#8211; &#8211;<br \/>\nShuquri S-Sejdijaj &#8211; January 7 at 10:19 PM<\/p>\n<p>Me nj\u00eb rast Drit\u00ebro Agollit ju b\u00eb pyetja:<br \/>\n-A duhet t\u00eb jet\u00eb shtypi i lir\u00eb?<br \/>\n-P\u00ebrderisa shtypi \u00ebsht\u00eb arm\u00eb, si \u00e7do arm\u00eb, duhet t\u00eb p\u00ebrdoret me leje, qe p\u00ebrgjigjur Agolli.<br \/>\n<em>(Arshin Xhezo, gazetar)<\/em><\/p>\n<p><a  href=\"https:\/\/letrat.eu\/wp-content\/uploads\/2024\/01\/gettyimages-493375210_opt.jpg\" data-rel=\"lightbox-gallery-0\" data-rl_title=\"\" data-rl_caption=\"\" title=\"\"><img loading=\"lazy\" decoding=\"async\" class=\"alignnone size-full wp-image-13906\" src=\"https:\/\/letrat.eu\/wp-content\/uploads\/2024\/01\/gettyimages-493375210_opt.jpg\" alt=\"\" width=\"1280\" height=\"846\" srcset=\"https:\/\/letrat.eu\/wp-content\/uploads\/2024\/01\/gettyimages-493375210_opt.jpg 1280w, https:\/\/letrat.eu\/wp-content\/uploads\/2024\/01\/gettyimages-493375210_opt-300x198.jpg 300w, https:\/\/letrat.eu\/wp-content\/uploads\/2024\/01\/gettyimages-493375210_opt-1024x677.jpg 1024w, https:\/\/letrat.eu\/wp-content\/uploads\/2024\/01\/gettyimages-493375210_opt-768x508.jpg 768w\" sizes=\"auto, (max-width: 1280px) 100vw, 1280px\" \/><\/a><\/p>\n<p>&nbsp;<\/p>\n","protected":false},"excerpt":{"rendered":"<p>[ koment n\u00eb Fb &#8211; Senad Guraziu &#8211; January 19 at 11:49 AM ] &#8230;n\u00ebse Agolli t&#8217;ket\u00eb th\u00ebn\u00eb k\u00ebshtu (!) at\u00ebher\u00eb kam frik\u00eb shpaloset pik\u00ebrisht mend\u00ebsia e tij &#8220;staliniste&#8221; e liris\u00eb, patjet\u00ebr do e ket\u00eb &#8220;kopjuar&#8221; konceptin nga Stalini, ky&hellip; <a href=\"https:\/\/letrat.eu\/?p=13905\" class=\"more-link\">Lexo <span class=\"meta-nav\">&rarr;<\/span><\/a><\/p>\n","protected":false},"author":1,"featured_media":0,"comment_status":"closed","ping_status":"closed","sticky":false,"template":"","format":"standard","meta":{"footnotes":""},"categories":[15],"tags":[],"class_list":["post-13905","post","type-post","status-publish","format-standard","hentry","category-shenime-shkurt"],"_links":{"self":[{"href":"https:\/\/letrat.eu\/index.php?rest_route=\/wp\/v2\/posts\/13905","targetHints":{"allow":["GET"]}}],"collection":[{"href":"https:\/\/letrat.eu\/index.php?rest_route=\/wp\/v2\/posts"}],"about":[{"href":"https:\/\/letrat.eu\/index.php?rest_route=\/wp\/v2\/types\/post"}],"author":[{"embeddable":true,"href":"https:\/\/letrat.eu\/index.php?rest_route=\/wp\/v2\/users\/1"}],"replies":[{"embeddable":true,"href":"https:\/\/letrat.eu\/index.php?rest_route=%2Fwp%2Fv2%2Fcomments&post=13905"}],"version-history":[{"count":0,"href":"https:\/\/letrat.eu\/index.php?rest_route=\/wp\/v2\/posts\/13905\/revisions"}],"wp:attachment":[{"href":"https:\/\/letrat.eu\/index.php?rest_route=%2Fwp%2Fv2%2Fmedia&parent=13905"}],"wp:term":[{"taxonomy":"category","embeddable":true,"href":"https:\/\/letrat.eu\/index.php?rest_route=%2Fwp%2Fv2%2Fcategories&post=13905"},{"taxonomy":"post_tag","embeddable":true,"href":"https:\/\/letrat.eu\/index.php?rest_route=%2Fwp%2Fv2%2Ftags&post=13905"}],"curies":[{"name":"wp","href":"https:\/\/api.w.org\/{rel}","templated":true}]}}