{"id":13910,"date":"2024-01-20T05:45:37","date_gmt":"2024-01-20T04:45:37","guid":{"rendered":"https:\/\/letrat.eu\/?p=13910"},"modified":"2024-04-29T21:24:29","modified_gmt":"2024-04-29T20:24:29","slug":"albanians-the-young-oldest-europeans-2024","status":"publish","type":"post","link":"https:\/\/letrat.eu\/?p=13910","title":{"rendered":"&#8220;Albanians, the Young-Oldest Europeans&#8221;, 2024"},"content":{"rendered":"<p><em>(s. guraziu \u2013 ars poetica, j 2024 &#8211; koment ngapak\u00ebz shaka-logjik rreth grafik\u00ebs, anise mund t\u00eb merret dhe seriozisht : )<\/em><\/p>\n<p>&#8230;ri-editim i nj\u00eb fotoje t\u00eb Getty nga un\u00eb (stock photo), duke i p\u00ebrshfaqur shqiptar\u00ebt si evropian\u00ebt m\u00eb t\u00eb rinj t\u00eb EU, dhe nj\u00ebkoh\u00ebsisht duke qen\u00eb evropian\u00ebt m\u00eb t\u00eb vjet\u00ebr t\u00eb kontinentit evropian, \u00e7far\u00eb ata realisht dhe jan\u00eb &#8211; n\u00eb grafik\u00ebn flitet p\u00ebr ngjyrat (si koncept psikologjik), p\u00ebr patriotizmin, p\u00ebr shqiptarizmin, p\u00ebr kosovarizmin (si entitet politik), si aspirat\u00eb e re drejt EU, si shtetformim ende i &#8220;panjohur&#8221; mir\u00ebfilli nga t\u00eb gjith\u00eb EU-ropean\u00ebt, pa\u00e7ka se Dardan\u00ebt ishin &#8220;evropian\u00eb&#8221; po aq sa dhe fiset germanike (t\u00eb Germania, dmth. si pararend\u00ebse e k\u00ebsaj Gjermanis\u00eb moderne, e cila s\u00eb bashku me Franc\u00ebn \u00ebsht\u00eb&#8230; apo jan\u00eb di\u00e7 si &#8220;lokomotiv\u00eb dinamike&#8221; e EU), Dardan\u00ebt ishin &#8220;evropian\u00eb&#8221; po aq sa dhe fiset e Galis\u00eb (para-Cesariane, dhe t\u00eb Galis\u00eb pas-Cesariane po ashtu  &#8211; dmth. t\u00eb Franc\u00ebs s\u00eb sotme : ) dhe kuptohet, kosovar\u00ebt tani (jo se nuk e duan t\u00eb &#8220;kuqen&#8221;, por) diplomatikisht duke i &#8220;zgjedhur&#8221; ngjyrat e EU p\u00ebr flamujt e p\u00ebr stemat, duke i zgjedhur yjet (nj\u00ebsoj si flamuri i EU), dhe rishtas s&#8217;\u00ebsht\u00eb se kosovar\u00ebt shtiren EU-ropean\u00eb, u muar vesh ata ve\u00e7 jan\u00eb EU-ropean\u00eb : ) <\/p>\n<p>&#8230;n\u00eb grafik\u00ebn madje mund t\u00eb &#8220;shihet&#8221; fakti i gatsh\u00ebm se dhe vet\u00eb shqiptar\u00ebt jan\u00eb prore n\u00eb gar\u00eb mes vete, fare e natyrshme&#8230; as sforcim as falsitet, t\u00eb gjith\u00eb v\u00ebllez\u00ebrit garojn\u00eb mes vete, sepse garat thjesht jan\u00eb t\u00eb sh\u00ebndetshme, si n\u00eb rrafshin ekonomik por aq dhe n\u00eb at\u00eb &#8220;politik&#8221;, v\u00ebllez\u00ebrit ashtu p\u00ebrparojn\u00eb, jo me smir\u00eb, me hile, me inat e me nd\u00ebrskamca politike, por me admirim, me ambicje, me impenjim dhe p\u00ebrkushtim&#8230; (bie fjala p\u00ebr t\u00eb arritur \u00e7far\u00eb ka arritur v\u00ebllai i madh etj etj), dhe dmth. e qart\u00eb&#8230; k\u00ebsaj radhe rishtas shqiptar\u00ebt kampion\u00eb : )<\/p>\n<p>Sky Division &#8211; &#8220;<strong>Albanians, the Young-Oldest Europeans<\/strong>&#8220;, 2024<\/p>\n<p>Albanian spirit goes beyond the basic colors, that&#8217;s why they always win, one or the other : )<br \/>\nColors are a form of non verbal communication that can speak volumes in a fraction of a second. They can instantly set a mood, convey an emotion, invoke a physiological reaction or inspire people to take action.<\/p>\n<p><a  href=\"https:\/\/letrat.eu\/wp-content\/uploads\/2024\/01\/skyd_albanians_the_young-oldest_europeans_opt1.jpg\" data-rel=\"lightbox-gallery-0\" data-rl_title=\"\" data-rl_caption=\"\" title=\"\"><img loading=\"lazy\" decoding=\"async\" class=\"alignnone size-full wp-image-13911\" src=\"https:\/\/letrat.eu\/wp-content\/uploads\/2024\/01\/skyd_albanians_the_young-oldest_europeans_opt1.jpg\" alt=\"\" width=\"1600\" height=\"1066\" srcset=\"https:\/\/letrat.eu\/wp-content\/uploads\/2024\/01\/skyd_albanians_the_young-oldest_europeans_opt1.jpg 1600w, https:\/\/letrat.eu\/wp-content\/uploads\/2024\/01\/skyd_albanians_the_young-oldest_europeans_opt1-300x200.jpg 300w, https:\/\/letrat.eu\/wp-content\/uploads\/2024\/01\/skyd_albanians_the_young-oldest_europeans_opt1-1024x682.jpg 1024w, https:\/\/letrat.eu\/wp-content\/uploads\/2024\/01\/skyd_albanians_the_young-oldest_europeans_opt1-768x512.jpg 768w, https:\/\/letrat.eu\/wp-content\/uploads\/2024\/01\/skyd_albanians_the_young-oldest_europeans_opt1-1536x1023.jpg 1536w\" sizes=\"auto, (max-width: 1600px) 100vw, 1600px\" \/><\/a><\/p>\n","protected":false},"excerpt":{"rendered":"<p>(s. guraziu \u2013 ars poetica, j 2024 &#8211; koment ngapak\u00ebz shaka-logjik rreth grafik\u00ebs, anise mund t\u00eb merret dhe seriozisht : ) &#8230;ri-editim i nj\u00eb fotoje t\u00eb Getty nga un\u00eb (stock photo), duke i p\u00ebrshfaqur shqiptar\u00ebt si evropian\u00ebt m\u00eb t\u00eb rinj&hellip; <a href=\"https:\/\/letrat.eu\/?p=13910\" class=\"more-link\">Lexo <span class=\"meta-nav\">&rarr;<\/span><\/a><\/p>\n","protected":false},"author":1,"featured_media":0,"comment_status":"closed","ping_status":"closed","sticky":false,"template":"","format":"standard","meta":{"footnotes":""},"categories":[24],"tags":[],"class_list":["post-13910","post","type-post","status-publish","format-standard","hentry","category-skyd"],"_links":{"self":[{"href":"https:\/\/letrat.eu\/index.php?rest_route=\/wp\/v2\/posts\/13910","targetHints":{"allow":["GET"]}}],"collection":[{"href":"https:\/\/letrat.eu\/index.php?rest_route=\/wp\/v2\/posts"}],"about":[{"href":"https:\/\/letrat.eu\/index.php?rest_route=\/wp\/v2\/types\/post"}],"author":[{"embeddable":true,"href":"https:\/\/letrat.eu\/index.php?rest_route=\/wp\/v2\/users\/1"}],"replies":[{"embeddable":true,"href":"https:\/\/letrat.eu\/index.php?rest_route=%2Fwp%2Fv2%2Fcomments&post=13910"}],"version-history":[{"count":0,"href":"https:\/\/letrat.eu\/index.php?rest_route=\/wp\/v2\/posts\/13910\/revisions"}],"wp:attachment":[{"href":"https:\/\/letrat.eu\/index.php?rest_route=%2Fwp%2Fv2%2Fmedia&parent=13910"}],"wp:term":[{"taxonomy":"category","embeddable":true,"href":"https:\/\/letrat.eu\/index.php?rest_route=%2Fwp%2Fv2%2Fcategories&post=13910"},{"taxonomy":"post_tag","embeddable":true,"href":"https:\/\/letrat.eu\/index.php?rest_route=%2Fwp%2Fv2%2Ftags&post=13910"}],"curies":[{"name":"wp","href":"https:\/\/api.w.org\/{rel}","templated":true}]}}