{"id":13912,"date":"2024-01-20T05:52:58","date_gmt":"2024-01-20T04:52:58","guid":{"rendered":"https:\/\/letrat.eu\/?p=13912"},"modified":"2024-04-08T21:42:08","modified_gmt":"2024-04-08T20:42:08","slug":"me-pelqeu-ngrohtesia-e-ngjyrave","status":"publish","type":"post","link":"https:\/\/letrat.eu\/?p=13912","title":{"rendered":"M\u00eb p\u00eblqeu ngroht\u00ebsia e ngjyrave&#8230;"},"content":{"rendered":"<p>[ m\u00eb p\u00eblqeu ngroht\u00ebsia e ngjyrave&#8230; ]<br \/>\n&#8230;s&#8217;di \u00e7far\u00eb n\u00ebnkuptohet me k\u00ebt\u00eb konceptin, s&#8217;di \u00e7far\u00eb ka dashur t\u00eb thoshte autori, ndoshta dhe fshihet ndonj\u00eb ide &#8220;mbrapa&#8221; konceptit, shihen ca sfera si &#8220;flluska&#8221; t\u00eb m\u00ebdha transparente, t\u00eb qart\u00eb e kam se \u00e7&#8217;shoh&#8230; sidoqoft\u00eb, m\u00eb p\u00eblqeu ngroht\u00ebsia e ngjyrave dhe e nuancave&#8230;<\/p>\n<p><a  href=\"https:\/\/letrat.eu\/wp-content\/uploads\/2024\/01\/arspo_multimed_getty_concepts_opt2_720p.jpg\" data-rel=\"lightbox-gallery-0\" data-rl_title=\"\" data-rl_caption=\"\" title=\"\"><img loading=\"lazy\" decoding=\"async\" class=\"alignnone size-full wp-image-13913\" src=\"https:\/\/letrat.eu\/wp-content\/uploads\/2024\/01\/arspo_multimed_getty_concepts_opt2_720p.jpg\" alt=\"\" width=\"1280\" height=\"926\" srcset=\"https:\/\/letrat.eu\/wp-content\/uploads\/2024\/01\/arspo_multimed_getty_concepts_opt2_720p.jpg 1280w, https:\/\/letrat.eu\/wp-content\/uploads\/2024\/01\/arspo_multimed_getty_concepts_opt2_720p-300x217.jpg 300w, https:\/\/letrat.eu\/wp-content\/uploads\/2024\/01\/arspo_multimed_getty_concepts_opt2_720p-1024x741.jpg 1024w, https:\/\/letrat.eu\/wp-content\/uploads\/2024\/01\/arspo_multimed_getty_concepts_opt2_720p-768x556.jpg 768w\" sizes=\"auto, (max-width: 1280px) 100vw, 1280px\" \/><\/a><\/p>\n<p>&nbsp;<\/p>\n","protected":false},"excerpt":{"rendered":"<p>[ m\u00eb p\u00eblqeu ngroht\u00ebsia e ngjyrave&#8230; ] &#8230;s&#8217;di \u00e7far\u00eb n\u00ebnkuptohet me k\u00ebt\u00eb konceptin, s&#8217;di \u00e7far\u00eb ka dashur t\u00eb thoshte autori, ndoshta dhe fshihet ndonj\u00eb ide &#8220;mbrapa&#8221; konceptit, shihen ca sfera si &#8220;flluska&#8221; t\u00eb m\u00ebdha transparente, t\u00eb qart\u00eb e kam se&hellip; <a href=\"https:\/\/letrat.eu\/?p=13912\" class=\"more-link\">Lexo <span class=\"meta-nav\">&rarr;<\/span><\/a><\/p>\n","protected":false},"author":1,"featured_media":0,"comment_status":"closed","ping_status":"closed","sticky":false,"template":"","format":"standard","meta":{"footnotes":""},"categories":[16],"tags":[],"class_list":["post-13912","post","type-post","status-publish","format-standard","hentry","category-multimedia"],"_links":{"self":[{"href":"https:\/\/letrat.eu\/index.php?rest_route=\/wp\/v2\/posts\/13912","targetHints":{"allow":["GET"]}}],"collection":[{"href":"https:\/\/letrat.eu\/index.php?rest_route=\/wp\/v2\/posts"}],"about":[{"href":"https:\/\/letrat.eu\/index.php?rest_route=\/wp\/v2\/types\/post"}],"author":[{"embeddable":true,"href":"https:\/\/letrat.eu\/index.php?rest_route=\/wp\/v2\/users\/1"}],"replies":[{"embeddable":true,"href":"https:\/\/letrat.eu\/index.php?rest_route=%2Fwp%2Fv2%2Fcomments&post=13912"}],"version-history":[{"count":0,"href":"https:\/\/letrat.eu\/index.php?rest_route=\/wp\/v2\/posts\/13912\/revisions"}],"wp:attachment":[{"href":"https:\/\/letrat.eu\/index.php?rest_route=%2Fwp%2Fv2%2Fmedia&parent=13912"}],"wp:term":[{"taxonomy":"category","embeddable":true,"href":"https:\/\/letrat.eu\/index.php?rest_route=%2Fwp%2Fv2%2Fcategories&post=13912"},{"taxonomy":"post_tag","embeddable":true,"href":"https:\/\/letrat.eu\/index.php?rest_route=%2Fwp%2Fv2%2Ftags&post=13912"}],"curies":[{"name":"wp","href":"https:\/\/api.w.org\/{rel}","templated":true}]}}