{"id":13918,"date":"2024-01-20T06:14:12","date_gmt":"2024-01-20T05:14:12","guid":{"rendered":"https:\/\/letrat.eu\/?p=13918"},"modified":"2024-04-08T21:40:10","modified_gmt":"2024-04-08T20:40:10","slug":"kosova-1999-retrospektive-fotografike","status":"publish","type":"post","link":"https:\/\/letrat.eu\/?p=13918","title":{"rendered":"&#8220;Kosova 1999&#8221; ( Retrospektiv\u00eb Fotografike )"},"content":{"rendered":"<p><span class=\"x193iq5w xeuugli x13faqbe x1vvkbs x1xmvt09 x1lliihq x1s928wv xhkezso x1gmr53x x1cpjm7i x1fgarty x1943h6x xudqn12 x3x7a5m x6prxxf xvq8zen xo1l8bm xzsf02u x1yc453h\" dir=\"auto\">&#8220;Kosova 1999&#8221; ( Retrospektiv\u00eb Fotografike &#8211; represioni &#8211; rezistenca &#8211; eksodi &#8211; \u00e7lirimi &#8211; m\u00ebk\u00ebmbja ) <\/span><\/p>\n<p><a  href=\"https:\/\/letrat.eu\/wp-content\/uploads\/2024\/01\/0-arspo_kosova_1999_fotogaleri1_opt.jpg\" data-rel=\"lightbox-gallery-0\" data-rl_title=\"\" data-rl_caption=\"\" title=\"\"><img loading=\"lazy\" decoding=\"async\" class=\"alignnone size-full wp-image-13919\" src=\"https:\/\/letrat.eu\/wp-content\/uploads\/2024\/01\/0-arspo_kosova_1999_fotogaleri1_opt.jpg\" alt=\"\" width=\"1600\" height=\"1122\" srcset=\"https:\/\/letrat.eu\/wp-content\/uploads\/2024\/01\/0-arspo_kosova_1999_fotogaleri1_opt.jpg 1600w, https:\/\/letrat.eu\/wp-content\/uploads\/2024\/01\/0-arspo_kosova_1999_fotogaleri1_opt-300x210.jpg 300w, https:\/\/letrat.eu\/wp-content\/uploads\/2024\/01\/0-arspo_kosova_1999_fotogaleri1_opt-1024x718.jpg 1024w, https:\/\/letrat.eu\/wp-content\/uploads\/2024\/01\/0-arspo_kosova_1999_fotogaleri1_opt-768x539.jpg 768w, https:\/\/letrat.eu\/wp-content\/uploads\/2024\/01\/0-arspo_kosova_1999_fotogaleri1_opt-1536x1077.jpg 1536w\" sizes=\"auto, (max-width: 1600px) 100vw, 1600px\" \/><\/a><\/p>\n<p>&nbsp;<\/p>\n<p>[ <em>k\u00ebtu t\u00eb postohet fotogaleria\u00a0 &#8211; vijon<\/em> ]<\/p>\n<p>&nbsp;<\/p>\n","protected":false},"excerpt":{"rendered":"<p>&#8220;Kosova 1999&#8221; ( Retrospektiv\u00eb Fotografike &#8211; represioni &#8211; rezistenca &#8211; eksodi &#8211; \u00e7lirimi &#8211; m\u00ebk\u00ebmbja ) &nbsp; [ k\u00ebtu t\u00eb postohet fotogaleria\u00a0 &#8211; vijon ] &nbsp;<\/p>\n","protected":false},"author":1,"featured_media":0,"comment_status":"closed","ping_status":"closed","sticky":false,"template":"","format":"standard","meta":{"footnotes":""},"categories":[16],"tags":[],"class_list":["post-13918","post","type-post","status-publish","format-standard","hentry","category-multimedia"],"_links":{"self":[{"href":"https:\/\/letrat.eu\/index.php?rest_route=\/wp\/v2\/posts\/13918","targetHints":{"allow":["GET"]}}],"collection":[{"href":"https:\/\/letrat.eu\/index.php?rest_route=\/wp\/v2\/posts"}],"about":[{"href":"https:\/\/letrat.eu\/index.php?rest_route=\/wp\/v2\/types\/post"}],"author":[{"embeddable":true,"href":"https:\/\/letrat.eu\/index.php?rest_route=\/wp\/v2\/users\/1"}],"replies":[{"embeddable":true,"href":"https:\/\/letrat.eu\/index.php?rest_route=%2Fwp%2Fv2%2Fcomments&post=13918"}],"version-history":[{"count":0,"href":"https:\/\/letrat.eu\/index.php?rest_route=\/wp\/v2\/posts\/13918\/revisions"}],"wp:attachment":[{"href":"https:\/\/letrat.eu\/index.php?rest_route=%2Fwp%2Fv2%2Fmedia&parent=13918"}],"wp:term":[{"taxonomy":"category","embeddable":true,"href":"https:\/\/letrat.eu\/index.php?rest_route=%2Fwp%2Fv2%2Fcategories&post=13918"},{"taxonomy":"post_tag","embeddable":true,"href":"https:\/\/letrat.eu\/index.php?rest_route=%2Fwp%2Fv2%2Ftags&post=13918"}],"curies":[{"name":"wp","href":"https:\/\/api.w.org\/{rel}","templated":true}]}}