{"id":14431,"date":"2024-02-17T18:53:12","date_gmt":"2024-02-17T17:53:12","guid":{"rendered":"https:\/\/letrat.eu\/?p=14431"},"modified":"2024-04-08T20:41:03","modified_gmt":"2024-04-08T19:41:03","slug":"fotoja-me-2-flamuj-fotoja-me-e-bukur-qe-ka-getty","status":"publish","type":"post","link":"https:\/\/letrat.eu\/?p=14431","title":{"rendered":"Fotoja me 2 flamuj, &#8220;fotoja m\u00eb e bukur&#8221; q\u00eb ka Getty"},"content":{"rendered":"<p><em>(sguraziu &#8211; ars poetica, shk 2024)<\/em><\/p>\n<p>(&#8230;<strong>fal\u00eb &#8220;Kosov\u00ebs&#8221; m\u00eb del gjithmon\u00eb ky flamuri i Admirit<\/strong> : )<\/p>\n<p>&#8230;nganj\u00ebher\u00eb n\u00eb faqe-arkivin e Getty k\u00ebrkoj foto me termin &#8220;Kosov\u00eb&#8221;, apo &#8220;Shqip\u00ebri&#8221;&#8230; (apo dhe \u00e7far\u00ebdo t&#8217;jet\u00eb, n\u00ebse t&#8217;m\u00eb duhet ndonj\u00eb di\u00e7) dhe gjithmon\u00eb nd\u00ebr t\u00eb parat, n\u00eb krye m\u00eb shfaqen foto me flamuj, me yje e k\u00ebso, provojeni dhe vet\u00eb, n\u00ebse e p\u00ebrmend &#8220;Kosov\u00ebn&#8221; pa p\u00ebrjashtime t\u00eb shfaqen flamujt, secil\u00ebn her\u00eb, k\u00ebshtu q\u00eb k\u00ebsaj radhe vendosa t&#8217;mos hyj n\u00eb &#8220;hak&#8221;, foton me 2 flamuj padashtas sikur e kam shp\u00ebrfillur, s&#8217;e kam &#8220;p\u00ebrdorur&#8221; asnj\u00eb her\u00eb, padrejt\u00ebsi e madhe ndaj saj, andaj sot vendosa ta p\u00ebrdor pa asnj\u00eb shkas, thjesht p\u00ebr hir t\u00eb fotos si &#8220;foto&#8221;, sipas meje lirisht mund t\u00eb quhet &#8220;fotoja m\u00eb e bukur&#8221; q\u00eb ka Getty, pa le q\u00eb shfaqet n\u00eb krye&#8230; sa her\u00eb ta k\u00ebrkoni Kosov\u00ebn : )<\/p>\n<p>&#8230;Getty Images Holdings, Inc. \u00ebsht\u00eb nj\u00eb kompani amerikane e mediave vizuale dhe furnizuese p\u00ebr biznesin dhe p\u00ebr konsumator\u00ebt mediatik me imazhe, me fotografi editoriale, me video, me audio, me muzika, me xingla-mingla, me \u00e7mos &#8211; thuhet se Getty e ka nj\u00eb bibliotek\u00eb t\u00eb pasur me mbi 477 milion\u00eb asetesh&#8230; imagjino, si kompani dhe vet\u00ebm &#8220;holdings&#8221; flet mjaftuesh\u00ebm, por pra i ofron afro gjysm\u00eb miliardi asete multimediale, e qart\u00eb se njeriu duhet t&#8217;i ket\u00eb s\u00ebpaku 100 jet\u00eb p\u00ebr t&#8217;i &#8220;krehur&#8221; e p\u00ebr t&#8217;i gjetur, sidoqoft\u00eb, kuptohet e pamundur, ashtu-k\u00ebshtu s&#8217;i nevojiten kujt 500 milion\u00eb foto, aty-k\u00ebtu na nevojitet 1 aso q\u00eb ia vlen, e gjitha \u00e7&#8217;mund t\u00eb gjejm\u00eb \u00ebsht\u00eb ajo \u00e7far\u00eb na servir makina e tyre p\u00ebr k\u00ebrkimin &#8211; shkurt, desha t\u00eb them, fal\u00eb &#8220;Kosov\u00ebs&#8221; m\u00eb del gjithmon\u00eb ky flamuri i Admirit, sot s&#8217;do e anashkaloj, do ta postoj n\u00eb faqe pa asnj\u00eb shkas : )<\/p>\n<p>[ <em>fotoja ngjitur: Admir Idrizi &#8211; &#8220;Dy Flamuj&#8221;, 2019<\/em> ]<\/p>\n<p><a  href=\"https:\/\/letrat.eu\/wp-content\/uploads\/2024\/02\/arspo_admir_idrizi_dy_flamuj_2019_opt.jpg\" data-rel=\"lightbox-gallery-0\" data-rl_title=\"\" data-rl_caption=\"\" title=\"\"><img loading=\"lazy\" decoding=\"async\" class=\"alignnone size-full wp-image-14432\" src=\"https:\/\/letrat.eu\/wp-content\/uploads\/2024\/02\/arspo_admir_idrizi_dy_flamuj_2019_opt.jpg\" alt=\"\" width=\"1400\" height=\"1049\" srcset=\"https:\/\/letrat.eu\/wp-content\/uploads\/2024\/02\/arspo_admir_idrizi_dy_flamuj_2019_opt.jpg 1400w, https:\/\/letrat.eu\/wp-content\/uploads\/2024\/02\/arspo_admir_idrizi_dy_flamuj_2019_opt-300x225.jpg 300w, https:\/\/letrat.eu\/wp-content\/uploads\/2024\/02\/arspo_admir_idrizi_dy_flamuj_2019_opt-1024x767.jpg 1024w, https:\/\/letrat.eu\/wp-content\/uploads\/2024\/02\/arspo_admir_idrizi_dy_flamuj_2019_opt-768x575.jpg 768w\" sizes=\"auto, (max-width: 1400px) 100vw, 1400px\" \/><\/a><\/p>\n","protected":false},"excerpt":{"rendered":"<p>(sguraziu &#8211; ars poetica, shk 2024) (&#8230;fal\u00eb &#8220;Kosov\u00ebs&#8221; m\u00eb del gjithmon\u00eb ky flamuri i Admirit : ) &#8230;nganj\u00ebher\u00eb n\u00eb faqe-arkivin e Getty k\u00ebrkoj foto me termin &#8220;Kosov\u00eb&#8221;, apo &#8220;Shqip\u00ebri&#8221;&#8230; (apo dhe \u00e7far\u00ebdo t&#8217;jet\u00eb, n\u00ebse t&#8217;m\u00eb duhet ndonj\u00eb di\u00e7) dhe gjithmon\u00eb&hellip; <a href=\"https:\/\/letrat.eu\/?p=14431\" class=\"more-link\">Lexo <span class=\"meta-nav\">&rarr;<\/span><\/a><\/p>\n","protected":false},"author":1,"featured_media":0,"comment_status":"closed","ping_status":"closed","sticky":false,"template":"","format":"standard","meta":{"footnotes":""},"categories":[15],"tags":[],"class_list":["post-14431","post","type-post","status-publish","format-standard","hentry","category-shenime-shkurt"],"_links":{"self":[{"href":"https:\/\/letrat.eu\/index.php?rest_route=\/wp\/v2\/posts\/14431","targetHints":{"allow":["GET"]}}],"collection":[{"href":"https:\/\/letrat.eu\/index.php?rest_route=\/wp\/v2\/posts"}],"about":[{"href":"https:\/\/letrat.eu\/index.php?rest_route=\/wp\/v2\/types\/post"}],"author":[{"embeddable":true,"href":"https:\/\/letrat.eu\/index.php?rest_route=\/wp\/v2\/users\/1"}],"replies":[{"embeddable":true,"href":"https:\/\/letrat.eu\/index.php?rest_route=%2Fwp%2Fv2%2Fcomments&post=14431"}],"version-history":[{"count":0,"href":"https:\/\/letrat.eu\/index.php?rest_route=\/wp\/v2\/posts\/14431\/revisions"}],"wp:attachment":[{"href":"https:\/\/letrat.eu\/index.php?rest_route=%2Fwp%2Fv2%2Fmedia&parent=14431"}],"wp:term":[{"taxonomy":"category","embeddable":true,"href":"https:\/\/letrat.eu\/index.php?rest_route=%2Fwp%2Fv2%2Fcategories&post=14431"},{"taxonomy":"post_tag","embeddable":true,"href":"https:\/\/letrat.eu\/index.php?rest_route=%2Fwp%2Fv2%2Ftags&post=14431"}],"curies":[{"name":"wp","href":"https:\/\/api.w.org\/{rel}","templated":true}]}}