{"id":14435,"date":"2024-02-17T21:46:21","date_gmt":"2024-02-17T20:46:21","guid":{"rendered":"https:\/\/letrat.eu\/?p=14435"},"modified":"2024-04-08T20:38:43","modified_gmt":"2024-04-08T19:38:43","slug":"nje-cift-i-ri-dhe-plot-narcise-te-eger-shqiperi-2022-foto","status":"publish","type":"post","link":"https:\/\/letrat.eu\/?p=14435","title":{"rendered":"&#8220;Nj\u00eb \u00e7ift i ri, dhe plot narcis\u00eb t\u00eb eg\u00ebr&#8221;, Shqip\u00ebri, 2022 (Foto)"},"content":{"rendered":"<p>[ Admir Idrizi &#8211; &#8220;<strong>Nj\u00eb \u00e7ift i ri, dhe plot narcis\u00eb t\u00eb eg\u00ebr<\/strong>&#8220;, Shishtavec, Shqip\u00ebri, 2022 ]<\/p>\n<p><em>(s. guraziu &#8211; ars poetica, shk. 24 &#8211; fotot n\u00ebp\u00ebrmjet Getty, e edhe p\u00ebrshkrimi n\u00eb Anglisht nga Admiri, nga fotografi)<\/em> &#8211; Shp\u00ebtim Draga, nj\u00eb i ri nga Shishtaveci i Shqip\u00ebris\u00eb, me kostumin tradicional t\u00eb goran\u00ebve, ec\u00ebn me gruan dhe djalin e tij t\u00eb vog\u00ebl n\u00eb nj\u00eb l\u00ebndin\u00eb plot me narcis\u00eb t\u00eb eg\u00ebr. Shp\u00ebtimi mban n\u00eb krah\u00eb djalin e tij t\u00eb veshur si t\u00eb af\u00ebrmit e tij. Shp\u00ebtimi, si shum\u00eb t\u00eb rinj nga zonat rurale, e ka gjetur lumturin\u00eb e vet n\u00eb Evrop\u00ebn Per\u00ebndimore, por pushimet verore i shfryt\u00ebzon p\u00ebr t&#8217;i vizituar prind\u00ebrit. Goran\u00ebt jan\u00eb nj\u00eb grup i vog\u00ebl etnik q\u00eb jetojn\u00eb n\u00eb kufirin mes Shqip\u00ebris\u00eb, Kosov\u00ebs dhe Maqedonis\u00eb s\u00eb Veriut. N\u00eb Shqip\u00ebri, goran\u00ebt jetonin n\u00eb sistemin m\u00eb t\u00eb izoluar (gjat\u00eb diktatur\u00ebs komuniste), t\u00eb ngjash\u00ebm me at\u00eb t\u00eb Kores\u00eb Veriore. Dhe p\u00ebr m\u00eb shum\u00eb se 50 vjet nuk kishin asgj\u00eb, nuk kishin predispozita p\u00ebr nj\u00eb jet\u00eb normale. T\u00eb shk\u00ebputur nga pjesa tjet\u00ebr e bot\u00ebs por me vet\u00ebdijen t\u00eb lart\u00ebsuar, e ruanin dashurin\u00eb p\u00ebr t\u00eb vetmen gj\u00eb q\u00eb u kishte mbetur (kultur\u00ebn e tyre, traditat), dhe q\u00eb asnj\u00eb regjim nuk mund t&#8217;ua pezullonte. Ua dogj\u00ebn librat, ua rishkruan historin\u00eb dhe e mbyt\u00ebn sistematikisht ekzistenc\u00ebn e tyre, por ata t\u00eb regjimit d\u00ebshtuan. Ky \u00e7ift i ri i martuar po i kthehet zanafill\u00ebs (kulturore) dhe fatit t\u00eb tyre.<\/p>\n<p>***<br \/>\nShpetim Draga, a young man from Shishtavec, Albania, in traditional Goran costume, walks with his wife and young son on a meadow full of daffodils. Shpetim holds his son in his arms, dressed as his cousins. Shpetim, like many young people from rural areas, found happiness in Western Europe, but he uses his summer vacation to visit his parents. The Gorani are a small ethnic group living on the border of Albania, Kosovo and Northern Macedonia. In Albania, Gorani lived in the most closed system, similar to that in North Korea. And for a little over 50 years. They had nothing, they had no predispositions for a normal life. Cut off from the rest of the world. High self-awareness, they loved the only thing they had left, and which no regime could take away from them. They burned their books, revised their history, and systematically stifled their existence. They failed. This young married couple is returning to their ancestry, their destiny.<\/p>\n<p><a  href=\"https:\/\/letrat.eu\/wp-content\/uploads\/2024\/02\/arspo_getty_multimedia_643589_opt.jpg\" data-rel=\"lightbox-gallery-0\" data-rl_title=\"\" data-rl_caption=\"\" title=\"\"><img loading=\"lazy\" decoding=\"async\" class=\"alignnone size-full wp-image-14436\" src=\"https:\/\/letrat.eu\/wp-content\/uploads\/2024\/02\/arspo_getty_multimedia_643589_opt.jpg\" alt=\"\" width=\"1400\" height=\"1039\" srcset=\"https:\/\/letrat.eu\/wp-content\/uploads\/2024\/02\/arspo_getty_multimedia_643589_opt.jpg 1400w, https:\/\/letrat.eu\/wp-content\/uploads\/2024\/02\/arspo_getty_multimedia_643589_opt-300x223.jpg 300w, https:\/\/letrat.eu\/wp-content\/uploads\/2024\/02\/arspo_getty_multimedia_643589_opt-1024x760.jpg 1024w, https:\/\/letrat.eu\/wp-content\/uploads\/2024\/02\/arspo_getty_multimedia_643589_opt-768x570.jpg 768w\" sizes=\"auto, (max-width: 1400px) 100vw, 1400px\" \/><\/a><\/p>\n<p>&nbsp;<\/p>\n","protected":false},"excerpt":{"rendered":"<p>[ Admir Idrizi &#8211; &#8220;Nj\u00eb \u00e7ift i ri, dhe plot narcis\u00eb t\u00eb eg\u00ebr&#8220;, Shishtavec, Shqip\u00ebri, 2022 ] (s. guraziu &#8211; ars poetica, shk. 24 &#8211; fotot n\u00ebp\u00ebrmjet Getty, e edhe p\u00ebrshkrimi n\u00eb Anglisht nga Admiri, nga fotografi) &#8211; Shp\u00ebtim Draga,&hellip; <a href=\"https:\/\/letrat.eu\/?p=14435\" class=\"more-link\">Lexo <span class=\"meta-nav\">&rarr;<\/span><\/a><\/p>\n","protected":false},"author":1,"featured_media":0,"comment_status":"closed","ping_status":"closed","sticky":false,"template":"","format":"standard","meta":{"footnotes":""},"categories":[16],"tags":[],"class_list":["post-14435","post","type-post","status-publish","format-standard","hentry","category-multimedia"],"_links":{"self":[{"href":"https:\/\/letrat.eu\/index.php?rest_route=\/wp\/v2\/posts\/14435","targetHints":{"allow":["GET"]}}],"collection":[{"href":"https:\/\/letrat.eu\/index.php?rest_route=\/wp\/v2\/posts"}],"about":[{"href":"https:\/\/letrat.eu\/index.php?rest_route=\/wp\/v2\/types\/post"}],"author":[{"embeddable":true,"href":"https:\/\/letrat.eu\/index.php?rest_route=\/wp\/v2\/users\/1"}],"replies":[{"embeddable":true,"href":"https:\/\/letrat.eu\/index.php?rest_route=%2Fwp%2Fv2%2Fcomments&post=14435"}],"version-history":[{"count":0,"href":"https:\/\/letrat.eu\/index.php?rest_route=\/wp\/v2\/posts\/14435\/revisions"}],"wp:attachment":[{"href":"https:\/\/letrat.eu\/index.php?rest_route=%2Fwp%2Fv2%2Fmedia&parent=14435"}],"wp:term":[{"taxonomy":"category","embeddable":true,"href":"https:\/\/letrat.eu\/index.php?rest_route=%2Fwp%2Fv2%2Fcategories&post=14435"},{"taxonomy":"post_tag","embeddable":true,"href":"https:\/\/letrat.eu\/index.php?rest_route=%2Fwp%2Fv2%2Ftags&post=14435"}],"curies":[{"name":"wp","href":"https:\/\/api.w.org\/{rel}","templated":true}]}}