{"id":14466,"date":"2024-02-23T13:19:12","date_gmt":"2024-02-23T12:19:12","guid":{"rendered":"https:\/\/letrat.eu\/?p=14466"},"modified":"2026-02-15T12:26:46","modified_gmt":"2026-02-15T11:26:46","slug":"muzikaliteti-i-fresket-i-proletariatit-shqiptar-audio-video","status":"publish","type":"post","link":"https:\/\/letrat.eu\/?p=14466","title":{"rendered":"Muzikaliteti i fresk\u00ebt i &#8220;proletariatit&#8221; shqiptar (audio-video)"},"content":{"rendered":"<p><em>(s. guraziu &#8211; ap, shk 24)<\/em><\/p>\n<p>&#8230;dikush \u00ebsht\u00eb duke u marr\u00eb seriozisht me nostalgjin\u00eb, &#8220;nj\u00eb djep n\u00eb barrikad\u00eb&#8221;, dhe &#8220;brigada kosovare&#8221; (sikur u &#8216;habita&#8217; pak\u00ebz, sepse in\u00e7izime t\u00eb fresk\u00ebta, 2017) &#8211; s&#8217;ka asgj\u00eb t\u00eb komunizmit, qoft\u00eb histori a qoft\u00eb memorie, qoft\u00eb e shkuar a qoft\u00eb aktuale, s&#8217;ka asgj\u00eb t\u00eb proletariatit bot\u00ebror q\u00eb nuk e &#8220;ruajn\u00eb&#8221; amerikan\u00ebt (e b\u00ebra 1 video t\u00eb vock\u00ebl sa p\u00ebr ta ndar\u00eb me ju, i ngjita dhe detajet, k\u00ebshtu q\u00eb mund t&#8217;i gjeni dhe vet\u00eb, me dhjetra e qindra sosh)&#8230;<br \/>\n&#8211; &#8211; &#8211;<br \/>\n&#8230;platforma amerikane p\u00ebr arkivimin e materies internetike (Internet Archive) \u00ebsht\u00eb di\u00e7 si arkiv masiv p\u00ebr &#8220;ruajtjen&#8221; e Internetit (si\u00e7 thon\u00eb ata vet\u00eb, i ruajn\u00eb rreth 60 miliard\u00eb dokumente tekstuale (libra e k\u00ebso), rreth 40 milion\u00eb video, rreth 12 milion\u00eb audio, rreth 15 milion\u00eb TV-in\u00e7izime, rreth 2.8 milion\u00eb programe softuerike etj. etj. etj. thjesht pothuaj arkiv i pafund, njeriu duhet ta &#8220;imagjinoj\u00eb&#8221; gjith\u00eb Internetin&#8230;<\/p>\n<div style=\"width: 640px;\" class=\"wp-video\"><video class=\"wp-video-shortcode\" id=\"video-14466-1\" width=\"640\" height=\"360\" preload=\"metadata\" controls=\"controls\"><source type=\"video\/mp4\" src=\"https:\/\/letrat.eu\/wp-content\/uploads\/2024\/02\/skyd_-_nje_djep_ne_barrikade_720p_opt.mp4?_=1\" \/><a href=\"https:\/\/letrat.eu\/wp-content\/uploads\/2024\/02\/skyd_-_nje_djep_ne_barrikade_720p_opt.mp4\">https:\/\/letrat.eu\/wp-content\/uploads\/2024\/02\/skyd_-_nje_djep_ne_barrikade_720p_opt.mp4<\/a><\/video><\/div>\n","protected":false},"excerpt":{"rendered":"<p>(s. guraziu &#8211; ap, shk 24) &#8230;dikush \u00ebsht\u00eb duke u marr\u00eb seriozisht me nostalgjin\u00eb, &#8220;nj\u00eb djep n\u00eb barrikad\u00eb&#8221;, dhe &#8220;brigada kosovare&#8221; (sikur u &#8216;habita&#8217; pak\u00ebz, sepse in\u00e7izime t\u00eb fresk\u00ebta, 2017) &#8211; s&#8217;ka asgj\u00eb t\u00eb komunizmit, qoft\u00eb histori a qoft\u00eb memorie,&hellip; <a href=\"https:\/\/letrat.eu\/?p=14466\" class=\"more-link\">Lexo <span class=\"meta-nav\">&rarr;<\/span><\/a><\/p>\n","protected":false},"author":1,"featured_media":0,"comment_status":"closed","ping_status":"closed","sticky":false,"template":"","format":"standard","meta":{"footnotes":""},"categories":[16],"tags":[],"class_list":["post-14466","post","type-post","status-publish","format-standard","hentry","category-multimedia"],"_links":{"self":[{"href":"https:\/\/letrat.eu\/index.php?rest_route=\/wp\/v2\/posts\/14466","targetHints":{"allow":["GET"]}}],"collection":[{"href":"https:\/\/letrat.eu\/index.php?rest_route=\/wp\/v2\/posts"}],"about":[{"href":"https:\/\/letrat.eu\/index.php?rest_route=\/wp\/v2\/types\/post"}],"author":[{"embeddable":true,"href":"https:\/\/letrat.eu\/index.php?rest_route=\/wp\/v2\/users\/1"}],"replies":[{"embeddable":true,"href":"https:\/\/letrat.eu\/index.php?rest_route=%2Fwp%2Fv2%2Fcomments&post=14466"}],"version-history":[{"count":0,"href":"https:\/\/letrat.eu\/index.php?rest_route=\/wp\/v2\/posts\/14466\/revisions"}],"wp:attachment":[{"href":"https:\/\/letrat.eu\/index.php?rest_route=%2Fwp%2Fv2%2Fmedia&parent=14466"}],"wp:term":[{"taxonomy":"category","embeddable":true,"href":"https:\/\/letrat.eu\/index.php?rest_route=%2Fwp%2Fv2%2Fcategories&post=14466"},{"taxonomy":"post_tag","embeddable":true,"href":"https:\/\/letrat.eu\/index.php?rest_route=%2Fwp%2Fv2%2Ftags&post=14466"}],"curies":[{"name":"wp","href":"https:\/\/api.w.org\/{rel}","templated":true}]}}