{"id":14500,"date":"2024-02-28T14:11:33","date_gmt":"2024-02-28T13:11:33","guid":{"rendered":"https:\/\/letrat.eu\/?p=14500"},"modified":"2024-04-08T20:20:50","modified_gmt":"2024-04-08T19:20:50","slug":"shqiperi-ukraine-miqesi-dhe-bashkepunim","status":"publish","type":"post","link":"https:\/\/letrat.eu\/?p=14500","title":{"rendered":"Shqip\u00ebri &#8211; Ukrain\u00eb, Miq\u00ebsi dhe Bashk\u00ebpunim"},"content":{"rendered":"<p>[ Zelenskyy &#8211; &#8220;<strong>I jemi mir\u00ebnjoh\u00ebs qeveris\u00eb dhe popullit shqiptar<\/strong>&#8221; ]<br \/>\n<em>(s. guraziu &#8211; ap, shk 24)<\/em><\/p>\n<p>&#8230;rrumbullak\u00ebsim v\u00ebrtet i bukur i postimit nga Presidenti Zelenskyy n\u00eb X (Twitter) me mir\u00ebnjohjen ndaj popullit dhe qeveris\u00eb shqiptare, si dhe me nj\u00eb video 1 minut\u00ebshe rreth eventeve t\u00eb samitit sot n\u00eb Tiran\u00eb &#8211; videoja n\u00eb vete sikur ishte e &#8220;neutralizuar&#8230; thuase apolitizuar&#8221; me nj\u00eb inspiratio-audio, di\u00e7 si muzik\u00eb frym\u00ebzuese p\u00ebr paqen dhe p\u00ebr bashk\u00ebpunimin, p\u00ebr ardhm\u00ebrin\u00eb e bukur mes popujve, e nj\u00ebkoh\u00ebsisht me nuancat e lehta epikale si frym\u00ebzim p\u00ebr q\u00ebndres\u00ebn dhe patriotizmin&#8230;<\/p>\n<p>&#8220;Q\u00eb nga dit\u00ebt e para t\u00eb invadimit (n\u00eb shkall\u00eb t\u00eb plot\u00eb), Shqip\u00ebria e ka mb\u00ebshtetur Ukrain\u00ebn n\u00eb luft\u00ebn ton\u00eb p\u00ebr liri dhe integritet territorial.<br \/>\nGjat\u00eb takimit me kryeministrin shqiptar Edi Rama [ @ediramaal ] e n\u00ebnshkruam Traktatin e Miq\u00ebsis\u00eb dhe t\u00eb Bashk\u00ebpunimit nd\u00ebrmjet Ukrain\u00ebs dhe Shqip\u00ebris\u00eb. Ky dokument do ta ndihmoj\u00eb forcimin e bashk\u00ebpunimit ton\u00eb me Shqip\u00ebrin\u00eb, dhe pozicionin e Ukrain\u00ebs n\u00eb Ballkan.<br \/>\nI diskutuam sot gjithashtu nevojat rrteh mbrojtjes s\u00eb Ukrain\u00ebs, dhe eventualisht prodhimin e p\u00ebrbashk\u00ebt t\u00eb arm\u00ebve.<br \/>\nI jemi mir\u00ebnjoh\u00ebs qeveris\u00eb dhe popullit shqiptar. Nuk do ta harrojm\u00eb kurr\u00eb q\u00ebndrimin e ngroht\u00eb t\u00eb shoq\u00ebris\u00eb shqiptare ndaj ukrainasve.&#8221;<\/p>\n<p>[ x &#8211; <a href=\"https:\/\/twitter.com\/ZelenskyyUa\/status\/1762783472932803003\" target=\"_blank\" rel=\"noopener\">https:\/\/twitter.com\/ZelenskyyUa\/status\/1762783472932803003<\/a> ]<\/p>\n<div style=\"width: 640px;\" class=\"wp-video\"><video class=\"wp-video-shortcode\" id=\"video-14500-1\" width=\"640\" height=\"360\" preload=\"metadata\" controls=\"controls\"><source type=\"video\/mp4\" src=\"https:\/\/letrat.eu\/wp-content\/uploads\/2024\/02\/arspo_presid_zelensky_ukraine_albania_x_video_720p.mp4?_=1\" \/><a href=\"https:\/\/letrat.eu\/wp-content\/uploads\/2024\/02\/arspo_presid_zelensky_ukraine_albania_x_video_720p.mp4\">https:\/\/letrat.eu\/wp-content\/uploads\/2024\/02\/arspo_presid_zelensky_ukraine_albania_x_video_720p.mp4<\/a><\/video><\/div>\n<p>&nbsp;<\/p>\n<p><a  href=\"https:\/\/letrat.eu\/wp-content\/uploads\/2024\/02\/arspo_presid_zelensky_albania-ukraine_post_x_twitter_opt.jpg\" data-rel=\"lightbox-gallery-0\" data-rl_title=\"\" data-rl_caption=\"\" title=\"\"><img loading=\"lazy\" decoding=\"async\" class=\"alignnone size-full wp-image-14504\" src=\"https:\/\/letrat.eu\/wp-content\/uploads\/2024\/02\/arspo_presid_zelensky_albania-ukraine_post_x_twitter_opt.jpg\" alt=\"\" width=\"1280\" height=\"720\" srcset=\"https:\/\/letrat.eu\/wp-content\/uploads\/2024\/02\/arspo_presid_zelensky_albania-ukraine_post_x_twitter_opt.jpg 1280w, https:\/\/letrat.eu\/wp-content\/uploads\/2024\/02\/arspo_presid_zelensky_albania-ukraine_post_x_twitter_opt-300x169.jpg 300w, https:\/\/letrat.eu\/wp-content\/uploads\/2024\/02\/arspo_presid_zelensky_albania-ukraine_post_x_twitter_opt-1024x576.jpg 1024w, https:\/\/letrat.eu\/wp-content\/uploads\/2024\/02\/arspo_presid_zelensky_albania-ukraine_post_x_twitter_opt-768x432.jpg 768w\" sizes=\"auto, (max-width: 1280px) 100vw, 1280px\" \/><\/a><\/p>\n<p><a  href=\"https:\/\/letrat.eu\/wp-content\/uploads\/2024\/02\/arspo_presid_zelensky_albania-ukraine_post_x_twitter2_opt.jpg\" data-rel=\"lightbox-gallery-0\" data-rl_title=\"\" data-rl_caption=\"\" title=\"\"><img loading=\"lazy\" decoding=\"async\" class=\"alignnone size-full wp-image-14505\" src=\"https:\/\/letrat.eu\/wp-content\/uploads\/2024\/02\/arspo_presid_zelensky_albania-ukraine_post_x_twitter2_opt.jpg\" alt=\"\" width=\"1280\" height=\"760\" srcset=\"https:\/\/letrat.eu\/wp-content\/uploads\/2024\/02\/arspo_presid_zelensky_albania-ukraine_post_x_twitter2_opt.jpg 1280w, https:\/\/letrat.eu\/wp-content\/uploads\/2024\/02\/arspo_presid_zelensky_albania-ukraine_post_x_twitter2_opt-300x178.jpg 300w, https:\/\/letrat.eu\/wp-content\/uploads\/2024\/02\/arspo_presid_zelensky_albania-ukraine_post_x_twitter2_opt-1024x608.jpg 1024w, https:\/\/letrat.eu\/wp-content\/uploads\/2024\/02\/arspo_presid_zelensky_albania-ukraine_post_x_twitter2_opt-768x456.jpg 768w\" sizes=\"auto, (max-width: 1280px) 100vw, 1280px\" \/><\/a><\/p>\n<p>&nbsp;<\/p>\n<p>***<\/p>\n<p><strong>28 Shkurt 2024<\/strong> &#8211; N\u00eb kuad\u00ebr n\u00eb samitit \u201cUkrain\u00eb &#8211; Evropa Juglindore\u201d q\u00eb po mbahet n\u00eb Tiran\u00eb, Presidenti i Ukrain\u00ebs, Volodymyr Zelensky dhe kryeministri i Shqip\u00ebris\u00eb, Edi Rama, e kan\u00eb n\u00ebnshkruar \u201cTraktatin e Miq\u00ebsis\u00eb dhe t\u00eb Bashk\u00ebpunimit\u201d.<\/p>\n<p>Nga zyrtar\u00ebt shqiptar\u00eb \u00ebsht\u00eb th\u00ebn\u00eb se \u201ctraktati i sh\u00ebrben konsolidimit t\u00eb miq\u00ebsis\u00eb mes dy vendeve dhe popujve, p\u00ebrmes zgjerimit dhe forcimit t\u00eb bashk\u00ebpunimit n\u00eb fusha t\u00eb ndryshme me interes t\u00eb nd\u00ebrsjell\u00eb\u201d.<\/p>\n<p>Lufta n\u00eb Ukrain\u00eb ka nisur m\u00eb 24 shkurt t\u00eb vitit 2022. Presidenti rus Vladimir Putin e quan luft\u00ebn \u201coperacion special ushtarak\u201d p\u00ebr t\u00eb \u00e7militarizuar Ukrain\u00ebn. Per\u00ebndimi \u00ebsht\u00eb p\u00ebrgjigjur ndaj Rusis\u00eb duke goditur ekonomin\u00eb e k\u00ebtij shteti me sanksione t\u00eb ashpra. Si pasoj\u00eb e luft\u00ebs kan\u00eb vdekur mij\u00ebra persona dhe miliona t\u00eb tjer\u00eb jan\u00eb zhvendosur nga sht\u00ebpit\u00eb e tyre.<br \/>\n[ <em>sguraziu &#8211; bazuar n\u00eb tekstin e sn, via voal<\/em> ]<\/p>\n<p><a  href=\"https:\/\/letrat.eu\/wp-content\/uploads\/2024\/02\/arspo_traktati_i_miqesise_dhe_bashkepunimit_opt.jpg\" data-rel=\"lightbox-gallery-0\" data-rl_title=\"\" data-rl_caption=\"\" title=\"\"><img loading=\"lazy\" decoding=\"async\" class=\"alignnone size-full wp-image-14501\" src=\"https:\/\/letrat.eu\/wp-content\/uploads\/2024\/02\/arspo_traktati_i_miqesise_dhe_bashkepunimit_opt.jpg\" alt=\"\" width=\"1280\" height=\"717\" srcset=\"https:\/\/letrat.eu\/wp-content\/uploads\/2024\/02\/arspo_traktati_i_miqesise_dhe_bashkepunimit_opt.jpg 1280w, https:\/\/letrat.eu\/wp-content\/uploads\/2024\/02\/arspo_traktati_i_miqesise_dhe_bashkepunimit_opt-300x168.jpg 300w, https:\/\/letrat.eu\/wp-content\/uploads\/2024\/02\/arspo_traktati_i_miqesise_dhe_bashkepunimit_opt-1024x574.jpg 1024w, https:\/\/letrat.eu\/wp-content\/uploads\/2024\/02\/arspo_traktati_i_miqesise_dhe_bashkepunimit_opt-768x430.jpg 768w\" sizes=\"auto, (max-width: 1280px) 100vw, 1280px\" \/><\/a><\/p>\n<p>&nbsp;<\/p>\n","protected":false},"excerpt":{"rendered":"<p>[ Zelenskyy &#8211; &#8220;I jemi mir\u00ebnjoh\u00ebs qeveris\u00eb dhe popullit shqiptar&#8221; ] (s. guraziu &#8211; ap, shk 24) &#8230;rrumbullak\u00ebsim v\u00ebrtet i bukur i postimit nga Presidenti Zelenskyy n\u00eb X (Twitter) me mir\u00ebnjohjen ndaj popullit dhe qeveris\u00eb shqiptare, si dhe me nj\u00eb&hellip; <a href=\"https:\/\/letrat.eu\/?p=14500\" class=\"more-link\">Lexo <span class=\"meta-nav\">&rarr;<\/span><\/a><\/p>\n","protected":false},"author":1,"featured_media":0,"comment_status":"closed","ping_status":"closed","sticky":false,"template":"","format":"standard","meta":{"footnotes":""},"categories":[15],"tags":[],"class_list":["post-14500","post","type-post","status-publish","format-standard","hentry","category-shenime-shkurt"],"_links":{"self":[{"href":"https:\/\/letrat.eu\/index.php?rest_route=\/wp\/v2\/posts\/14500","targetHints":{"allow":["GET"]}}],"collection":[{"href":"https:\/\/letrat.eu\/index.php?rest_route=\/wp\/v2\/posts"}],"about":[{"href":"https:\/\/letrat.eu\/index.php?rest_route=\/wp\/v2\/types\/post"}],"author":[{"embeddable":true,"href":"https:\/\/letrat.eu\/index.php?rest_route=\/wp\/v2\/users\/1"}],"replies":[{"embeddable":true,"href":"https:\/\/letrat.eu\/index.php?rest_route=%2Fwp%2Fv2%2Fcomments&post=14500"}],"version-history":[{"count":0,"href":"https:\/\/letrat.eu\/index.php?rest_route=\/wp\/v2\/posts\/14500\/revisions"}],"wp:attachment":[{"href":"https:\/\/letrat.eu\/index.php?rest_route=%2Fwp%2Fv2%2Fmedia&parent=14500"}],"wp:term":[{"taxonomy":"category","embeddable":true,"href":"https:\/\/letrat.eu\/index.php?rest_route=%2Fwp%2Fv2%2Fcategories&post=14500"},{"taxonomy":"post_tag","embeddable":true,"href":"https:\/\/letrat.eu\/index.php?rest_route=%2Fwp%2Fv2%2Ftags&post=14500"}],"curies":[{"name":"wp","href":"https:\/\/api.w.org\/{rel}","templated":true}]}}