{"id":14508,"date":"2024-02-28T21:04:39","date_gmt":"2024-02-28T20:04:39","guid":{"rendered":"https:\/\/letrat.eu\/?p=14508"},"modified":"2024-04-08T20:17:05","modified_gmt":"2024-04-08T19:17:05","slug":"cdo-na-flet-putini-neser-ne-fjalimin-vjetor-me-29-shkurt-2024","status":"publish","type":"post","link":"https:\/\/letrat.eu\/?p=14508","title":{"rendered":"\u00c7&#8217;do na &#8220;flet&#8221; Putini nes\u00ebr, n\u00eb fjalimin vjetor, m\u00eb 29 Shkurt 2024?"},"content":{"rendered":"<p><em>(s. guraziu &#8211; ars poetica, 28 shk. 2024 &#8211; thuktim i nj\u00eb analize t\u00eb Robert Coalson, korrespondent i RFE\/RL q\u00eb e mbulon Rusin\u00eb, Ballkanin dhe Evrop\u00ebn Lindore)<\/em><\/p>\n<p>Me fjalimin e tij vjetor Presidenti Putin nes\u00ebr i drejtohet kombit, m\u00eb 29 Shkurt, m\u00eb pak se 3 jav\u00eb para zgjedhjeve (zgjedhje q\u00eb do i japin, ose pritet t&#8217;ia japin nj\u00eb mandat t\u00eb ri 6-vje\u00e7ar n\u00eb Kremlin). Ai p\u00ebrdor fjalimin komb\u00ebtar q\u00eb t&#8217;i p\u00ebrcjell sinjalet politike p\u00ebr p\u00ebrkrah\u00ebsit e vet, brenda dhe jasht\u00eb vendit.<\/p>\n<p>Dihet se, q\u00eb nga nisja e luft\u00ebs n\u00eb Ukrain\u00eb, Putini e ka eliminuar hap\u00ebsir\u00ebn p\u00ebr opozit\u00eb normale politike n\u00eb Rusi. Kremlini dhe figurat e shquara q\u00eb dominojn\u00eb me mesazhet politike (nd\u00ebr mediat e kontrolluara nga shteti) e kan\u00eb paraqitur peizazhin politik dhe Rusin\u00eb si nj\u00eb vend q\u00eb p\u00ebrb\u00ebhet o nga mb\u00ebshtet\u00ebsit e Putinit, o nga armiqt\u00eb (e brendsh\u00ebm). Sa p\u00ebr armiqt\u00eb e jasht\u00ebm&#8230; edhe ata jan\u00eb shum\u00eb, por kuptohet se k\u00ebta ndodhen jasht\u00eb Rusis\u00eb.<br \/>\nPutini, si President a Kryeminist\u00ebr, ishte n\u00eb pushtet q\u00eb nga v. 1999. P\u00ebrve\u00e7 1 mandati kryeministror n\u00eb vitet 2008-12, Putini tashm\u00eb 71 vje\u00e7, ka qen\u00eb President q\u00eb nga v. 2000.<\/p>\n<p>Pak vite m\u00eb par\u00eb, n\u00eb v. 2020, u &#8220;ballafaqua&#8221; me sfid\u00ebn e nj\u00eb s\u00ebr\u00eb ndryshimesh kushtetuese, duke p\u00ebrfshir\u00eb ndryshimin q\u00eb i mund\u00ebson atij t\u00eb vazhdoj\u00eb dhe me 2 mandate 6-vje\u00e7are, k\u00ebshtu t\u00eb q\u00ebndroj\u00eb n\u00eb Kremlin si nj\u00eb diktator triumfal, si nj\u00eb &#8220;Car&#8230; Cesar&#8221; deri n\u00eb v. 2036.<br \/>\nTeksa p\u00ebrgatitjet p\u00ebr zgjedhjet e &#8220;jokonkurrueshme&#8221; m\u00eb 15-17 Mars jan\u00eb n\u00eb vlugun e vet (tjet\u00ebr se konkurrenca e dob\u00ebt, s&#8217;\u00ebsht\u00eb se ia cenon kush vot\u00ebn), sipas analistit Robert Coalson, n\u00eb fjalimin e nes\u00ebrm Putini ka t\u00eb ngjar\u00eb do merret me justifikime rreth \u00e7\u00ebshtjeve t\u00eb ndryshme, q\u00eb nga ekonomia e deri tek lufta e Ukrain\u00ebs, e cila tashm\u00eb n\u00eb vitin e 3-t\u00eb.<\/p>\n<p>&#8211; Putini padyshim do flet p\u00ebr luft\u00ebn q\u00eb nuk \u00ebsht\u00eb &#8220;luft\u00eb, q\u00eb s&#8217;duhet t\u00eb quhet luft\u00eb&#8230;<br \/>\nN\u00eb fjalimin e v. 2023, Putini i p\u00ebrs\u00ebriste justifikimet p\u00ebr &#8220;operacionin special&#8221; ndaj Ukrain\u00ebs q\u00eb ai e pati nisur 1 vit m\u00eb par\u00eb. Rishtas k\u00ebt\u00eb vit, Putini mund t&#8217;i p\u00ebrs\u00ebris\u00eb pretendimet e tij t\u00eb rreme se Kievi drejtohet nga fashist\u00ebt, apo se Ukraina nuk na qenk\u00ebsh nj\u00eb vend i v\u00ebrtet\u00eb dhe se duhet vazhduar me &#8220;\u00e7militarizimin&#8221; e saj&#8230;<\/p>\n<p>&#8211; Putini padyshim do flet p\u00ebr &#8220;armiqt\u00eb e Rusis\u00eb&#8221;, p\u00ebr armiqt\u00eb e huaj dhe ata t\u00eb brendshmit&#8230;<br \/>\nN\u00eb p\u00ebrshkrimin e vet rreth konfrontimit mes Rusis\u00eb vs. Per\u00ebndimit, Putini ka t\u00eb ngjar\u00eb t\u00eb luaj\u00eb me &#8220;kart\u00ebn e frik\u00ebs&#8221; dhe t\u00eb theksoj\u00eb se \u00e7do aluzion p\u00ebr\u00e7arjeje mund t&#8217;jet\u00eb katastrofal p\u00ebr nj\u00eb vend si Rusia, q\u00eb \u00ebsht\u00eb i rrethuar nga armiq keqdash\u00ebs. Putini mund ta provoj\u00eb me presionin retorik mbi Per\u00ebndimin duke shprehur mb\u00ebshtetjen p\u00ebr separatist\u00ebt pro-rus\u00eb n\u00eb rajonin Transdniester t\u00eb Moldavis\u00eb.<\/p>\n<p>V\u00ebmendja e bot\u00ebs \u00ebsht\u00eb e &#8220;hidh\u00ebsuar&#8221; nga vdekja e dyshimt\u00eb e Navalny n\u00eb burg, nga ngurrimi i autoriteteve p\u00ebr t&#8217;ia dor\u00ebzuar trupin e tij familjar\u00ebve, dhe nga p\u00ebrpjekjet e opozit\u00ebs q\u00eb politikanit karizmatik t&#8217;ia organizojn\u00eb nj\u00eb lamtumir\u00eb publike. K\u00ebshtu q\u00eb Putini mund ta p\u00ebrdor\u00eb fjalimin p\u00ebr ta \u00e7uar m\u00eb tej k\u00ebt\u00eb &#8220;narrativ\u00eb&#8221; konsoliduar t\u00eb peizazhit politik (o jeni me neve, o me armiqt\u00eb e brendsh\u00ebm, me ata q\u00eb jetojn\u00eb k\u00ebtu por q\u00eb e urrejn\u00eb Rusin\u00eb).<\/p>\n<p>&#8211; Putini padyshim do flet p\u00ebr &#8220;vlerat tradicionale&#8221;&#8230;<br \/>\nPutini ka t\u00eb ngjar\u00eb t&#8217;ia kushtoj\u00eb nj\u00eb pjes\u00eb t\u00eb fjalimit paraqitjes s\u00eb tij si mbrojt\u00ebs-kampion i \u00e7\u00ebshtjeve q\u00eb ai i p\u00ebrshkruan si &#8220;vlera tradicionale&#8221;. Nj\u00eb tem\u00eb kjo e p\u00ebrzier me nuancash patriotike q\u00eb ai e p\u00ebrdor\u00eb me mjaft efikasitet p\u00ebr t&#8217;i impresionuar mb\u00ebshtet\u00ebsit e tij n\u00eb Rusi dhe jasht\u00eb saj.<\/p>\n<p>&#8211; Putini padyshim do flet p\u00ebr &#8220;strategjikat&#8221;, p\u00ebr planet afatgjata&#8230;<br \/>\nSipas analistit Robert Coalson, Putini shpesh ka shpalosur iniciativa populiste, shum\u00eb prej t\u00eb cilave jan\u00eb n\u00eb &#8220;sh\u00ebnjest\u00ebr&#8221; t\u00eb arrihen n\u00eb afatet e caktuara gjat\u00eb disa viteve pas zgjedhjeve. K\u00ebt\u00eb praktik\u00eb ai mund ta vazhdoj\u00eb dhe n\u00eb fjalimin e k\u00ebtij viti, duke i p\u00ebrdorur premtimet e tilla &#8220;disa-vje\u00e7are&#8221; bashk\u00eb me thirrjet p\u00ebr bashkim patriotik. P\u00ebr ta nxitur nj\u00eb ndjenj\u00eb normaliteti, ai mund ta p\u00ebrcaktoj\u00eb nj\u00eb axhend\u00eb q\u00eb synon realizimin brenda 6 viteve t\u00eb ardhshme (t\u00eb mandatit t\u00eb tij), e cila axhend\u00eb kuptohet se mund t\u00eb harrohet pjes\u00ebrisht ose dhe t\u00ebr\u00ebsisht pas votimit&#8230;<\/p>\n<p>[ <em>fotoja ngjitur: Genya Savilov &#8211; RFE\/RL, via AFP<\/em> ]<\/p>\n<p><a  href=\"https:\/\/letrat.eu\/wp-content\/uploads\/2024\/02\/arspo_thuktim_fjalimi_i_putin_2024_analize_r_coalson_opt.jpg\" data-rel=\"lightbox-gallery-0\" data-rl_title=\"\" data-rl_caption=\"\" title=\"\"><img loading=\"lazy\" decoding=\"async\" class=\"alignnone size-full wp-image-14509\" src=\"https:\/\/letrat.eu\/wp-content\/uploads\/2024\/02\/arspo_thuktim_fjalimi_i_putin_2024_analize_r_coalson_opt.jpg\" alt=\"\" width=\"1400\" height=\"930\" srcset=\"https:\/\/letrat.eu\/wp-content\/uploads\/2024\/02\/arspo_thuktim_fjalimi_i_putin_2024_analize_r_coalson_opt.jpg 1400w, https:\/\/letrat.eu\/wp-content\/uploads\/2024\/02\/arspo_thuktim_fjalimi_i_putin_2024_analize_r_coalson_opt-300x199.jpg 300w, https:\/\/letrat.eu\/wp-content\/uploads\/2024\/02\/arspo_thuktim_fjalimi_i_putin_2024_analize_r_coalson_opt-1024x680.jpg 1024w, https:\/\/letrat.eu\/wp-content\/uploads\/2024\/02\/arspo_thuktim_fjalimi_i_putin_2024_analize_r_coalson_opt-768x510.jpg 768w\" sizes=\"auto, (max-width: 1400px) 100vw, 1400px\" \/><\/a><\/p>\n<p>&nbsp;<\/p>\n","protected":false},"excerpt":{"rendered":"<p>(s. guraziu &#8211; ars poetica, 28 shk. 2024 &#8211; thuktim i nj\u00eb analize t\u00eb Robert Coalson, korrespondent i RFE\/RL q\u00eb e mbulon Rusin\u00eb, Ballkanin dhe Evrop\u00ebn Lindore) Me fjalimin e tij vjetor Presidenti Putin nes\u00ebr i drejtohet kombit, m\u00eb 29&hellip; <a href=\"https:\/\/letrat.eu\/?p=14508\" class=\"more-link\">Lexo <span class=\"meta-nav\">&rarr;<\/span><\/a><\/p>\n","protected":false},"author":1,"featured_media":0,"comment_status":"closed","ping_status":"closed","sticky":false,"template":"","format":"standard","meta":{"footnotes":""},"categories":[15],"tags":[],"class_list":["post-14508","post","type-post","status-publish","format-standard","hentry","category-shenime-shkurt"],"_links":{"self":[{"href":"https:\/\/letrat.eu\/index.php?rest_route=\/wp\/v2\/posts\/14508","targetHints":{"allow":["GET"]}}],"collection":[{"href":"https:\/\/letrat.eu\/index.php?rest_route=\/wp\/v2\/posts"}],"about":[{"href":"https:\/\/letrat.eu\/index.php?rest_route=\/wp\/v2\/types\/post"}],"author":[{"embeddable":true,"href":"https:\/\/letrat.eu\/index.php?rest_route=\/wp\/v2\/users\/1"}],"replies":[{"embeddable":true,"href":"https:\/\/letrat.eu\/index.php?rest_route=%2Fwp%2Fv2%2Fcomments&post=14508"}],"version-history":[{"count":0,"href":"https:\/\/letrat.eu\/index.php?rest_route=\/wp\/v2\/posts\/14508\/revisions"}],"wp:attachment":[{"href":"https:\/\/letrat.eu\/index.php?rest_route=%2Fwp%2Fv2%2Fmedia&parent=14508"}],"wp:term":[{"taxonomy":"category","embeddable":true,"href":"https:\/\/letrat.eu\/index.php?rest_route=%2Fwp%2Fv2%2Fcategories&post=14508"},{"taxonomy":"post_tag","embeddable":true,"href":"https:\/\/letrat.eu\/index.php?rest_route=%2Fwp%2Fv2%2Ftags&post=14508"}],"curies":[{"name":"wp","href":"https:\/\/api.w.org\/{rel}","templated":true}]}}