{"id":14538,"date":"2024-03-05T23:11:36","date_gmt":"2024-03-05T22:11:36","guid":{"rendered":"https:\/\/letrat.eu\/?p=14538"},"modified":"2024-04-07T20:48:50","modified_gmt":"2024-04-07T19:48:50","slug":"shqiperia-me-buxhet-500-m-te-mbrojtjes-1-8-e-bpv-se","status":"publish","type":"post","link":"https:\/\/letrat.eu\/?p=14538","title":{"rendered":"Shqip\u00ebria me buxhet 500 m $ t\u00eb mbrojtjes (1.8% e BPV-s\u00eb)"},"content":{"rendered":"<p><em>(s. guraziu &#8211; ap, m 2024)<\/em><\/p>\n<p><a  href=\"https:\/\/letrat.eu\/wp-content\/uploads\/2024\/03\/arspo_shqiperia_me_buxhet_500_m_te_mbrojtjes_opt.jpg\" data-rel=\"lightbox-gallery-0\" data-rl_title=\"\" data-rl_caption=\"\" title=\"\"><img loading=\"lazy\" decoding=\"async\" class=\"alignnone size-full wp-image-14539\" src=\"https:\/\/letrat.eu\/wp-content\/uploads\/2024\/03\/arspo_shqiperia_me_buxhet_500_m_te_mbrojtjes_opt.jpg\" alt=\"\" width=\"1380\" height=\"776\" srcset=\"https:\/\/letrat.eu\/wp-content\/uploads\/2024\/03\/arspo_shqiperia_me_buxhet_500_m_te_mbrojtjes_opt.jpg 1380w, https:\/\/letrat.eu\/wp-content\/uploads\/2024\/03\/arspo_shqiperia_me_buxhet_500_m_te_mbrojtjes_opt-300x169.jpg 300w, https:\/\/letrat.eu\/wp-content\/uploads\/2024\/03\/arspo_shqiperia_me_buxhet_500_m_te_mbrojtjes_opt-1024x576.jpg 1024w, https:\/\/letrat.eu\/wp-content\/uploads\/2024\/03\/arspo_shqiperia_me_buxhet_500_m_te_mbrojtjes_opt-768x432.jpg 768w\" sizes=\"auto, (max-width: 1380px) 100vw, 1380px\" \/><\/a><\/p>\n<p>(<em>fotoja ngjitur: avion\u00eb &#8220;F-35 Lightning II&#8221;, veg\u00ebl ushtarake 110-milion\u00ebshe<\/em>)<\/p>\n<p>N\u00eb rajonin ballkanik, ushtarakisht Shqip\u00ebria u renditka e 2-ta, pas Serbis\u00eb, duke i l\u00ebn\u00eb pas vendet e tjera t\u00eb Ballkanit Per\u00ebndimor. I paska gjithsej 19 avion\u00eb, mir\u00ebpo p\u00ebr fat t\u00eb keq asnj\u00ebri prej tyre nuk u p\u00ebrdorka p\u00ebr st\u00ebrvitje, p\u00ebr misione ushtarake apo p\u00ebr sulme. Dmth. i bie se qenkan 0 avion\u00eb operacional, dhe se vendi mb\u00ebshtetet t\u00ebr\u00ebsisht n\u00eb fluturaket e NATO-aleanc\u00ebs.<\/p>\n<p>Gjithsesi, as avion\u00ebt s&#8217;do ngelen p\u00ebrgjithmon\u00eb &#8220;munges\u00eb&#8221;, q\u00ebkur Shqip\u00ebria ve\u00e7 ia ka nisur me blerje dronesh, e padyshim dhe me planet p\u00ebr avion\u00eb t\u00eb shtrenjt\u00eb. K\u00ebt\u00eb vit me 500 milion\u00eb $ shpenzimet e mbrojtjes shqiptare p\u00ebrb\u00ebnin 1.8% BPV-s\u00eb (5 vite m\u00eb her\u00ebt ishte 0.7%). Sinjal se Shqip\u00ebria po e forcon ushtrin\u00eb e vet, dhe po e p\u00ebrmbush detyrimin e NATO-s (p\u00ebr shpenzimet n\u00eb minimum-nivelin prej 2% t\u00eb BPV-s\u00eb).<\/p>\n<p>Gjith\u00e7ka n\u00eb koh\u00ebn e vet, dihet se p\u00ebr 1 avion &#8220;F-35 Lightning II&#8221; do duhej ndar\u00eb rreth 110 milion\u00eb $. E qart\u00eb se vet\u00ebm 4-5 avion\u00eb t\u00eb till\u00eb dhe do e kullufisnin gjith\u00eb buxhetin vjetor t\u00eb mbrojtjes s\u00eb Shqip\u00ebris\u00eb. Mir\u00ebpo edhe avion\u00ebve u vjen koha, gj\u00ebrat duhet strategjikisht dhe hap pas hapi.<br \/>\nNATO-ja se \u00e7&#8217;ka di\u00e7 t\u00eb ngjashme me at\u00eb analogjin\u00eb metaforike t\u00eb logjikes, &#8220;krapi \u00ebsht\u00eb peshk, peshqit marrin frym\u00eb me velza, andaj dhe krapi nj\u00ebsoj&#8221; &#8211; dmth. dronet u blen\u00eb nga Turqia, meq\u00eb Ku\u00e7ova u b\u00eb baz\u00eb e NATO-s, dhe meq\u00eb Turqia \u00ebsht\u00eb n\u00eb NATO, kuptohet se turqit (k\u00ebndej n\u00eb k\u00ebt\u00eb skajin e Evrop\u00ebs, nj\u00ebsoj si dhe holandez\u00ebt andej, n\u00eb at\u00eb skajin kah Atlantiku) avion\u00ebt e tyre mund t&#8217;i &#8220;parkojn\u00eb&#8221; n\u00eb Ku\u00e7ov\u00eb, sa her\u00eb t\u00eb duan dhe kur t\u00eb duan, falas.<\/p>\n<p>Prandaj dhe jan\u00eb aleancat ushtarake, apo jo, nevojiten bazat, raketat, arm\u00ebt, avion\u00ebt, satelit\u00ebt, n\u00ebndetset&#8230; \u00e7mos, lloj-lloj veglash. Ashtu-k\u00ebshtu bazat jan\u00eb di\u00e7 si parkingje p\u00ebr avion\u00ebt e shtrenjt\u00eb dhe p\u00ebr tekno-veglat e avancuara ushtarake. Aleanc\u00eb dhe vigjilenc\u00eb p\u00ebr t\u00eb gjith\u00eb, 1 p\u00ebr 100, dhe 100 p\u00ebr 1 (do thoshte dhe Mic Sokoli dikur, jo vet\u00ebm NATO-ja me impresionet e veta : )<\/p>\n<p>Nga instituti &#8220;Global Firepower&#8221;, Shqip\u00ebria qenka renditur e 90-ta p\u00ebr nga fuqia ushtarake. Instituti n\u00eb fjal\u00eb, i vler\u00ebson kapacitetet luftarake, numrin e trupave ushtarake, financat, teknologjin\u00eb e artileris\u00eb dhe aft\u00ebsit\u00eb logjistike. Mir\u00ebpo, mes 145 vendeve gjithsej, p\u00ebr nga buxheti i mbrojtjes Shqip\u00ebria u renditka e 113-ta. Sidoqoft\u00eb, inaugurimi i baz\u00ebs n\u00eb Ku\u00e7ov\u00eb si dhe blerja e 3 dron\u00ebve &#8220;Bayraktar&#8221; nga Turqia, qenka theksuar se jan\u00eb sinjal pozitiv sa i p\u00ebrket mbrojtjes ushtarake shqiptare. Fondi i mbrojtjes k\u00ebt\u00eb vit paska qen\u00eb 500 milion\u00eb $ (reth ~ 470 milion\u00eb \u20ac), rritje kjo e bukur, krahasuar me vitet e m\u00ebparshme.<\/p>\n<p><em>(shifrat, t\u00eb dh\u00ebnat: euronews)<\/em><\/p>\n<p>&nbsp;<\/p>\n","protected":false},"excerpt":{"rendered":"<p>(s. guraziu &#8211; ap, m 2024) (fotoja ngjitur: avion\u00eb &#8220;F-35 Lightning II&#8221;, veg\u00ebl ushtarake 110-milion\u00ebshe) N\u00eb rajonin ballkanik, ushtarakisht Shqip\u00ebria u renditka e 2-ta, pas Serbis\u00eb, duke i l\u00ebn\u00eb pas vendet e tjera t\u00eb Ballkanit Per\u00ebndimor. I paska gjithsej 19&hellip; <a href=\"https:\/\/letrat.eu\/?p=14538\" class=\"more-link\">Lexo <span class=\"meta-nav\">&rarr;<\/span><\/a><\/p>\n","protected":false},"author":1,"featured_media":0,"comment_status":"closed","ping_status":"closed","sticky":false,"template":"","format":"standard","meta":{"footnotes":""},"categories":[15],"tags":[],"class_list":["post-14538","post","type-post","status-publish","format-standard","hentry","category-shenime-shkurt"],"_links":{"self":[{"href":"https:\/\/letrat.eu\/index.php?rest_route=\/wp\/v2\/posts\/14538","targetHints":{"allow":["GET"]}}],"collection":[{"href":"https:\/\/letrat.eu\/index.php?rest_route=\/wp\/v2\/posts"}],"about":[{"href":"https:\/\/letrat.eu\/index.php?rest_route=\/wp\/v2\/types\/post"}],"author":[{"embeddable":true,"href":"https:\/\/letrat.eu\/index.php?rest_route=\/wp\/v2\/users\/1"}],"replies":[{"embeddable":true,"href":"https:\/\/letrat.eu\/index.php?rest_route=%2Fwp%2Fv2%2Fcomments&post=14538"}],"version-history":[{"count":0,"href":"https:\/\/letrat.eu\/index.php?rest_route=\/wp\/v2\/posts\/14538\/revisions"}],"wp:attachment":[{"href":"https:\/\/letrat.eu\/index.php?rest_route=%2Fwp%2Fv2%2Fmedia&parent=14538"}],"wp:term":[{"taxonomy":"category","embeddable":true,"href":"https:\/\/letrat.eu\/index.php?rest_route=%2Fwp%2Fv2%2Fcategories&post=14538"},{"taxonomy":"post_tag","embeddable":true,"href":"https:\/\/letrat.eu\/index.php?rest_route=%2Fwp%2Fv2%2Ftags&post=14538"}],"curies":[{"name":"wp","href":"https:\/\/api.w.org\/{rel}","templated":true}]}}