{"id":1477,"date":"2019-09-25T19:18:22","date_gmt":"2019-09-25T19:18:22","guid":{"rendered":"https:\/\/www.letrat.eu\/?p=1477"},"modified":"2024-04-28T16:28:18","modified_gmt":"2024-04-28T15:28:18","slug":"festivali-nderkombetar-i-poezise-2019-rotterdam","status":"publish","type":"post","link":"https:\/\/letrat.eu\/?p=1477","title":{"rendered":"Festivali Nd\u00ebrkomb\u00ebtar i Poezis\u00eb 2019, Rotterdam"},"content":{"rendered":"<p>Festivali Nd\u00ebrkomb\u00ebtar i Poezis\u00eb 2019, Rotterdam (i 50-i i radh\u00ebs, 13-16 Qershor)<\/p>\n<p>Q\u00eb nga v. 1970, poet\u00eb nga e gjith\u00eb bota vijn\u00eb n\u00eb Roterdam n\u00eb festivalin vjetor t\u00eb poezis\u00eb. K\u00ebt\u00eb vit festivali i mbush t\u00eb 50-at, nj\u00eb p\u00ebrvjetor i r\u00ebnd\u00ebsish\u00ebm si ky \u00ebsht\u00eb di\u00e7 si &#8220;ftes\u00eb&#8221; p\u00ebr nj\u00eb retrospektiv\u00eb dhe p\u00ebr ta festuar t\u00eb kaluar\u00ebn, por nj\u00ebkoh\u00ebsisht, psh. n\u00ebp\u00ebrmjet eventit special &#8220;What Happened to the Future?&#8221; (\u00c7&#8217;i ka ndodhur Ardhm\u00ebris\u00eb?) dhe n\u00ebp\u00ebrmjet aktiviteteve tjera t\u00eb ndryshme, Festivali do t&#8217;shikoj\u00eb dhe n\u00eb t\u00eb ardhmen &#8211; thon\u00eb organizator\u00ebt.<br \/>\n(<em>S. Guraziu &#8211; Ars Poetica, 30 Maj 2019<\/em>)<\/p>\n<p><a  href=\"https:\/\/letrat.eu\/wp-content\/uploads\/2019\/09\/Festivali-Nd\u00ebrkomb\u00ebtar-i-Poezis\u00eb-2019-Rotterdam.jpg\" data-rel=\"lightbox-gallery-0\" data-rl_title=\"\" data-rl_caption=\"\" title=\"\"><img loading=\"lazy\" decoding=\"async\" class=\"alignnone wp-image-1478 size-full\" src=\"https:\/\/letrat.eu\/wp-content\/uploads\/2019\/09\/Festivali-Nd\u00ebrkomb\u00ebtar-i-Poezis\u00eb-2019-Rotterdam.jpg\" alt=\"\" width=\"1280\" height=\"720\" srcset=\"https:\/\/letrat.eu\/wp-content\/uploads\/2019\/09\/Festivali-Nd\u00ebrkomb\u00ebtar-i-Poezis\u00eb-2019-Rotterdam.jpg 1280w, https:\/\/letrat.eu\/wp-content\/uploads\/2019\/09\/Festivali-Nd\u00ebrkomb\u00ebtar-i-Poezis\u00eb-2019-Rotterdam-300x169.jpg 300w, https:\/\/letrat.eu\/wp-content\/uploads\/2019\/09\/Festivali-Nd\u00ebrkomb\u00ebtar-i-Poezis\u00eb-2019-Rotterdam-768x432.jpg 768w, https:\/\/letrat.eu\/wp-content\/uploads\/2019\/09\/Festivali-Nd\u00ebrkomb\u00ebtar-i-Poezis\u00eb-2019-Rotterdam-1024x576.jpg 1024w\" sizes=\"auto, (max-width: 1280px) 100vw, 1280px\" \/><\/a><\/p>\n","protected":false},"excerpt":{"rendered":"<p>Festivali Nd\u00ebrkomb\u00ebtar i Poezis\u00eb 2019, Rotterdam (i 50-i i radh\u00ebs, 13-16 Qershor) Q\u00eb nga v. 1970, poet\u00eb nga e gjith\u00eb bota vijn\u00eb n\u00eb Roterdam n\u00eb festivalin vjetor t\u00eb poezis\u00eb. K\u00ebt\u00eb vit festivali i mbush t\u00eb 50-at, nj\u00eb p\u00ebrvjetor i r\u00ebnd\u00ebsish\u00ebm&hellip; <a href=\"https:\/\/letrat.eu\/?p=1477\" class=\"more-link\">Lexo <span class=\"meta-nav\">&rarr;<\/span><\/a><\/p>\n","protected":false},"author":1,"featured_media":0,"comment_status":"closed","ping_status":"closed","sticky":false,"template":"","format":"standard","meta":{"footnotes":""},"categories":[15],"tags":[],"class_list":["post-1477","post","type-post","status-publish","format-standard","hentry","category-shenime-shkurt"],"_links":{"self":[{"href":"https:\/\/letrat.eu\/index.php?rest_route=\/wp\/v2\/posts\/1477","targetHints":{"allow":["GET"]}}],"collection":[{"href":"https:\/\/letrat.eu\/index.php?rest_route=\/wp\/v2\/posts"}],"about":[{"href":"https:\/\/letrat.eu\/index.php?rest_route=\/wp\/v2\/types\/post"}],"author":[{"embeddable":true,"href":"https:\/\/letrat.eu\/index.php?rest_route=\/wp\/v2\/users\/1"}],"replies":[{"embeddable":true,"href":"https:\/\/letrat.eu\/index.php?rest_route=%2Fwp%2Fv2%2Fcomments&post=1477"}],"version-history":[{"count":0,"href":"https:\/\/letrat.eu\/index.php?rest_route=\/wp\/v2\/posts\/1477\/revisions"}],"wp:attachment":[{"href":"https:\/\/letrat.eu\/index.php?rest_route=%2Fwp%2Fv2%2Fmedia&parent=1477"}],"wp:term":[{"taxonomy":"category","embeddable":true,"href":"https:\/\/letrat.eu\/index.php?rest_route=%2Fwp%2Fv2%2Fcategories&post=1477"},{"taxonomy":"post_tag","embeddable":true,"href":"https:\/\/letrat.eu\/index.php?rest_route=%2Fwp%2Fv2%2Ftags&post=1477"}],"curies":[{"name":"wp","href":"https:\/\/api.w.org\/{rel}","templated":true}]}}