{"id":1483,"date":"2019-09-25T19:26:02","date_gmt":"2019-09-25T19:26:02","guid":{"rendered":"https:\/\/www.letrat.eu\/?p=1483"},"modified":"2024-04-25T00:43:42","modified_gmt":"2024-04-24T23:43:42","slug":"joyce-sutphen-duke-emeruar-yjet","status":"publish","type":"post","link":"https:\/\/letrat.eu\/?p=1483","title":{"rendered":"Joyce Sutphen &#8211; Duke Em\u00ebruar Yjet"},"content":{"rendered":"<p>DUKE EM\u00cbRUAR YJET<br \/>\nJoyce Sutphen [ 1949, ShBA ]<\/p>\n<p>Kjo tragjedi prezente her\u00ebdokur<br \/>\ndo t&#8217;kthehet n\u00eb nj\u00eb mit, dhe<br \/>\nn\u00eb mjegull\u00ebn e rr\u00ebfimeve<br \/>\nt\u00eb m\u00ebvonshme kambana e s\u00eb sotmes<br \/>\ndo t&#8217;jet\u00eb nj\u00eb simbol, ose, t\u00eb pakt\u00ebn,<br \/>\nshenj\u00eb e di\u00e7kaje q\u00ebmoti e humbur.<\/p>\n<p>Do t&#8217;jet\u00eb nj\u00eb prej atyre ndryshimeve<br \/>\nt\u00eb lirshme, ripozicionim zemrash,<br \/>\nvet\u00ebm pjes\u00eb jet\u00ebsh t\u00eb vjetra ngjitur<br \/>\ns\u00eb bashku, mbledhur n\u00eb nj\u00eb yll\u00ebsi<br \/>\nt\u00eb zbeht\u00eb, ngush\u00ebllim i vog\u00ebl.<\/p>\n<p>Shih, do t&#8217;themi, pothuaj mund<br \/>\nt&#8217;shihet vija e kontur\u00ebs atje: maj\u00ebgishtat<br \/>\ne saj duke prekur gishtat e tij,<br \/>\nbashk\u00ebshkrirje prej dy trupash<br \/>\nt\u00eb mekur tek shp\u00ebrthejn\u00eb n\u00eb drit\u00eb.<\/p>\n<p>&#8211; &#8211; &#8211;<br \/>\n<em>\u00a9 J. Sutphen &#8211; &#8220;Naming the Stars: Poems&#8221;, Holy Cow! Pres, 2004<\/em><br \/>\n<em>\u00a9 p\u00ebr p\u00ebrkthimin S. Guraziu &#8211; Ars Poetica, 2019<\/em><\/p>\n<p><a  href=\"https:\/\/letrat.eu\/wp-content\/uploads\/2019\/09\/Joyce-Sutphen-Duke-Em\u00ebruar-Yjet.jpg\" data-rel=\"lightbox-gallery-0\" data-rl_title=\"\" data-rl_caption=\"\" title=\"\"><img loading=\"lazy\" decoding=\"async\" class=\"alignnone wp-image-1484 size-full\" src=\"https:\/\/letrat.eu\/wp-content\/uploads\/2019\/09\/Joyce-Sutphen-Duke-Em\u00ebruar-Yjet.jpg\" alt=\"\" width=\"1400\" height=\"1035\" srcset=\"https:\/\/letrat.eu\/wp-content\/uploads\/2019\/09\/Joyce-Sutphen-Duke-Em\u00ebruar-Yjet.jpg 1400w, https:\/\/letrat.eu\/wp-content\/uploads\/2019\/09\/Joyce-Sutphen-Duke-Em\u00ebruar-Yjet-300x222.jpg 300w, https:\/\/letrat.eu\/wp-content\/uploads\/2019\/09\/Joyce-Sutphen-Duke-Em\u00ebruar-Yjet-768x568.jpg 768w, https:\/\/letrat.eu\/wp-content\/uploads\/2019\/09\/Joyce-Sutphen-Duke-Em\u00ebruar-Yjet-1024x757.jpg 1024w\" sizes=\"auto, (max-width: 1400px) 100vw, 1400px\" \/><\/a><\/p>\n<p>&#8211; &#8211; &#8211;<\/p>\n<p><strong>Not\u00eb<\/strong>:<br \/>\n&#8230;poetja Joyce Sutphen qe nga v. 2011 eshte nderuar me mirenjohjen me te madhe qe nje shtet mund t&#8217;ua ndaje poeteve zyrtarisht, si &#8220;Poet Laureate&#8221; per shtetin Minnesota (foto: Wikipedia &#8211; Sutphen qe em\u00ebruar nga Guvernatori Mark Dayton, dhe \u00ebsht\u00eb &#8220;Laureatja&#8221; e dyt\u00eb e sht. Minnesota )<br \/>\n(<em>sguraziu<\/em>)<\/p>\n<p><a  href=\"https:\/\/letrat.eu\/wp-content\/uploads\/2019\/09\/Joyce-Sutphen-Duke-Em\u00ebruar-Yjet2.jpg\" data-rel=\"lightbox-gallery-0\" data-rl_title=\"\" data-rl_caption=\"\" title=\"\"><img loading=\"lazy\" decoding=\"async\" class=\"alignnone wp-image-1485 size-full\" src=\"https:\/\/www.letrat.eu\/wp-content\/uploads\/2019\/09\/Joyce-Sutphen-Duke-Em\u00ebruar-Yjet2.jpg\" alt=\"\" width=\"1400\" height=\"930\" srcset=\"https:\/\/letrat.eu\/wp-content\/uploads\/2019\/09\/Joyce-Sutphen-Duke-Em\u00ebruar-Yjet2.jpg 1400w, https:\/\/letrat.eu\/wp-content\/uploads\/2019\/09\/Joyce-Sutphen-Duke-Em\u00ebruar-Yjet2-300x199.jpg 300w, https:\/\/letrat.eu\/wp-content\/uploads\/2019\/09\/Joyce-Sutphen-Duke-Em\u00ebruar-Yjet2-768x510.jpg 768w, https:\/\/letrat.eu\/wp-content\/uploads\/2019\/09\/Joyce-Sutphen-Duke-Em\u00ebruar-Yjet2-1024x680.jpg 1024w\" sizes=\"auto, (max-width: 1400px) 100vw, 1400px\" \/><\/a><\/p>\n","protected":false},"excerpt":{"rendered":"<p>DUKE EM\u00cbRUAR YJET Joyce Sutphen [ 1949, ShBA ] Kjo tragjedi prezente her\u00ebdokur do t&#8217;kthehet n\u00eb nj\u00eb mit, dhe n\u00eb mjegull\u00ebn e rr\u00ebfimeve t\u00eb m\u00ebvonshme kambana e s\u00eb sotmes do t&#8217;jet\u00eb nj\u00eb simbol, ose, t\u00eb pakt\u00ebn, shenj\u00eb e di\u00e7kaje q\u00ebmoti&hellip; <a href=\"https:\/\/letrat.eu\/?p=1483\" class=\"more-link\">Lexo <span class=\"meta-nav\">&rarr;<\/span><\/a><\/p>\n","protected":false},"author":1,"featured_media":0,"comment_status":"closed","ping_status":"closed","sticky":false,"template":"","format":"standard","meta":{"footnotes":""},"categories":[2],"tags":[],"class_list":["post-1483","post","type-post","status-publish","format-standard","hentry","category-perkthime"],"_links":{"self":[{"href":"https:\/\/letrat.eu\/index.php?rest_route=\/wp\/v2\/posts\/1483","targetHints":{"allow":["GET"]}}],"collection":[{"href":"https:\/\/letrat.eu\/index.php?rest_route=\/wp\/v2\/posts"}],"about":[{"href":"https:\/\/letrat.eu\/index.php?rest_route=\/wp\/v2\/types\/post"}],"author":[{"embeddable":true,"href":"https:\/\/letrat.eu\/index.php?rest_route=\/wp\/v2\/users\/1"}],"replies":[{"embeddable":true,"href":"https:\/\/letrat.eu\/index.php?rest_route=%2Fwp%2Fv2%2Fcomments&post=1483"}],"version-history":[{"count":0,"href":"https:\/\/letrat.eu\/index.php?rest_route=\/wp\/v2\/posts\/1483\/revisions"}],"wp:attachment":[{"href":"https:\/\/letrat.eu\/index.php?rest_route=%2Fwp%2Fv2%2Fmedia&parent=1483"}],"wp:term":[{"taxonomy":"category","embeddable":true,"href":"https:\/\/letrat.eu\/index.php?rest_route=%2Fwp%2Fv2%2Fcategories&post=1483"},{"taxonomy":"post_tag","embeddable":true,"href":"https:\/\/letrat.eu\/index.php?rest_route=%2Fwp%2Fv2%2Ftags&post=1483"}],"curies":[{"name":"wp","href":"https:\/\/api.w.org\/{rel}","templated":true}]}}