{"id":1487,"date":"2019-09-25T19:29:04","date_gmt":"2019-09-25T19:29:04","guid":{"rendered":"https:\/\/www.letrat.eu\/?p=1487"},"modified":"2024-04-25T00:43:20","modified_gmt":"2024-04-24T23:43:20","slug":"joyce-sutphen-origami","status":"publish","type":"post","link":"https:\/\/letrat.eu\/?p=1487","title":{"rendered":"Joyce Sutphen &#8211; Origami"},"content":{"rendered":"<p>ORIGAMI<br \/>\nJoyce Sutphen [ 1949, ShBA ]<\/p>\n<p>Fillon<br \/>\nme nj\u00eb flet\u00eb t\u00eb zbraz\u00ebt,<br \/>\ndysheme e parrahur<br \/>\nnga hapa vallesh,<\/p>\n<p>aj\u00ebr ku asnj\u00eb z\u00eb<br \/>\ns&#8217;e fshin qet\u00ebsin\u00eb.<br \/>\nSapo<\/p>\n<p>t&#8217;i jap\u00ebsh z\u00eb not\u00ebs s\u00eb par\u00eb,<br \/>\nsapo ta shkruash nj\u00eb fjal\u00eb,<br \/>\nt\u00eb hap\u00ebrosh n\u00eb sken\u00ebn bosh,<\/p>\n<p>sakaq je afruar m\u00eb pran\u00eb<br \/>\nkrijes\u00ebs brenda.<br \/>\nMos harro &#8211;<\/p>\n<p>nj\u00eb katror mund<br \/>\nt&#8217;p\u00ebrfundoj\u00eb si bretkoc\u00eb,<br \/>\nsi kardinal, si mantid\u00eb*<br \/>\na si peshk.<\/p>\n<p>Mund t&#8217;b\u00ebsh si t&#8217;kesh qejf,<br \/>\nb\u00ebj at\u00eb q\u00eb t&#8217;p\u00eblqen.<\/p>\n<p>* mantid\u00eb &#8211; insekt, nj\u00eb takson monotipik (q\u00eb ka vet\u00ebm nj\u00eb specie n\u00eb familje) nga rangu i karkalec\u00ebve Mantodea<\/p>\n<p>&#8211; &#8211; &#8211;<br \/>\n<em>\u00a9 2018 J. Sutphen &#8211; via ALP, Column 746 (American Life in Poetry) &#8211; Poetry Foundation, 2019<\/em><br \/>\n<em>\u00a9 p\u00ebr p\u00ebrkthimin S. Guraziu &#8211; Ars Poetica, 2019<\/em><\/p>\n<p><a  href=\"https:\/\/letrat.eu\/wp-content\/uploads\/2019\/09\/Joyce-Sutphen-Origami.jpg\" data-rel=\"lightbox-gallery-0\" data-rl_title=\"\" data-rl_caption=\"\" title=\"\"><img loading=\"lazy\" decoding=\"async\" class=\"alignnone wp-image-1488 size-full\" src=\"https:\/\/letrat.eu\/wp-content\/uploads\/2019\/09\/Joyce-Sutphen-Origami.jpg\" alt=\"\" width=\"1400\" height=\"1035\" srcset=\"https:\/\/letrat.eu\/wp-content\/uploads\/2019\/09\/Joyce-Sutphen-Origami.jpg 1400w, https:\/\/letrat.eu\/wp-content\/uploads\/2019\/09\/Joyce-Sutphen-Origami-300x222.jpg 300w, https:\/\/letrat.eu\/wp-content\/uploads\/2019\/09\/Joyce-Sutphen-Origami-768x568.jpg 768w, https:\/\/letrat.eu\/wp-content\/uploads\/2019\/09\/Joyce-Sutphen-Origami-1024x757.jpg 1024w\" sizes=\"auto, (max-width: 1400px) 100vw, 1400px\" \/><\/a><\/p>\n<p>&#8211; &#8211; &#8211;<\/p>\n<p><strong>Not\u00eb<\/strong>:<br \/>\n&#8230;sipas poetit Ted Kooser (&#8220;Poet Laureate&#8221; i ShBA, K\u00ebshilltar p\u00ebr Poezin\u00eb pran\u00eb &#8220;Bibliotek\u00ebs s\u00eb Kongresit&#8221;, 2004-06), kjo poezi nga poetja J. Sutphen i qe kushtuar mbes\u00ebs Ellie, por Kooser thot\u00eb se nj\u00eb poezi e mir\u00eb s&#8217;njeh &#8220;kufij&#8221; moshe &#8211; un\u00eb pasi e lexova vet\u00eb sikur po thosha m\u00ebvete &#8220;n\u00eb rregull, mund t&#8217;ia ket\u00eb kushtuar mbes\u00ebs Ellie, ama p\u00ebr m\u00eb von\u00eb&#8230; q\u00eb ta &#8220;kuptoj\u00eb&#8221; kur t\u00eb rritet \ud83d\ude42<\/p>\n<p>&#8230;poetja Joyce Sutphen qe nga v. 2011 eshte nderuar me mirenjohjen me te madhe qe nje shtet mund t&#8217;ua ndaje poeteve zyrtarisht, si &#8220;Poet Laureate&#8221; per shtetin Minnesota (foto: Wikipedia &#8211; Sutphen qe em\u00ebruar nga Guvernatori Mark Dayton, dhe \u00ebsht\u00eb &#8220;Laureatja&#8221; e dyt\u00eb e sht. Minnesota )<br \/>\n(<em>sguraziu<\/em>)<\/p>\n<p><a  href=\"https:\/\/letrat.eu\/wp-content\/uploads\/2019\/09\/Joyce-Sutphen-Duke-Em\u00ebruar-Yjet2.jpg\" data-rel=\"lightbox-gallery-0\" data-rl_title=\"\" data-rl_caption=\"\" title=\"\"><img loading=\"lazy\" decoding=\"async\" class=\"alignnone wp-image-1485 size-full\" src=\"https:\/\/letrat.eu\/wp-content\/uploads\/2019\/09\/Joyce-Sutphen-Duke-Em\u00ebruar-Yjet2.jpg\" alt=\"\" width=\"1400\" height=\"930\" srcset=\"https:\/\/letrat.eu\/wp-content\/uploads\/2019\/09\/Joyce-Sutphen-Duke-Em\u00ebruar-Yjet2.jpg 1400w, https:\/\/letrat.eu\/wp-content\/uploads\/2019\/09\/Joyce-Sutphen-Duke-Em\u00ebruar-Yjet2-300x199.jpg 300w, https:\/\/letrat.eu\/wp-content\/uploads\/2019\/09\/Joyce-Sutphen-Duke-Em\u00ebruar-Yjet2-768x510.jpg 768w, https:\/\/letrat.eu\/wp-content\/uploads\/2019\/09\/Joyce-Sutphen-Duke-Em\u00ebruar-Yjet2-1024x680.jpg 1024w\" sizes=\"auto, (max-width: 1400px) 100vw, 1400px\" \/><\/a><\/p>\n","protected":false},"excerpt":{"rendered":"<p>ORIGAMI Joyce Sutphen [ 1949, ShBA ] Fillon me nj\u00eb flet\u00eb t\u00eb zbraz\u00ebt, dysheme e parrahur nga hapa vallesh, aj\u00ebr ku asnj\u00eb z\u00eb s&#8217;e fshin qet\u00ebsin\u00eb. Sapo t&#8217;i jap\u00ebsh z\u00eb not\u00ebs s\u00eb par\u00eb, sapo ta shkruash nj\u00eb fjal\u00eb, t\u00eb hap\u00ebrosh&hellip; <a href=\"https:\/\/letrat.eu\/?p=1487\" class=\"more-link\">Lexo <span class=\"meta-nav\">&rarr;<\/span><\/a><\/p>\n","protected":false},"author":1,"featured_media":0,"comment_status":"closed","ping_status":"closed","sticky":false,"template":"","format":"standard","meta":{"footnotes":""},"categories":[2],"tags":[],"class_list":["post-1487","post","type-post","status-publish","format-standard","hentry","category-perkthime"],"_links":{"self":[{"href":"https:\/\/letrat.eu\/index.php?rest_route=\/wp\/v2\/posts\/1487","targetHints":{"allow":["GET"]}}],"collection":[{"href":"https:\/\/letrat.eu\/index.php?rest_route=\/wp\/v2\/posts"}],"about":[{"href":"https:\/\/letrat.eu\/index.php?rest_route=\/wp\/v2\/types\/post"}],"author":[{"embeddable":true,"href":"https:\/\/letrat.eu\/index.php?rest_route=\/wp\/v2\/users\/1"}],"replies":[{"embeddable":true,"href":"https:\/\/letrat.eu\/index.php?rest_route=%2Fwp%2Fv2%2Fcomments&post=1487"}],"version-history":[{"count":0,"href":"https:\/\/letrat.eu\/index.php?rest_route=\/wp\/v2\/posts\/1487\/revisions"}],"wp:attachment":[{"href":"https:\/\/letrat.eu\/index.php?rest_route=%2Fwp%2Fv2%2Fmedia&parent=1487"}],"wp:term":[{"taxonomy":"category","embeddable":true,"href":"https:\/\/letrat.eu\/index.php?rest_route=%2Fwp%2Fv2%2Fcategories&post=1487"},{"taxonomy":"post_tag","embeddable":true,"href":"https:\/\/letrat.eu\/index.php?rest_route=%2Fwp%2Fv2%2Ftags&post=1487"}],"curies":[{"name":"wp","href":"https:\/\/api.w.org\/{rel}","templated":true}]}}