{"id":1490,"date":"2019-09-25T19:34:10","date_gmt":"2019-09-25T19:34:10","guid":{"rendered":"https:\/\/www.letrat.eu\/?p=1490"},"modified":"2024-04-24T21:39:15","modified_gmt":"2024-04-24T20:39:15","slug":"idra-novey-vizitori","status":"publish","type":"post","link":"https:\/\/letrat.eu\/?p=1490","title":{"rendered":"Idra Novey &#8211; Vizitori"},"content":{"rendered":"<p><img loading=\"lazy\" decoding=\"async\" class=\"alignright size-medium wp-image-1491\" src=\"https:\/\/www.letrat.eu\/wp-content\/uploads\/2019\/09\/Idra-Novey1-300x220.jpg\" alt=\"\" width=\"300\" height=\"220\" srcset=\"https:\/\/letrat.eu\/wp-content\/uploads\/2019\/09\/Idra-Novey1-300x220.jpg 300w, https:\/\/letrat.eu\/wp-content\/uploads\/2019\/09\/Idra-Novey1-768x563.jpg 768w, https:\/\/letrat.eu\/wp-content\/uploads\/2019\/09\/Idra-Novey1-1024x750.jpg 1024w, https:\/\/letrat.eu\/wp-content\/uploads\/2019\/09\/Idra-Novey1.jpg 1280w\" sizes=\"auto, (max-width: 300px) 100vw, 300px\" \/>VIZITORI<br \/>\nIdra Novey [ 1978, ShBA ]<\/p>\n<p>S&#8217;merret me larje en\u00ebsh,<br \/>\nsalca i pikon dyshemes\u00eb.<br \/>\nM\u00eb shum\u00eb \u00ebsht\u00eb drangua<br \/>\nsesa langua vesh\u00ebvarur<br \/>\nspanjoll, m\u00eb i djegsh\u00ebm<br \/>\nsesa l\u00ebngu.<br \/>\n\u00cbsht\u00eb vet\u00eb zgjidhja<br \/>\ne nyjes brenda meje,<br \/>\nmarmelata me fruta<br \/>\nt\u00eb p\u00ebrziera e kuzhin\u00ebs.<br \/>\nE zgjon disko-zhurm\u00ebn dhe<br \/>\nhibiskusin e brendsh\u00ebm,<br \/>\nHektori i Troj\u00ebs n\u00eb mua,<br \/>\nm\u00eb t\u00eb rr\u00ebmujshme se kurr\u00eb.<br \/>\nDuke i analizuar gjith\u00eb<br \/>\ndyshek\u00ebt e djersitur, ka<br \/>\nq\u00ebndruar m\u00eb i zhurmshmi<br \/>\ndhe m\u00eb s\u00eb gjati nga cilido<br \/>\nvizitor, ja, m\u00eb th\u00ebrret<br \/>\ntani derisa shkruaj k\u00ebt\u00eb,<br \/>\nB-ja e vog\u00ebl g\u00ebzimsjell\u00ebse.<\/p>\n<p>&#8211; &#8211; &#8211;<br \/>\n<em>\u00a9 Idra Novey &#8211; Burimi: Poetry Magazine (Dhjetor 2012, P. Foundation, ShBA<\/em><br \/>\n<em>\u00a9 p\u00ebr p\u00ebrkthimin: S. Guraziu &#8211; Ars Poetica, 2019<\/em><\/p>\n<p>&#8211; &#8211; &#8211;<br \/>\n(not\u00eb, sh\u00ebnim &#8211; s. guraziu)<br \/>\n&#8230;si mund ta lavd\u00ebrosh nj\u00eb &#8220;vizitor&#8221; m\u00eb bukur se k\u00ebshtu, i cili &#8220;vizitor&#8221; sidomos n\u00ebse t&#8217;jet\u00eb babai i dashur, poezia shpesh \u00ebsht\u00eb ai \u00e7asti i vock\u00ebl kur thuase vet\u00eb lumturia &#8220;k\u00eblthet&#8221; e lumtur diku brenda nesh, moment i frymimit ton\u00eb kur thuase s&#8217;b\u00ebhet tutje fjal\u00eb as p\u00ebr ndjenjat as p\u00ebr parandjenjat por tashm\u00eb p\u00ebr vet\u00eb &#8220;aktin e kryer&#8221; t\u00eb qart\u00ebsis\u00eb, si konfirmim i gjendjes s\u00eb ngroht\u00eb shpirt\u00ebrore, thuase lumturia tashm\u00eb ashtu heshturake &#8220;rrjedh&#8230; manifestohet&#8221; p\u00ebrjashta me fjal\u00ebt m\u00eb t\u00eb r\u00ebndomta, me gjuh\u00ebn m\u00eb t\u00eb thjesht\u00eb poetike &#8211; autorja, padyshim, poezin\u00eb ia ka kushtuar babait t\u00eb vet (dje qe shp\u00ebrndar si &#8220;Poezi e Dit\u00ebs&#8221; nga Poetry Foundation, ShBA, mbase p\u00ebrzgjedhur me &#8220;shkas&#8221;&#8230; pasi) dje ishte &#8220;Dita e Prind\u00ebrve&#8221;, e cila dit\u00eb festohet n\u00eb ShBA (nga v. 1994, qe zyrtarizuar n\u00ebn administrat\u00ebn e Presidentit Bill Klinton)&#8230;<\/p>\n","protected":false},"excerpt":{"rendered":"<p>VIZITORI Idra Novey [ 1978, ShBA ] S&#8217;merret me larje en\u00ebsh, salca i pikon dyshemes\u00eb. M\u00eb shum\u00eb \u00ebsht\u00eb drangua sesa langua vesh\u00ebvarur spanjoll, m\u00eb i djegsh\u00ebm sesa l\u00ebngu. \u00cbsht\u00eb vet\u00eb zgjidhja e nyjes brenda meje, marmelata me fruta t\u00eb p\u00ebrziera&hellip; <a href=\"https:\/\/letrat.eu\/?p=1490\" class=\"more-link\">Lexo <span class=\"meta-nav\">&rarr;<\/span><\/a><\/p>\n","protected":false},"author":1,"featured_media":0,"comment_status":"closed","ping_status":"closed","sticky":false,"template":"","format":"standard","meta":{"footnotes":""},"categories":[2],"tags":[],"class_list":["post-1490","post","type-post","status-publish","format-standard","hentry","category-perkthime"],"_links":{"self":[{"href":"https:\/\/letrat.eu\/index.php?rest_route=\/wp\/v2\/posts\/1490","targetHints":{"allow":["GET"]}}],"collection":[{"href":"https:\/\/letrat.eu\/index.php?rest_route=\/wp\/v2\/posts"}],"about":[{"href":"https:\/\/letrat.eu\/index.php?rest_route=\/wp\/v2\/types\/post"}],"author":[{"embeddable":true,"href":"https:\/\/letrat.eu\/index.php?rest_route=\/wp\/v2\/users\/1"}],"replies":[{"embeddable":true,"href":"https:\/\/letrat.eu\/index.php?rest_route=%2Fwp%2Fv2%2Fcomments&post=1490"}],"version-history":[{"count":0,"href":"https:\/\/letrat.eu\/index.php?rest_route=\/wp\/v2\/posts\/1490\/revisions"}],"wp:attachment":[{"href":"https:\/\/letrat.eu\/index.php?rest_route=%2Fwp%2Fv2%2Fmedia&parent=1490"}],"wp:term":[{"taxonomy":"category","embeddable":true,"href":"https:\/\/letrat.eu\/index.php?rest_route=%2Fwp%2Fv2%2Fcategories&post=1490"},{"taxonomy":"post_tag","embeddable":true,"href":"https:\/\/letrat.eu\/index.php?rest_route=%2Fwp%2Fv2%2Ftags&post=1490"}],"curies":[{"name":"wp","href":"https:\/\/api.w.org\/{rel}","templated":true}]}}