{"id":15390,"date":"2024-07-21T10:36:42","date_gmt":"2024-07-21T09:36:42","guid":{"rendered":"https:\/\/letrat.eu\/?p=15390"},"modified":"2024-08-18T19:38:44","modified_gmt":"2024-08-18T18:38:44","slug":"sikur-te-gjithe-ti-kuptonin-njejte-gjerat-e-njejta","status":"publish","type":"post","link":"https:\/\/letrat.eu\/?p=15390","title":{"rendered":"Sikur t\u00eb gjith\u00eb t&#8217;i kuptonin &#8220;nj\u00ebjt\u00eb&#8221; gj\u00ebrat e nj\u00ebjta : )"},"content":{"rendered":"<p><em>(s. guraziu &#8211; ars poetica, k 24)<\/em><\/p>\n<p>&#8230;padyshim t\u00eb gjith\u00eb e mbajn\u00eb mend kur Presidenti Joe Biden e ngat\u00ebrroi Presidentin e Ukrain\u00ebs, z. Zelenskyy, me Putinin e Rusis\u00eb, duke e prezantuar nga foltorja si &#8220;<em>Presidenti i Ukrain\u00ebs, z. Putin<\/em>&#8220;&#8230; anise sakaq u kthjellua, e kuptoi dhe iu drejtua publikut &#8220;<em>did I say Putin<\/em>&#8221; : ) natyrisht, edhe Presidentit Zelenskyy iu desh\u00ebn vet\u00ebm ca sekonda dhe iu ngjall buz\u00ebqeshja, saora e kuptoi gaf\u00ebn e Joe Biden&#8230;<\/p>\n<p>&#8230;vendimi i Joe Biden, t\u00ebrheqja e tij nuk m\u00eb erdhi asfare si &#8220;surpriz\u00eb&#8221;, un\u00eb madje sikur e &#8220;dija&#8221; (ashtu sa p\u00ebr veten), sikur e prisja se do t&#8217;ndodhte &#8211; tani lajmi p\u00ebr t\u00ebrheqjen e tij vet\u00ebm sa e konfirmon si t\u00eb thuash aktin e arsyesh\u00ebm dhe patriotik (sepse \u00ebsht\u00eb dhe patriotiz\u00ebm), s&#8217;ka asgj\u00eb p\u00ebr t&#8217;u ndjer &#8220;keq&#8221;, \u00ebsht\u00eb totalisht e natyrshme, pleq\u00ebria thjesht e b\u00ebn t\u00eb veten, s&#8217;pyet n\u00ebse mbret, perandor a president &#8211; ajo \u00e7far\u00eb m&#8217;shkoi mendja, ishte:<br \/>\neh, sikur ta KUPTONTE dhe z. Trump t\u00eb NJ\u00cbJT\u00cbN, pasi \u00ebsht\u00eb absurd si ai pandeh se na qenka i ri, thuase i ka &#8220;harruar&#8221; 1 milion gafat e veta gjat\u00eb mandatit presidencial, kurr\u00eb s&#8217;u mbush mend, thuase pretendon t\u00eb jetoj\u00eb s\u00ebpaku dhe nja 200 vjet : )<\/p>\n<p><a  href=\"https:\/\/letrat.eu\/wp-content\/uploads\/2024\/08\/arspo_joe_biden_photo1_opt.jpg\" data-rel=\"lightbox-gallery-0\" data-rl_title=\"\" data-rl_caption=\"\" title=\"\"><img loading=\"lazy\" decoding=\"async\" class=\"alignnone size-full wp-image-15391\" src=\"https:\/\/letrat.eu\/wp-content\/uploads\/2024\/08\/arspo_joe_biden_photo1_opt.jpg\" alt=\"\" width=\"1280\" height=\"963\" srcset=\"https:\/\/letrat.eu\/wp-content\/uploads\/2024\/08\/arspo_joe_biden_photo1_opt.jpg 1280w, https:\/\/letrat.eu\/wp-content\/uploads\/2024\/08\/arspo_joe_biden_photo1_opt-300x226.jpg 300w, https:\/\/letrat.eu\/wp-content\/uploads\/2024\/08\/arspo_joe_biden_photo1_opt-1024x770.jpg 1024w, https:\/\/letrat.eu\/wp-content\/uploads\/2024\/08\/arspo_joe_biden_photo1_opt-768x578.jpg 768w\" sizes=\"auto, (max-width: 1280px) 100vw, 1280px\" \/><\/a><\/p>\n<p>&nbsp;<\/p>\n","protected":false},"excerpt":{"rendered":"<p>(s. guraziu &#8211; ars poetica, k 24) &#8230;padyshim t\u00eb gjith\u00eb e mbajn\u00eb mend kur Presidenti Joe Biden e ngat\u00ebrroi Presidentin e Ukrain\u00ebs, z. Zelenskyy, me Putinin e Rusis\u00eb, duke e prezantuar nga foltorja si &#8220;Presidenti i Ukrain\u00ebs, z. Putin&#8220;&#8230; anise&hellip; <a href=\"https:\/\/letrat.eu\/?p=15390\" class=\"more-link\">Lexo <span class=\"meta-nav\">&rarr;<\/span><\/a><\/p>\n","protected":false},"author":1,"featured_media":0,"comment_status":"closed","ping_status":"closed","sticky":false,"template":"","format":"standard","meta":{"footnotes":""},"categories":[15],"tags":[],"class_list":["post-15390","post","type-post","status-publish","format-standard","hentry","category-shenime-shkurt"],"_links":{"self":[{"href":"https:\/\/letrat.eu\/index.php?rest_route=\/wp\/v2\/posts\/15390","targetHints":{"allow":["GET"]}}],"collection":[{"href":"https:\/\/letrat.eu\/index.php?rest_route=\/wp\/v2\/posts"}],"about":[{"href":"https:\/\/letrat.eu\/index.php?rest_route=\/wp\/v2\/types\/post"}],"author":[{"embeddable":true,"href":"https:\/\/letrat.eu\/index.php?rest_route=\/wp\/v2\/users\/1"}],"replies":[{"embeddable":true,"href":"https:\/\/letrat.eu\/index.php?rest_route=%2Fwp%2Fv2%2Fcomments&post=15390"}],"version-history":[{"count":0,"href":"https:\/\/letrat.eu\/index.php?rest_route=\/wp\/v2\/posts\/15390\/revisions"}],"wp:attachment":[{"href":"https:\/\/letrat.eu\/index.php?rest_route=%2Fwp%2Fv2%2Fmedia&parent=15390"}],"wp:term":[{"taxonomy":"category","embeddable":true,"href":"https:\/\/letrat.eu\/index.php?rest_route=%2Fwp%2Fv2%2Fcategories&post=15390"},{"taxonomy":"post_tag","embeddable":true,"href":"https:\/\/letrat.eu\/index.php?rest_route=%2Fwp%2Fv2%2Ftags&post=15390"}],"curies":[{"name":"wp","href":"https:\/\/api.w.org\/{rel}","templated":true}]}}