{"id":16561,"date":"2024-09-20T16:21:45","date_gmt":"2024-09-20T15:21:45","guid":{"rendered":"https:\/\/letrat.eu\/?p=16561"},"modified":"2024-09-29T23:24:30","modified_gmt":"2024-09-29T22:24:30","slug":"flamuj-mjaft-te-ngjashem-fare-pak-dallim","status":"publish","type":"post","link":"https:\/\/letrat.eu\/?p=16561","title":{"rendered":"Flamuj mjaft t\u00eb ngjash\u00ebm, fare pak dallim"},"content":{"rendered":"<p>[ flamuj mjaft t\u00eb &#8220;ngjash\u00ebm&#8221;, fare pak dallim ]<br \/>\n<em>(s. guraziu &#8211; ars poetica, sht 24)<\/em><\/p>\n<p>&#8230; e dija se Holanda dhe Luksemburgu i kan\u00eb flamujt\u00eb &#8220;nj\u00ebsoj&#8221;, kjo s&#8217;pati qen\u00eb e v\u00ebshtir\u00eb t&#8217;m\u00eb binte n\u00eb &#8220;sy&#8221;, thjesht nj\u00eb nuanc\u00eb e s\u00eb kaltr\u00ebs i dallon &#8211; mir\u00ebpo nuk dija p\u00ebr shembuj t\u00eb tjer\u00eb (as q\u00eb kam menduar n\u00eb fakt), britannica n\u00eb nj\u00eb artikull i paska marr\u00eb si shembull t\u00eb &#8220;ngjashm\u00ebris\u00eb&#8221; flamujt\u00eb si vijon, duke i &#8220;krahasuar&#8221; nga 2 e nga 3 sosh (q\u00eb duken m\u00eb t\u00eb p\u00ebraf\u00ebrt me nj\u00ebri-tjetrin), un\u00eb i b\u00ebra grumbull s\u00eb bashku &#8211; dhe shih, ngjashm\u00ebri mjaft simpatike, Monako dhe Indonezia, \u00c7adi dhe Rumania pothuaj 100% flamuj identik\u00eb, e madje nuk dija q\u00eb Sllovenia, Rusia dhe Sllovakia i paskan zgjedhur dikur ngjyrat e &#8220;ngjashme&#8221; : )<\/p>\n<p><a  href=\"https:\/\/letrat.eu\/wp-content\/uploads\/2024\/09\/arspo_disa_flamuj_mjaft_te_ngjashem_opt1.jpg\" data-rel=\"lightbox-gallery-0\" data-rl_title=\"\" data-rl_caption=\"\" title=\"\"><img loading=\"lazy\" decoding=\"async\" src=\"https:\/\/letrat.eu\/wp-content\/uploads\/2024\/09\/arspo_disa_flamuj_mjaft_te_ngjashem_opt1.jpg\" alt=\"\" width=\"1600\" height=\"1025\" class=\"alignnone size-full wp-image-16562\" srcset=\"https:\/\/letrat.eu\/wp-content\/uploads\/2024\/09\/arspo_disa_flamuj_mjaft_te_ngjashem_opt1.jpg 1600w, https:\/\/letrat.eu\/wp-content\/uploads\/2024\/09\/arspo_disa_flamuj_mjaft_te_ngjashem_opt1-300x192.jpg 300w, https:\/\/letrat.eu\/wp-content\/uploads\/2024\/09\/arspo_disa_flamuj_mjaft_te_ngjashem_opt1-1024x656.jpg 1024w, https:\/\/letrat.eu\/wp-content\/uploads\/2024\/09\/arspo_disa_flamuj_mjaft_te_ngjashem_opt1-768x492.jpg 768w, https:\/\/letrat.eu\/wp-content\/uploads\/2024\/09\/arspo_disa_flamuj_mjaft_te_ngjashem_opt1-1536x984.jpg 1536w\" sizes=\"auto, (max-width: 1600px) 100vw, 1600px\" \/><\/a><\/p>\n<p>&nbsp;<br \/>\n&nbsp;<\/p>\n","protected":false},"excerpt":{"rendered":"<p>[ flamuj mjaft t\u00eb &#8220;ngjash\u00ebm&#8221;, fare pak dallim ] (s. guraziu &#8211; ars poetica, sht 24) &#8230; e dija se Holanda dhe Luksemburgu i kan\u00eb flamujt\u00eb &#8220;nj\u00ebsoj&#8221;, kjo s&#8217;pati qen\u00eb e v\u00ebshtir\u00eb t&#8217;m\u00eb binte n\u00eb &#8220;sy&#8221;, thjesht nj\u00eb nuanc\u00eb e&hellip; <a href=\"https:\/\/letrat.eu\/?p=16561\" class=\"more-link\">Lexo <span class=\"meta-nav\">&rarr;<\/span><\/a><\/p>\n","protected":false},"author":1,"featured_media":0,"comment_status":"closed","ping_status":"open","sticky":false,"template":"","format":"standard","meta":{"footnotes":""},"categories":[15],"tags":[],"class_list":["post-16561","post","type-post","status-publish","format-standard","hentry","category-shenime-shkurt"],"_links":{"self":[{"href":"https:\/\/letrat.eu\/index.php?rest_route=\/wp\/v2\/posts\/16561","targetHints":{"allow":["GET"]}}],"collection":[{"href":"https:\/\/letrat.eu\/index.php?rest_route=\/wp\/v2\/posts"}],"about":[{"href":"https:\/\/letrat.eu\/index.php?rest_route=\/wp\/v2\/types\/post"}],"author":[{"embeddable":true,"href":"https:\/\/letrat.eu\/index.php?rest_route=\/wp\/v2\/users\/1"}],"replies":[{"embeddable":true,"href":"https:\/\/letrat.eu\/index.php?rest_route=%2Fwp%2Fv2%2Fcomments&post=16561"}],"version-history":[{"count":0,"href":"https:\/\/letrat.eu\/index.php?rest_route=\/wp\/v2\/posts\/16561\/revisions"}],"wp:attachment":[{"href":"https:\/\/letrat.eu\/index.php?rest_route=%2Fwp%2Fv2%2Fmedia&parent=16561"}],"wp:term":[{"taxonomy":"category","embeddable":true,"href":"https:\/\/letrat.eu\/index.php?rest_route=%2Fwp%2Fv2%2Fcategories&post=16561"},{"taxonomy":"post_tag","embeddable":true,"href":"https:\/\/letrat.eu\/index.php?rest_route=%2Fwp%2Fv2%2Ftags&post=16561"}],"curies":[{"name":"wp","href":"https:\/\/api.w.org\/{rel}","templated":true}]}}