{"id":16571,"date":"2024-09-27T16:42:53","date_gmt":"2024-09-27T15:42:53","guid":{"rendered":"https:\/\/letrat.eu\/?p=16571"},"modified":"2025-01-11T13:22:35","modified_gmt":"2025-01-11T12:22:35","slug":"me-stalin-e-musolin-me-hitler-e-me-fuhrer-te-gjithe-ne-ferr","status":"publish","type":"post","link":"https:\/\/letrat.eu\/?p=16571","title":{"rendered":"Me Stalin e Musolin, me Hitler e me Fuhrer, t\u00eb gjith\u00eb n\u00eb ferr : )"},"content":{"rendered":"<p><em>(s. guraziu &#8211; ars poetica, sht 2024 &#8211; koment)<\/em><\/p>\n<p>Sipas \u201cFactsNet\u201d, p\u00ebr lider\u00ebt m\u00eb t\u00eb k\u00ebqinj t\u00eb k\u00ebsaj bote, p\u00ebr diktator\u00ebt m\u00eb t\u00eb eg\u00ebr, m\u00eb t\u00eb lig\u00eb, m\u00eb t\u00eb \u201cdjall\u00ebzuar\u201d t\u00eb historis\u00eb, mund t\u00eb krijohet nj\u00eb list\u00eb prej 24 figurash. Le ta cekim q\u00eb n\u00eb fillim (p\u00ebr t\u2019iu shmangur sadopak surpriz\u00ebs) se dhe Xhaxhi-Hoxha i shqiptar\u00ebve \u00ebsht\u00eb nd\u00ebr ta &#8211; por dhe Xhingis Khani i dikursh\u00ebm, sikur dhe Kim Jong-uni m\u00ebvonsh\u00ebm me gjith\u00eb Kim Jong-ilin e m\u00ebhersh\u00ebm.<\/p>\n<p>N\u00eb rregull, mir\u00ebpo si p\u00ebrcaktohet lig\u00ebsia (djall\u00ebzia) e tyre, \u00e7&#8217;kritere duhet p\u00ebrmbushur nga &#8220;kandidat\u00ebt&#8221;, a mosp\u00ebrmbushur, n\u00eb \u00e7far\u00eb duhet bazuar njeriu? Epo, meq\u00eb s\u2019ka definicione \u201cekzakte\u201d rreth k\u00ebsaj \u00e7\u00ebshtje, ia fillohet me intron e shkurt\u00ebr (introja ilustrohet me foton e Fuhrerit, padyshim si portret-simbol i m\u00eb t\u00eb tmerrshmes). Fillohet me pyetjen vall\u00eb si p\u00ebrcaktohet shkalla e lig\u00ebsis\u00eb s\u00eb nj\u00eb lideri, \u00e7far\u00eb e keqe e b\u00ebn nj\u00eb lider v\u00ebrtet t\u00eb keq? Mos vall\u00eb ambicjet e pam\u00ebshirshme, shkalla e madhe e mizorive, shfarosjet masive, p\u00ebrbuzja e njer\u00ebzve si krijesa, shp\u00ebrfillja p\u00ebr jet\u00ebn njer\u00ebzore?!<\/p>\n<p>Gjithsesi, historia ka njohur lider\u00eb t\u00eb ndrysh\u00ebm, veprimet e t\u00eb cil\u00ebve kan\u00eb l\u00ebn\u00eb gjurm\u00eb t\u00eb pashlyeshme t\u00eb tmerrit dhe t\u00eb vuajtjeve; nga tiran\u00ebt e lasht\u00eb e deri tek diktator\u00ebt modern\u00eb. Historia i ruan d\u00ebshmit\u00eb p\u00ebr shembuj lider\u00ebsh q\u00eb e kan\u00eb mbajtur pushtetin me pasoja shkat\u00ebrruese \u2013 thuhet n\u00eb artikullin e FactsNet. <\/p>\n<p>Pra radhitja se kush m\u00eb i djall\u00ebzuar do ishte e v\u00ebshtir\u00eb, por dhe s\u2019ka aq r\u00ebnd\u00ebsi q\u00ebkur t\u00eb gjith\u00eb t\u00eb lig\u00eb, me Stalin e Musolin, me Sadam e me Gadaf, me Fidel e Idi Amin, me Hitler e me Fuhrer t\u00eb gjith\u00eb n\u00eb ferr : )<\/p>\n<p>Andaj meq\u00eb lista e \u201cdjajve t\u00eb historis\u00eb\u201d duhet nisur disi \u2013 nr. 1 lider Taylori (ish-Presidenti i Liberis\u00eb), pastaj nr. 2 Robert Mugabe (ish-Presidenti i Zimbabves\u00eb), nr. 3 Stalini, nr. 4 Hitleri, nr. 5 Mao-Kinezi, nr. 6 Pol Poti (lideri i Kmer\u00ebve t\u00eb Kuq), nr. 7 Idi Amini (diktatori fam\u00ebkeq i Ugand\u00ebs), nr. 8 Kim Jong-il (lideri enigmatik i Verio-Kores\u00eb), menj\u00ebher\u00eb pas m\u00ebsuesit : ) dhe nx\u00ebn\u00ebsi nr. 9 Kim Jong-un (lideri simpatik i Verio-Kores\u00eb)\u2026 etj. etj. deri tek Xhaxhi-Hoxha, ky i 16-i n\u00eb list\u00ebn.<\/p>\n<p>Pastaj ka dhe t\u00eb tjer\u00eb, kuptohet, psh. Ajatollahu i Iranit, Fideli i Kub\u00ebs dhe tutje lista mbaron me ca diktator\u00eb t\u00eb Afrik\u00ebs. S\u2019po i p\u00ebrmend t\u00eb gjith\u00eb emrat varg e varg t\u00eb list\u00ebs, sepse s\u2019\u00ebsht\u00eb interesante t\u00eb \u201crr\u00ebfehet\u201d i gjith\u00eb filmi, ku ngelet pastaj k\u00ebnaq\u00ebsia e vajtjes n\u00eb kino, ku ngelet \u00ebmb\u00eblsia e surprizave. Jo pra, mbase m\u00eb mir\u00eb linkun komplet t\u00eb FactsNet dhe lexuesi i interesuar lexon vet\u00eb : )<\/p>\n<p>[ <a href=\"https:\/\/facts.net\/gallery\/24-most-evil-leaders-in-history\/\" rel=\"noopener\" target=\"_blank\">https:\/\/facts.net\/gallery\/24-most-evil-leaders-in-history\/<\/a> ]<\/p>\n<p><a  href=\"https:\/\/letrat.eu\/wp-content\/uploads\/2024\/09\/arspo_facts-net_lideret_me_te_lige_te_historise_opt.jpg\" data-rel=\"lightbox-gallery-0\" data-rl_title=\"\" data-rl_caption=\"\" title=\"\"><img loading=\"lazy\" decoding=\"async\" src=\"https:\/\/letrat.eu\/wp-content\/uploads\/2024\/09\/arspo_facts-net_lideret_me_te_lige_te_historise_opt.jpg\" alt=\"\" width=\"1600\" height=\"1046\" class=\"alignnone size-full wp-image-16572\" srcset=\"https:\/\/letrat.eu\/wp-content\/uploads\/2024\/09\/arspo_facts-net_lideret_me_te_lige_te_historise_opt.jpg 1600w, https:\/\/letrat.eu\/wp-content\/uploads\/2024\/09\/arspo_facts-net_lideret_me_te_lige_te_historise_opt-300x196.jpg 300w, https:\/\/letrat.eu\/wp-content\/uploads\/2024\/09\/arspo_facts-net_lideret_me_te_lige_te_historise_opt-1024x669.jpg 1024w, https:\/\/letrat.eu\/wp-content\/uploads\/2024\/09\/arspo_facts-net_lideret_me_te_lige_te_historise_opt-768x502.jpg 768w, https:\/\/letrat.eu\/wp-content\/uploads\/2024\/09\/arspo_facts-net_lideret_me_te_lige_te_historise_opt-1536x1004.jpg 1536w\" sizes=\"auto, (max-width: 1600px) 100vw, 1600px\" \/><\/a><br \/>\n&nbsp;<br \/>\n&nbsp;<\/p>\n","protected":false},"excerpt":{"rendered":"<p>(s. guraziu &#8211; ars poetica, sht 2024 &#8211; koment) Sipas \u201cFactsNet\u201d, p\u00ebr lider\u00ebt m\u00eb t\u00eb k\u00ebqinj t\u00eb k\u00ebsaj bote, p\u00ebr diktator\u00ebt m\u00eb t\u00eb eg\u00ebr, m\u00eb t\u00eb lig\u00eb, m\u00eb t\u00eb \u201cdjall\u00ebzuar\u201d t\u00eb historis\u00eb, mund t\u00eb krijohet nj\u00eb list\u00eb prej 24 figurash.&hellip; <a href=\"https:\/\/letrat.eu\/?p=16571\" class=\"more-link\">Lexo <span class=\"meta-nav\">&rarr;<\/span><\/a><\/p>\n","protected":false},"author":1,"featured_media":0,"comment_status":"closed","ping_status":"open","sticky":false,"template":"","format":"standard","meta":{"footnotes":""},"categories":[15],"tags":[],"class_list":["post-16571","post","type-post","status-publish","format-standard","hentry","category-shenime-shkurt"],"_links":{"self":[{"href":"https:\/\/letrat.eu\/index.php?rest_route=\/wp\/v2\/posts\/16571","targetHints":{"allow":["GET"]}}],"collection":[{"href":"https:\/\/letrat.eu\/index.php?rest_route=\/wp\/v2\/posts"}],"about":[{"href":"https:\/\/letrat.eu\/index.php?rest_route=\/wp\/v2\/types\/post"}],"author":[{"embeddable":true,"href":"https:\/\/letrat.eu\/index.php?rest_route=\/wp\/v2\/users\/1"}],"replies":[{"embeddable":true,"href":"https:\/\/letrat.eu\/index.php?rest_route=%2Fwp%2Fv2%2Fcomments&post=16571"}],"version-history":[{"count":0,"href":"https:\/\/letrat.eu\/index.php?rest_route=\/wp\/v2\/posts\/16571\/revisions"}],"wp:attachment":[{"href":"https:\/\/letrat.eu\/index.php?rest_route=%2Fwp%2Fv2%2Fmedia&parent=16571"}],"wp:term":[{"taxonomy":"category","embeddable":true,"href":"https:\/\/letrat.eu\/index.php?rest_route=%2Fwp%2Fv2%2Fcategories&post=16571"},{"taxonomy":"post_tag","embeddable":true,"href":"https:\/\/letrat.eu\/index.php?rest_route=%2Fwp%2Fv2%2Ftags&post=16571"}],"curies":[{"name":"wp","href":"https:\/\/api.w.org\/{rel}","templated":true}]}}