{"id":16737,"date":"2024-11-03T17:33:23","date_gmt":"2024-11-03T16:33:23","guid":{"rendered":"https:\/\/letrat.eu\/?p=16737"},"modified":"2024-11-04T22:04:27","modified_gmt":"2024-11-04T21:04:27","slug":"me-rregulla-e-me-ligje-i-di-meta-punt-e-veta","status":"publish","type":"post","link":"https:\/\/letrat.eu\/?p=16737","title":{"rendered":"Me rregulla e me ligje &#8211; i di Meta punt&#8217; e veta !"},"content":{"rendered":"<p><em>(s. guraziu &#8211; ap, 24 &#8211; pak humor)<\/em><\/p>\n<p><a  href=\"https:\/\/letrat.eu\/wp-content\/uploads\/2024\/11\/arspo_make_rules_break_rules_opt.jpg\" data-rel=\"lightbox-gallery-0\" data-rl_title=\"\" data-rl_caption=\"\" title=\"\"><img loading=\"lazy\" decoding=\"async\" src=\"https:\/\/letrat.eu\/wp-content\/uploads\/2024\/11\/arspo_make_rules_break_rules_opt.jpg\" alt=\"\" width=\"1280\" height=\"1213\" class=\"alignnone size-full wp-image-16738\" srcset=\"https:\/\/letrat.eu\/wp-content\/uploads\/2024\/11\/arspo_make_rules_break_rules_opt.jpg 1280w, https:\/\/letrat.eu\/wp-content\/uploads\/2024\/11\/arspo_make_rules_break_rules_opt-300x284.jpg 300w, https:\/\/letrat.eu\/wp-content\/uploads\/2024\/11\/arspo_make_rules_break_rules_opt-1024x970.jpg 1024w, https:\/\/letrat.eu\/wp-content\/uploads\/2024\/11\/arspo_make_rules_break_rules_opt-768x728.jpg 768w\" sizes=\"auto, (max-width: 1280px) 100vw, 1280px\" \/><\/a><\/p>\n<p>&#8230;fort e sakt\u00eb kjo grafika, fort e q\u00eblluar, sa humoristike, sa simbolike, sa &#8220;metaforike&#8221;&#8230; po aq dhe realistike, madje n\u00ebse nevoja dhe &#8220;fantastike&#8221;, n\u00eb fund t\u00eb fundit rregullat jan\u00eb p\u00ebr t&#8217;u thyer, ashtu thuhet, apo jo, t\u00eb gjitha ligjet e shtetit jan\u00eb di\u00e7 si &#8220;rregulla&#8221;, madje dhe vet\u00eb kushtetuta e nj\u00eb vendi \u00ebsht\u00eb thjesht di\u00e7 si &#8220;rregullore&#8221; (q\u00eb duhet respektuar nga institucionet, nga qeveria, nga gjithkush, pa p\u00ebrjashtime), dhe populli n\u00eb Kosov\u00eb e ka nj\u00eb th\u00ebnie fort simpatike, urt\u00ebsia thot\u00eb &#8220;i di Meta punt&#8217; e veta&#8221; (nuk duhet t&#8217;ju shkoj\u00eb mendja sakaq tani tek Ilir Meta, jo sepse doli q\u00eb ky nuk i dinte dhe aq mir\u00eb pun\u00ebt e veta, por sepse th\u00ebnia e popullit \u00ebsht\u00eb shum\u00eb m\u00eb e mo\u00e7me, s&#8217;ka ekzistuar at\u00ebher\u00eb fare ky Meta&#8230; i presidencave), urt\u00ebsia e popullit aludon q\u00eb duhet ta &#8216;njohim mir\u00eb pun\u00ebn ton\u00eb, ta dim\u00eb se \u00e7&#8217;jemi duke b\u00ebr\u00eb, ta dim\u00eb cil\u00ebn rregull\u00eb jemi duke e thyer&#8217;&#8230;<\/p>\n<p>&#8230;dmth. e gjitha \u00e7&#8217;k\u00ebrkohet nga ne \u00ebsht\u00eb q\u00eb t&#8217;mos zihemi, t&#8217;mos kapemi &#8220;me k\u00ebrpesh n&#8217;dor\u00eb&#8221; (si\u00e7 ia thot\u00eb populli me fjal\u00ebn tjet\u00ebr t\u00eb urt\u00eb, urt\u00ebsi speciale kjo p\u00ebr hajnat e lasht\u00eb t\u00eb bag\u00ebtis\u00eb), duhet sadopak vigjilenc\u00eb, sadopak kujdes, kurr\u00eb t&#8217;mos na z\u00ebn\u00eb, sidomos jo n\u00eb flagranc\u00eb (uaaa ashtu mos pyet, do ishte katastrofa vet\u00eb, do ishte m\u00eb keq se n\u00eb rastin e Met\u00ebs, jo tragjedi presidenciale por tragjedi personale, do b\u00ebheshim gazi i bot\u00ebs, do na reklamonin n\u00eb TV, dhe gazetat do shkruanin, emri yn\u00eb do figuronte gjithandej n\u00eb rubrikat e &#8220;faqes s\u00eb zez\u00eb&#8221;)&#8230;<\/p>\n<p>&#8230;pra pakashum\u00eb i gjith\u00eb &#8220;gjenialiteti&#8221; q\u00eb nevojitet \u00ebsht\u00eb q\u00eb t&#8217;mos zihemi &#8211; nj\u00ebsoj si me ato kamerat policis\u00eb p\u00ebr shpejt\u00ebsin\u00eb, polic\u00ebt s&#8217;mund ta mbulojn\u00eb udh\u00ebn komplet, s&#8217;mund t\u00eb instalojn\u00eb kamera p\u00ebrgjat\u00eb 100 km t\u00eb &#8220;rrug\u00ebtimit&#8221; ton\u00eb (p\u00ebr fat t\u00eb mir\u00eb ende s&#8217;na p\u00ebrcjellin me satelit, nuk i dihet por tani p\u00ebr tani s&#8217;kan\u00eb buxhet&#8230; p\u00ebr fat t\u00eb mir\u00eb kjo metod\u00eb fort e kushtueshme p\u00ebr policin\u00eb), e gjitha \u00e7&#8217;duhet \u00ebsht\u00eb ta dim\u00eb ku jan\u00eb &#8220;p\u00ebraf\u00ebrsisht&#8221; kamerat e tyre&#8230; dhe e kryer, s&#8217;jemi pastaj aq budallenj sa t&#8217;mos b\u00ebhemi t\u00eb kujdessh\u00ebm, ashtu-k\u00ebshtu nd\u00ebrgjegjen e kemi t\u00eb past\u00ebr kristal, dhe k\u00ebshtu dmth. ia kalojm\u00eb super, her\u00eb si super-girl e her\u00eb si super-man, as gjoba, as kundravajtje, as gabime, as d\u00ebnime&#8230; rehat : )<\/p>\n<p>&nbsp;<br \/>\n&nbsp;<\/p>\n","protected":false},"excerpt":{"rendered":"<p>(s. guraziu &#8211; ap, 24 &#8211; pak humor) &#8230;fort e sakt\u00eb kjo grafika, fort e q\u00eblluar, sa humoristike, sa simbolike, sa &#8220;metaforike&#8221;&#8230; po aq dhe realistike, madje n\u00ebse nevoja dhe &#8220;fantastike&#8221;, n\u00eb fund t\u00eb fundit rregullat jan\u00eb p\u00ebr t&#8217;u thyer,&hellip; <a href=\"https:\/\/letrat.eu\/?p=16737\" class=\"more-link\">Lexo <span class=\"meta-nav\">&rarr;<\/span><\/a><\/p>\n","protected":false},"author":1,"featured_media":0,"comment_status":"closed","ping_status":"open","sticky":false,"template":"","format":"standard","meta":{"footnotes":""},"categories":[15],"tags":[],"class_list":["post-16737","post","type-post","status-publish","format-standard","hentry","category-shenime-shkurt"],"_links":{"self":[{"href":"https:\/\/letrat.eu\/index.php?rest_route=\/wp\/v2\/posts\/16737","targetHints":{"allow":["GET"]}}],"collection":[{"href":"https:\/\/letrat.eu\/index.php?rest_route=\/wp\/v2\/posts"}],"about":[{"href":"https:\/\/letrat.eu\/index.php?rest_route=\/wp\/v2\/types\/post"}],"author":[{"embeddable":true,"href":"https:\/\/letrat.eu\/index.php?rest_route=\/wp\/v2\/users\/1"}],"replies":[{"embeddable":true,"href":"https:\/\/letrat.eu\/index.php?rest_route=%2Fwp%2Fv2%2Fcomments&post=16737"}],"version-history":[{"count":0,"href":"https:\/\/letrat.eu\/index.php?rest_route=\/wp\/v2\/posts\/16737\/revisions"}],"wp:attachment":[{"href":"https:\/\/letrat.eu\/index.php?rest_route=%2Fwp%2Fv2%2Fmedia&parent=16737"}],"wp:term":[{"taxonomy":"category","embeddable":true,"href":"https:\/\/letrat.eu\/index.php?rest_route=%2Fwp%2Fv2%2Fcategories&post=16737"},{"taxonomy":"post_tag","embeddable":true,"href":"https:\/\/letrat.eu\/index.php?rest_route=%2Fwp%2Fv2%2Ftags&post=16737"}],"curies":[{"name":"wp","href":"https:\/\/api.w.org\/{rel}","templated":true}]}}