{"id":16774,"date":"2024-11-23T10:01:53","date_gmt":"2024-11-23T09:01:53","guid":{"rendered":"https:\/\/letrat.eu\/?p=16774"},"modified":"2024-11-23T13:55:24","modified_gmt":"2024-11-23T12:55:24","slug":"tekat-e-fb-dhe-ne-si-perdorues-te-verber","status":"publish","type":"post","link":"https:\/\/letrat.eu\/?p=16774","title":{"rendered":"Tekat e Fb, dhe ne si p\u00ebrdorues t\u00eb &#8220;verb\u00ebr&#8221;!"},"content":{"rendered":"<p>(s. guraziu &#8211; ap, n 2024)<\/p>\n<p>&#8230;desha ta bej &#8220;mik&#8221; klubin letrar De Rada t\u00eb Ferizajit, por doli se nuk qenkesh e mundur, s&#8217;kishte fare buton p\u00ebr miq\u00ebsin\u00eb, mund vet\u00ebm t&#8217;u besh &#8220;lajka&#8221; o t&#8217;u nisesh mesazh &#8211; m\u00eb tha Fb&#8230;.<br \/>\n[ https:\/\/www.facebook.com\/klubiletrar.deradaferizaj ]<\/p>\n<p>&#8230;epo \u00e7&#8217;na gjeti, ec e merri vesh dhe k\u00ebto gjoja rregullat (imponimet) e Fb, gjith\u00e7ka e ka programuar sipas qejfit t\u00eb vet, neve kurr\u00eb s&#8217;na pyeti gj\u00eb, asnj\u00eb cik\u00ebrrim\u00eb, me miliona p\u00ebrdorues duhet t&#8217;i ndjekin &#8220;verb\u00ebrisht&#8221; politikat dhe qejfet e Fb, pa patur kurr\u00eb vet\u00eb asnj\u00eb t\u00eb drejt\u00eb p\u00ebr platform\u00ebn (q\u00eb n\u00eb fakt e shfryt\u00ebzon, e eksploaton jet\u00ebn e tyre, t\u00eb dhenat e jet\u00ebs s\u00eb tyre)&#8230;<\/p>\n<p>&#8230;boooo, mozomokeq, vet\u00ebm centraliz\u00ebm, vet\u00ebm despotiz\u00ebm socio-mediatik, sipas Fb me miliona e miliarda p\u00ebrdorues na qenkan thjesht &#8220;socio-klone&#8221; o di\u00e7 ngjash\u00ebm (kujdes, lexuesi s&#8217;duhet t\u00eb ngat\u00ebrrohet, jo &#8220;socio-kloun&#8221;, por &#8220;socio-klon&#8221;, n\u00eb kuptimin dikush i klonizuar, nj\u00eb dele m\u00eb tep\u00ebr e tuf\u00ebs, p\u00ebrdoruesit e Fb s&#8217;na qenkan asgje tjete\u00ebr por di\u00e7 si socio-kopje (kopje sociale), per t&#8217;i shfrytezuar t\u00eb dh\u00ebnat e tyre p\u00ebr reklamat, p\u00ebr t&#8217;i eksploatuar si &#8220;mas\u00eb sociale&#8221; : )<\/p>\n<p>&nbsp;<br \/>\n&nbsp;<\/p>\n","protected":false},"excerpt":{"rendered":"<p>(s. guraziu &#8211; ap, n 2024) &#8230;desha ta bej &#8220;mik&#8221; klubin letrar De Rada t\u00eb Ferizajit, por doli se nuk qenkesh e mundur, s&#8217;kishte fare buton p\u00ebr miq\u00ebsin\u00eb, mund vet\u00ebm t&#8217;u besh &#8220;lajka&#8221; o t&#8217;u nisesh mesazh &#8211; m\u00eb tha&hellip; <a href=\"https:\/\/letrat.eu\/?p=16774\" class=\"more-link\">Lexo <span class=\"meta-nav\">&rarr;<\/span><\/a><\/p>\n","protected":false},"author":1,"featured_media":0,"comment_status":"closed","ping_status":"open","sticky":false,"template":"","format":"standard","meta":{"footnotes":""},"categories":[15],"tags":[],"class_list":["post-16774","post","type-post","status-publish","format-standard","hentry","category-shenime-shkurt"],"_links":{"self":[{"href":"https:\/\/letrat.eu\/index.php?rest_route=\/wp\/v2\/posts\/16774","targetHints":{"allow":["GET"]}}],"collection":[{"href":"https:\/\/letrat.eu\/index.php?rest_route=\/wp\/v2\/posts"}],"about":[{"href":"https:\/\/letrat.eu\/index.php?rest_route=\/wp\/v2\/types\/post"}],"author":[{"embeddable":true,"href":"https:\/\/letrat.eu\/index.php?rest_route=\/wp\/v2\/users\/1"}],"replies":[{"embeddable":true,"href":"https:\/\/letrat.eu\/index.php?rest_route=%2Fwp%2Fv2%2Fcomments&post=16774"}],"version-history":[{"count":0,"href":"https:\/\/letrat.eu\/index.php?rest_route=\/wp\/v2\/posts\/16774\/revisions"}],"wp:attachment":[{"href":"https:\/\/letrat.eu\/index.php?rest_route=%2Fwp%2Fv2%2Fmedia&parent=16774"}],"wp:term":[{"taxonomy":"category","embeddable":true,"href":"https:\/\/letrat.eu\/index.php?rest_route=%2Fwp%2Fv2%2Fcategories&post=16774"},{"taxonomy":"post_tag","embeddable":true,"href":"https:\/\/letrat.eu\/index.php?rest_route=%2Fwp%2Fv2%2Ftags&post=16774"}],"curies":[{"name":"wp","href":"https:\/\/api.w.org\/{rel}","templated":true}]}}