{"id":16775,"date":"2024-11-23T11:15:38","date_gmt":"2024-11-23T10:15:38","guid":{"rendered":"https:\/\/letrat.eu\/?p=16775"},"modified":"2024-11-23T13:56:39","modified_gmt":"2024-11-23T12:56:39","slug":"urime-shqiperise-festen-zyrtare-te-alfabetit-22-nentorin","status":"publish","type":"post","link":"https:\/\/letrat.eu\/?p=16775","title":{"rendered":"Urime Shqip\u00ebris\u00eb fest\u00ebn zyrtare t\u00eb Alfabetit &#8211; 22 N\u00ebntorin!"},"content":{"rendered":"<p><em>(s. guraziu &#8211; ars poetica, 23 n 2024)<\/em><\/p>\n<p>Dje&#8230; Dita e Alfabetit t\u00eb Gjuh\u00ebs Shqipe, un\u00eb me vones\u00eb 1-ditore po e festoj SOT, uroj s&#8217;ka gj\u00eb vonesa, ashtu-k\u00ebshtu hera e par\u00eb q\u00eb festohet si fest\u00eb, do ken\u00eb harruar dhe shum\u00eb t\u00eb tjer\u00eb, zor t&#8217;jem i &#8220;vetmi harrestar&#8221;. Si lajm do ket\u00eb figuruar ndokund, e qart\u00eb kjo, e pati miratuar K\u00ebshilli i Ministrave&#8230; por ec e mbaji t\u00eb gjitha lajmet, uroj 1 dit\u00eb vones\u00eb herave t\u00eb para p\u00ebr festat e Shqip\u00ebris\u00eb s&#8217;do jet\u00eb dhe aq tragjike.<\/p>\n<p>Autori, apo autorja me inicialet S. B. (tek Shqiptarja) shkruante se &#8220;Dita e Alfabetit t\u00eb Gjuh\u00ebs Shqipe&#8221; kremtohet tashm\u00eb si fest\u00eb zyrtare e Shqip\u00ebris\u00eb, dhe 22 N\u00ebntori 2024 \u00ebsht\u00eb hera e par\u00eb q\u00eb kremtohet si fest\u00eb zyrtare &#8211; dmth. &#8220;hera e par\u00eb&#8221;, si\u00e7 u justifikova dhe vet\u00eb p\u00ebr vones\u00ebn.<\/p>\n<p>Mir\u00ebpo ata t\u00eb &#8220;Shqiptarja&#8221; qenkan t\u00eb rrept\u00eb dhe fort strikt, e kishin v\u00ebn\u00eb nj\u00eb trak\u00eb a baner ku thoshte: ndalohet rrept\u00ebsisht ripublikimi i k\u00ebtij shkrimi, sipas nenit 80, ligji 35\/2016.<br \/>\nSe \u00e7&#8217;\u00ebsht\u00eb ky ligj i Shqip\u00ebris\u00eb s&#8217;e kam iden\u00eb, s&#8217;ma merr mendja as shqiptar\u00ebt atje t&#8217;i njohin t\u00eb gjitha ligjet dhe nenet e ligjeve, por uroj t&#8217;mos m\u00eb d\u00ebnojn\u00eb p\u00ebr faktin q\u00eb vendosa ta kopjoj tekstin e tyre dhe ta ngjes si &#8220;info&#8221; k\u00ebtu. Le ta marrin k\u00ebsaj radhe q\u00eb ndonj\u00eb i verb\u00ebr, thjesht s&#8217;e ka par\u00eb banerin, pa\u00e7ka se baner i madh, shtriqej rrept\u00ebsisht nga skaji i faqes n\u00eb skajin tjet\u00ebr : )<\/p>\n<p>***<br \/>\n[ https:\/\/shqiptarja.com\/lajm\/sot-dita-e-alfabetit-te-gjuhes-shqipe-2 ]<\/p>\n<p>Data 22 n\u00ebntor sh\u00ebnon Dit\u00ebn e Alfabetit t\u00eb Gjuh\u00ebs Shqipe, tashm\u00eb e shpallur fest\u00eb zyrtare e Shqip\u00ebris\u00eb. Kjo dit\u00eb ka nj\u00eb simbolik\u00eb t\u00eb ve\u00e7ant\u00eb dhe specifikon momentin m\u00eb t\u00eb madh unifikues t\u00eb shqiptar\u00ebve, n\u00eb p\u00ebrkujtim t\u00eb Kongresit t\u00eb Manastirit, i zhvilluar mes datave 14 deri n\u00eb 22 n\u00ebntor t\u00eb vitit 1908.<br \/>\nData 22 n\u00ebntor sh\u00ebnon Dit\u00ebn e Alfabetit t\u00eb Gjuh\u00ebs Shqipe, tashm\u00eb e shpallur fest\u00eb zyrtare e Shqip\u00ebris\u00eb. Kjo dit\u00eb ka nj\u00eb simbolik\u00eb t\u00eb ve\u00e7ant\u00eb dhe specifikon momentin m\u00eb t\u00eb madh unifikues t\u00eb shqiptar\u00ebve, n\u00eb p\u00ebrkujtim t\u00eb Kongresit t\u00eb Manastirit, i zhvilluar mes datave 14 deri n\u00eb 22 n\u00ebntor t\u00eb vitit 1908.<br \/>\nK\u00ebshilli i Ministrave miratoi nj\u00eb vendim p\u00ebr nj\u00eb ndryshim p\u00ebr ligjin p\u00ebr festat komb\u00ebtare dhe dit\u00ebt p\u00ebrkujtimore, duke i propozuar Kuvendit t\u00eb Shqip\u00ebris\u00eb shtimin e Dit\u00ebs s\u00eb Alfabetit si nj\u00eb nga festat tona komb\u00ebtare. Dita e Alfabetit Shqip u miratua nga Kuvendi n\u00eb shkurt t\u00eb k\u00ebtij viti dhe kjo \u00ebsht\u00eb hera e par\u00eb q\u00eb kremtohet si fest\u00eb zyrtare. Iniciativa u mor edhe pas diskutimeve n\u00eb samitin e diaspor\u00ebs.<br \/>\nN\u00eb Kongresin e Manastirit mor\u00ebn pjes\u00eb 50 delegat\u00eb nga 26 qytete t\u00eb ndryshme, klube dhe shoqata. N\u00eb k\u00ebt\u00eb Kongres u miratua vendimi q\u00eb t\u00eb pranohet alfabeti latin me disa ndryshime t\u00eb shkronjave duke i p\u00ebrshtatur ato p\u00ebr gjuh\u00ebn shqipe. N\u00eb Manastir mor\u00ebn pjes\u00eb intelektual\u00eb shqiptar\u00eb nga t\u00eb gjitha trojet. Kryetar i kongresit u zgjodh Mid\u2019hat Frash\u00ebri, kurse n\u00ebnkryetar\u00eb ishin Luigj Gurakuqi dhe Gjergji Qiriazi, nd\u00ebrsa motra e tij Parashqevi Qiriazi ishte gruaja e vetme n\u00eb k\u00ebt\u00eb kongres.<br \/>\nSipas numrit dhe r\u00ebnd\u00ebsis\u00eb s\u00eb pjes\u00ebmarr\u00ebsve, Kongresi i Manastirit ka qen\u00eb ngjarja m\u00eb e r\u00ebnd\u00ebsishme e popullit shqiptar n\u00eb fillimet e shekullit XX, ku si rezultat i k\u00ebsaj pune m\u00eb 28 n\u00ebntor t\u00eb vitit 1912 u shpall edhe pavar\u00ebsia e Shqip\u00ebris\u00eb.<br \/>\nEdhe p\u00ebr shqiptar\u00ebt e Maqedonis\u00eb s\u00eb Veriut kjo dit\u00eb \u00ebsht\u00eb fest\u00eb komb\u00ebtare. N\u00eb Manastir funksionon Muzeu i Alfabetit t\u00eb Gjuh\u00ebs Shqipe, n\u00eb t\u00eb cilin gjenden rreth 56 fotografi t\u00eb pjes\u00ebmarr\u00ebsve dhe 230 dokumente n\u00eb form\u00eb digjitale dhe n\u00eb let\u00ebr.<br \/>\n&nbsp;<br \/>\n&nbsp;<\/p>\n","protected":false},"excerpt":{"rendered":"<p>(s. guraziu &#8211; ars poetica, 23 n 2024) Dje&#8230; Dita e Alfabetit t\u00eb Gjuh\u00ebs Shqipe, un\u00eb me vones\u00eb 1-ditore po e festoj SOT, uroj s&#8217;ka gj\u00eb vonesa, ashtu-k\u00ebshtu hera e par\u00eb q\u00eb festohet si fest\u00eb, do ken\u00eb harruar dhe shum\u00eb&hellip; <a href=\"https:\/\/letrat.eu\/?p=16775\" class=\"more-link\">Lexo <span class=\"meta-nav\">&rarr;<\/span><\/a><\/p>\n","protected":false},"author":1,"featured_media":0,"comment_status":"closed","ping_status":"open","sticky":false,"template":"","format":"standard","meta":{"footnotes":""},"categories":[15],"tags":[],"class_list":["post-16775","post","type-post","status-publish","format-standard","hentry","category-shenime-shkurt"],"_links":{"self":[{"href":"https:\/\/letrat.eu\/index.php?rest_route=\/wp\/v2\/posts\/16775","targetHints":{"allow":["GET"]}}],"collection":[{"href":"https:\/\/letrat.eu\/index.php?rest_route=\/wp\/v2\/posts"}],"about":[{"href":"https:\/\/letrat.eu\/index.php?rest_route=\/wp\/v2\/types\/post"}],"author":[{"embeddable":true,"href":"https:\/\/letrat.eu\/index.php?rest_route=\/wp\/v2\/users\/1"}],"replies":[{"embeddable":true,"href":"https:\/\/letrat.eu\/index.php?rest_route=%2Fwp%2Fv2%2Fcomments&post=16775"}],"version-history":[{"count":0,"href":"https:\/\/letrat.eu\/index.php?rest_route=\/wp\/v2\/posts\/16775\/revisions"}],"wp:attachment":[{"href":"https:\/\/letrat.eu\/index.php?rest_route=%2Fwp%2Fv2%2Fmedia&parent=16775"}],"wp:term":[{"taxonomy":"category","embeddable":true,"href":"https:\/\/letrat.eu\/index.php?rest_route=%2Fwp%2Fv2%2Fcategories&post=16775"},{"taxonomy":"post_tag","embeddable":true,"href":"https:\/\/letrat.eu\/index.php?rest_route=%2Fwp%2Fv2%2Ftags&post=16775"}],"curies":[{"name":"wp","href":"https:\/\/api.w.org\/{rel}","templated":true}]}}