{"id":16776,"date":"2024-11-23T16:10:20","date_gmt":"2024-11-23T15:10:20","guid":{"rendered":"https:\/\/letrat.eu\/?p=16776"},"modified":"2024-11-23T16:24:00","modified_gmt":"2024-11-23T15:24:00","slug":"zemer-zjarr-e-ftohte-pa-gjykime-pa-paragjykime","status":"publish","type":"post","link":"https:\/\/letrat.eu\/?p=16776","title":{"rendered":"Zem\u00ebr zjarr e ftoht\u00eb, pa gjykime, pa paragjykime"},"content":{"rendered":"<p>(s. guraziu &#8211; ars poetica, n 24)<\/p>\n<p>&#8230;kishte nj\u00eb k\u00ebng\u00eb dikur &#8220;zjarr e ftoht\u00eb&#8221; (n\u00eb d\u00ebgjim t\u00eb par\u00eb ting\u00ebllon mjaft alogjike si th\u00ebnie, ose kontradiktore, sepse edhe &#8220;zjarr&#8221; edhe &#8220;ftoht\u00eb&#8221;, sikur nuk p\u00ebrputhet me logjiken, m\u00eb shum\u00eb shtiret si &#8220;metafor\u00eb&#8221;, gjoja figuracion poetik, realisht cilado nga dy fjal\u00ebt do duhej t\u00eb fillonte n\u00eb &#8220;fund-bishtin&#8221; e tjetr\u00ebs, vjen nj\u00ebra ik\u00ebn tjetra, s&#8217;ka vend p\u00ebr t\u00eb dyja, sikur s&#8217;mund t\u00eb shkojn\u00eb s\u00eb bashku), k\u00ebnga ishte madje p\u00ebrfaq\u00ebsuese e Shqip\u00ebris\u00eb n\u00eb festivalin e k\u00ebng\u00ebs &#8220;Eurovision&#8221;, n\u00eb v. 2006, interpretuar nga Luiz Ejlli&#8230; <\/p>\n<p>&#8230;dmth. s&#8217;ishte k\u00ebng\u00eb &#8220;lokale&#8221;, jo vet\u00ebm e festivalit t\u00eb Gjirokastr\u00ebs as e gocave t\u00eb Llakatundit, por pati konkurruar nd\u00ebrkomb\u00ebtarisht, n\u00eb nivel evropian, nuk pati fituar sepse padyshim do ket\u00eb patur konkurrenc\u00eb t\u00eb madhe, s&#8217;po themi e paskajshme por n\u00eb kuptimin &#8220;kontinental&#8221; Evropa mjaft e madhe, panum\u00ebr shtete pjes\u00ebmarr\u00ebse, padyshim at\u00ebbot\u00eb festivali do jet\u00eb mahnitur nga ndonj\u00eb k\u00ebng\u00eb vet\u00ebm &#8220;zjarr&#8221;, pa akull fare, dhe do ket\u00eb fituar &#8211; sidoqoft\u00eb, desh\u00ebm t\u00eb vijm\u00eb tek fakti se kompozimi yn\u00eb artistik sot me &#8220;akuj t\u00eb zjarrt\u00eb&#8221; s&#8217;\u00ebsht\u00eb asfare i pakuptimt\u00eb, mos u ngutni me gjykimet as me paragjykimet, edhe koncepti artistik \u00ebsht\u00eb absolutisht i sakt\u00eb, p\u00ebrputhet me realitetin (e artistit) 100% : )<\/p>\n<p><a  href=\"https:\/\/letrat.eu\/wp-content\/uploads\/2024\/11\/skyd_zemra_zjarr_e_ftohte_opt1.jpg\" data-rel=\"lightbox-gallery-0\" data-rl_title=\"\" data-rl_caption=\"\" title=\"\"><img loading=\"lazy\" decoding=\"async\" src=\"https:\/\/letrat.eu\/wp-content\/uploads\/2024\/11\/skyd_zemra_zjarr_e_ftohte_opt1.jpg\" alt=\"\" width=\"1600\" height=\"1400\" class=\"alignnone size-full wp-image-16777\" srcset=\"https:\/\/letrat.eu\/wp-content\/uploads\/2024\/11\/skyd_zemra_zjarr_e_ftohte_opt1.jpg 1600w, https:\/\/letrat.eu\/wp-content\/uploads\/2024\/11\/skyd_zemra_zjarr_e_ftohte_opt1-300x263.jpg 300w, https:\/\/letrat.eu\/wp-content\/uploads\/2024\/11\/skyd_zemra_zjarr_e_ftohte_opt1-1024x896.jpg 1024w, https:\/\/letrat.eu\/wp-content\/uploads\/2024\/11\/skyd_zemra_zjarr_e_ftohte_opt1-768x672.jpg 768w, https:\/\/letrat.eu\/wp-content\/uploads\/2024\/11\/skyd_zemra_zjarr_e_ftohte_opt1-1536x1344.jpg 1536w\" sizes=\"auto, (max-width: 1600px) 100vw, 1600px\" \/><\/a><\/p>\n<p>&nbsp;<br \/>\n&nbsp;<\/p>\n","protected":false},"excerpt":{"rendered":"<p>(s. guraziu &#8211; ars poetica, n 24) &#8230;kishte nj\u00eb k\u00ebng\u00eb dikur &#8220;zjarr e ftoht\u00eb&#8221; (n\u00eb d\u00ebgjim t\u00eb par\u00eb ting\u00ebllon mjaft alogjike si th\u00ebnie, ose kontradiktore, sepse edhe &#8220;zjarr&#8221; edhe &#8220;ftoht\u00eb&#8221;, sikur nuk p\u00ebrputhet me logjiken, m\u00eb shum\u00eb shtiret si &#8220;metafor\u00eb&#8221;,&hellip; <a href=\"https:\/\/letrat.eu\/?p=16776\" class=\"more-link\">Lexo <span class=\"meta-nav\">&rarr;<\/span><\/a><\/p>\n","protected":false},"author":1,"featured_media":0,"comment_status":"closed","ping_status":"open","sticky":false,"template":"","format":"standard","meta":{"footnotes":""},"categories":[24],"tags":[],"class_list":["post-16776","post","type-post","status-publish","format-standard","hentry","category-skyd"],"_links":{"self":[{"href":"https:\/\/letrat.eu\/index.php?rest_route=\/wp\/v2\/posts\/16776","targetHints":{"allow":["GET"]}}],"collection":[{"href":"https:\/\/letrat.eu\/index.php?rest_route=\/wp\/v2\/posts"}],"about":[{"href":"https:\/\/letrat.eu\/index.php?rest_route=\/wp\/v2\/types\/post"}],"author":[{"embeddable":true,"href":"https:\/\/letrat.eu\/index.php?rest_route=\/wp\/v2\/users\/1"}],"replies":[{"embeddable":true,"href":"https:\/\/letrat.eu\/index.php?rest_route=%2Fwp%2Fv2%2Fcomments&post=16776"}],"version-history":[{"count":0,"href":"https:\/\/letrat.eu\/index.php?rest_route=\/wp\/v2\/posts\/16776\/revisions"}],"wp:attachment":[{"href":"https:\/\/letrat.eu\/index.php?rest_route=%2Fwp%2Fv2%2Fmedia&parent=16776"}],"wp:term":[{"taxonomy":"category","embeddable":true,"href":"https:\/\/letrat.eu\/index.php?rest_route=%2Fwp%2Fv2%2Fcategories&post=16776"},{"taxonomy":"post_tag","embeddable":true,"href":"https:\/\/letrat.eu\/index.php?rest_route=%2Fwp%2Fv2%2Ftags&post=16776"}],"curies":[{"name":"wp","href":"https:\/\/api.w.org\/{rel}","templated":true}]}}