{"id":16785,"date":"2024-11-25T17:23:12","date_gmt":"2024-11-25T16:23:12","guid":{"rendered":"https:\/\/letrat.eu\/?p=16785"},"modified":"2024-11-25T18:27:41","modified_gmt":"2024-11-25T17:27:41","slug":"pakez-i-zhgenjyer-me-videon-e-beligradit","status":"publish","type":"post","link":"https:\/\/letrat.eu\/?p=16785","title":{"rendered":"Pak\u00ebz i zhg\u00ebnjyer me videon e Beligradit : )"},"content":{"rendered":"<p><em>(s. guraziu &#8211; ars poetica, n 24)<\/em><br \/>\n&#8230;n\u00eb Parlamentin e Serbis\u00eb, m\u00eb 25 N\u00ebntor, sot paska patur tollovi&#8230; e lexova lajmin e REL, e pash\u00eb dhe videon, mir\u00ebpo vet\u00ebm buj\u00eb e potere, nuk kishte ndonj\u00eb &#8220;tymosje&#8221; (si n\u00eb rastin e fqinj\u00ebve kosovar\u00eb, ndonj\u00ebher\u00eb&#8230; kur k\u00ebtyre u teket ta tymosin), pak\u00ebz sikur i zhg\u00ebnjyer q\u00eb videoja kishte ngelur pa at\u00eb &#8220;dramatiken&#8221;, pa at\u00eb tendosjen e filmave, minimalja duhet pak\u00ebz epikalitet, pse duhet b\u00ebr\u00eb zhurm\u00eb pa grushta, pothuaj sikur nonsens, gjoja tollovi kuvendore e &#8220;qytet\u00ebruar&#8221;, parlamentar\u00ebt serb\u00eb nuk e kishin v\u00ebn\u00eb n\u00eb pun\u00eb as grushtosjen, as tymosjen, as kashtosjen, as shqelmosjen, p\u00ebr \u00e7udi&#8230; asnj\u00eb boksier, asnj\u00eb grusht, vet\u00ebm shtyheshin e b\u00ebrtisnin, thuase duke u fjalosur grat\u00eb e getos diku n\u00eb periferi t\u00eb Beligradit &#8211; pse t&#8217;mos jem i sinqert\u00eb, prisja boksa, prisja ndon\u00eb akt epik, prisja grushta dhe k\u00ebso detajesh q\u00eb i b\u00ebjn\u00eb videot politike sadopak m\u00eb interesante&#8230; p\u00ebrndryshe &#8220;booooring&#8221;, monotone, jan\u00eb lajme, e sakt\u00eb kjo, por jo dhe aq interesante : )<\/p>\n<p><a href=\"https:\/\/www.evropaelire.org\/embed\/player\/0\/33215381.html?type=video\" target=\"_blank\">https:\/\/www.evropaelire.org\/embed\/player\/0\/33215381.html?type=video<\/a><\/p>\n<p>&nbsp;<br \/>\n&nbsp;<\/p>\n","protected":false},"excerpt":{"rendered":"<p>(s. guraziu &#8211; ars poetica, n 24) &#8230;n\u00eb Parlamentin e Serbis\u00eb, m\u00eb 25 N\u00ebntor, sot paska patur tollovi&#8230; e lexova lajmin e REL, e pash\u00eb dhe videon, mir\u00ebpo vet\u00ebm buj\u00eb e potere, nuk kishte ndonj\u00eb &#8220;tymosje&#8221; (si n\u00eb rastin e&hellip; <a href=\"https:\/\/letrat.eu\/?p=16785\" class=\"more-link\">Lexo <span class=\"meta-nav\">&rarr;<\/span><\/a><\/p>\n","protected":false},"author":1,"featured_media":0,"comment_status":"closed","ping_status":"open","sticky":false,"template":"","format":"standard","meta":{"footnotes":""},"categories":[15],"tags":[],"class_list":["post-16785","post","type-post","status-publish","format-standard","hentry","category-shenime-shkurt"],"_links":{"self":[{"href":"https:\/\/letrat.eu\/index.php?rest_route=\/wp\/v2\/posts\/16785","targetHints":{"allow":["GET"]}}],"collection":[{"href":"https:\/\/letrat.eu\/index.php?rest_route=\/wp\/v2\/posts"}],"about":[{"href":"https:\/\/letrat.eu\/index.php?rest_route=\/wp\/v2\/types\/post"}],"author":[{"embeddable":true,"href":"https:\/\/letrat.eu\/index.php?rest_route=\/wp\/v2\/users\/1"}],"replies":[{"embeddable":true,"href":"https:\/\/letrat.eu\/index.php?rest_route=%2Fwp%2Fv2%2Fcomments&post=16785"}],"version-history":[{"count":0,"href":"https:\/\/letrat.eu\/index.php?rest_route=\/wp\/v2\/posts\/16785\/revisions"}],"wp:attachment":[{"href":"https:\/\/letrat.eu\/index.php?rest_route=%2Fwp%2Fv2%2Fmedia&parent=16785"}],"wp:term":[{"taxonomy":"category","embeddable":true,"href":"https:\/\/letrat.eu\/index.php?rest_route=%2Fwp%2Fv2%2Fcategories&post=16785"},{"taxonomy":"post_tag","embeddable":true,"href":"https:\/\/letrat.eu\/index.php?rest_route=%2Fwp%2Fv2%2Ftags&post=16785"}],"curies":[{"name":"wp","href":"https:\/\/api.w.org\/{rel}","templated":true}]}}