{"id":16800,"date":"2024-11-27T21:10:21","date_gmt":"2024-11-27T20:10:21","guid":{"rendered":"https:\/\/letrat.eu\/?p=16800"},"modified":"2024-11-27T21:10:21","modified_gmt":"2024-11-27T20:10:21","slug":"kosova-dhe-makineria-e-pagandes-se-luftes-koment","status":"publish","type":"post","link":"https:\/\/letrat.eu\/?p=16800","title":{"rendered":"Kosova dhe makineria e pagand\u00ebs s\u00eb luft\u00ebs (koment)"},"content":{"rendered":"<p>| &#8211; &#8211; &#8211;<br \/>\n[ citat ] &#8230;Kosova, nj\u00eb vend i vog\u00ebl, pa shkolla normale, me nj\u00eb tuf\u00eb udh\u00ebheq\u00ebsish thell\u00ebsisht injorant\u00eb e t\u00eb armiq\u00ebsuar mes vete, me nj\u00eb universitet n\u00eb gjendje t\u00eb mjer\u00eb, me tekste shkollore p\u00ebr faqe t\u00eb zez\u00eb, me nj\u00eb varf\u00ebri t\u00eb gjithanshme e me njer\u00ebz q\u00eb duan t\u00eb ikin n\u00eb per\u00ebndim, n\u00eb vend se t\u00eb flas\u00eb e t\u00eb angazhohet p\u00ebr tema q\u00eb e lidhin me vlera t\u00eb p\u00ebrbotshme dhe i sigurojn\u00eb progres, qeveria e ndez makinerin\u00eb e propagand\u00ebs dhe flet p\u00ebr luft\u00eb, retorik\u00eb t\u00eb cil\u00ebn e shpreh me goxha eg\u00ebrsi. Dhe, si\u00e7 ka th\u00ebn\u00eb George Orwell &#8220;e gjith\u00eb propaganda e luft\u00ebs, e gjith\u00eb ul\u00ebrima, g\u00ebnjeshtra dhe urrejtja, gjithmon\u00eb vjen nga njer\u00ebz q\u00eb nuk luftojn\u00eb&#8221;. [ f\/cit. ]<br \/>\n| &#8211; &#8211; &#8211; N<em>due Ukaj, postuar n\u00eb &#8220;Albspirit&#8221;, 27 N\u00ebntor 2024 <\/em>&#8211; &#8211; &#8211;<\/p>\n<p><span style=\"color: #999999;\">&#8230;shkrimi m\u00eb i bukur (sa u p\u00ebrket politikave, rrafshit kulturor-politik) q\u00eb kam lexuar ndonj\u00ebher\u00eb nga Ndue Ukaj (vet\u00eb e lexova n\u00eb &#8220;Albspirit&#8221;, ndoshta publikuar dhe ndokund tjet\u00ebr), ai shkruan majft shpesh, edhe un\u00eb vet\u00eb mjaft shpesh, dhe ok&#8230; por desha t\u00eb them aty-k\u00ebtu ndonj\u00ebher\u00eb padyshim dhe ia q\u00ebllojm\u00eb : ) sidoqoft\u00eb, un\u00eb s&#8217;di dhe aq p\u00ebr Kosov\u00ebn, sepse sa m\u00eb larg politikave, gjat\u00eb t\u00ebr\u00eb vitit s&#8217;i shkruaj ndoshta as 4-5 shkrime fare shkurt p\u00ebr Kosov\u00ebn, mir\u00ebpo Ndue ka burime m\u00eb t\u00eb besueshme, derisa un\u00eb vet\u00ebm n\u00eb &#8220;vija t\u00eb trasha&#8221; mund t\u00eb skicoj ndonj\u00eb di\u00e7, ai i njeh m\u00eb mir\u00eb politikat e atjeshme, njeh m\u00eb shum\u00eb detaje, ca dit\u00eb m\u00eb par\u00eb fliste p\u00ebr Albinin (z. Kurtin) si shembull jo dhe aq p\u00ebr lakmi i politikanit, Ndue e kritikon aparatin politik t\u00eb Kosov\u00ebs mjaft shpesh dhe pa ia vajtur rrotull, ua shkrep fare tro\u00e7 e direkt, sepse dhe i njeh politikan\u00ebt e atjesh\u00ebm (pati qen\u00eb nj\u00ebfar\u00eb &#8220;veg\u00ebze&#8221; dhe vet\u00eb, pati sh\u00ebrbyer nj\u00eb her\u00eb, a dy her\u00eb&#8230; nuk e di sakt\u00eb), e di q\u00eb komunikon me ta, e di q\u00eb i p\u00ebrcjell sistematikisht &#8211; sot u pajtova me shkrimin e tij pothuaj 99.98 % : )<\/span><br \/>\n<em>(s. guraziu &#8211; ars poetica, n 24)<\/em><\/p>\n<p><a  href=\"https:\/\/letrat.eu\/wp-content\/uploads\/2024\/11\/arspo_rreth_shkr_nd_ukaj_koment_opt.jpg\" data-rel=\"lightbox-gallery-0\" data-rl_title=\"\" data-rl_caption=\"\" title=\"\"><img loading=\"lazy\" decoding=\"async\" class=\"alignnone size-full wp-image-16801\" src=\"https:\/\/letrat.eu\/wp-content\/uploads\/2024\/11\/arspo_rreth_shkr_nd_ukaj_koment_opt.jpg\" alt=\"\" width=\"1400\" height=\"950\" srcset=\"https:\/\/letrat.eu\/wp-content\/uploads\/2024\/11\/arspo_rreth_shkr_nd_ukaj_koment_opt.jpg 1400w, https:\/\/letrat.eu\/wp-content\/uploads\/2024\/11\/arspo_rreth_shkr_nd_ukaj_koment_opt-300x204.jpg 300w, https:\/\/letrat.eu\/wp-content\/uploads\/2024\/11\/arspo_rreth_shkr_nd_ukaj_koment_opt-1024x695.jpg 1024w, https:\/\/letrat.eu\/wp-content\/uploads\/2024\/11\/arspo_rreth_shkr_nd_ukaj_koment_opt-768x521.jpg 768w\" sizes=\"auto, (max-width: 1400px) 100vw, 1400px\" \/><\/a><\/p>\n<p>&#8211; &#8211; &#8211; ngjitur m\u00eb posht\u00eb shkrimi i tij &#8211; &#8211; &#8211; &#8211;<\/p>\n<p><strong>Mjer\u00eb ata q\u00eb u besojn\u00eb parullave e furis\u00eb s\u00eb propagand\u00ebs shtet\u00ebrore<\/strong><br \/>\n<em>Ndue Ukaj (Albspirit, 27 N\u00ebntor 2024)<\/em><\/p>\n<p>Nd\u00ebrkoh\u00eb q\u00eb n\u00eb Kosov\u00eb furia e propagand\u00ebs shtet\u00ebrore flet p\u00ebr luft\u00eb, fabrika p\u00ebr monicion, e oborrtar\u00eb pala\u00e7o, pa e distiluar fare budullall\u00ebkun, e shfaqin ashtu hapur n\u00eb publik, nj\u00eb vend i larg\u00ebt si Norvegjia themelon \u00c7mimin Jon Fosse p\u00ebr p\u00ebrkthyes letrar\u00eb, nj\u00eblloj nobeli p\u00ebr p\u00ebrkthime letrare, n\u00eb em\u00ebr t\u00eb k\u00ebtij shkrimtari q\u00eb vitin e kaluar ka fituar \u00c7mimin Nobel p\u00ebr Let\u00ebrsi.<br \/>\nNj\u00eb nga arsyetimet dometh\u00ebn\u00ebse t\u00eb k\u00ebtij shteti ishte se \u201cp\u00ebr nj\u00eb gjuh\u00eb t\u00eb vog\u00ebl si norvegjishtja, puna e p\u00ebrkthyesve t\u00eb p\u00ebrkushtuar \u00ebsht\u00eb vendimtare\u2026\u201d.<br \/>\nPra, norvegjez\u00ebt, ashtu si suedez\u00ebt, danez\u00ebt e finlandez\u00ebt e mendojn\u00eb veten si popuj t\u00eb vegj\u00ebl, prandaj i ruajn\u00eb si syt\u00eb e ballit aleancat, kurr\u00eb nuk mburren e kurr\u00eb nuk \u00e7ojn\u00eb krye dhe pun\u00ebt kryesore i orientojn\u00eb kah vlerat njer\u00ebzore, q\u00eb lidhen me art, shkenc\u00eb, arsim, zbulime, fusha k\u00ebto q\u00eb sjellin progres e p\u00ebrparim.<br \/>\nKjo ngjet ngaq\u00eb ata besojn\u00eb se te vlerat e kultur\u00ebs, pra, th\u00ebn\u00eb ndryshe, ata i zgjerojn\u00eb hartat kulturore dhe jo ato t\u00eb fuqis\u00eb s\u00eb propagand\u00ebs e t\u00eb eg\u00ebrsis\u00eb.<br \/>\nPik\u00ebrisht kjo \u00ebsht\u00eb arsyeja, pse n\u00eb hierarkin\u00eb e vlerave bot\u00ebrore, kur b\u00ebhet fjal\u00eb p\u00ebr mir\u00ebqenie, zhvillim e progres, k\u00ebto shtete jan\u00eb krye t\u00eb list\u00ebs.<br \/>\nPra, ky \u00ebsht\u00eb lajmi i bukur q\u00eb i jep pesh\u00eb bot\u00ebrore gjuh\u00ebs e kultur\u00ebs norvegjeze.<br \/>\nK\u00ebshtu rritet nj\u00eb popull e k\u00ebshtu i zgj\u00ebron hartat e ndikimit, me vlera dhe jo me arroganc\u00eb.<br \/>\n\u00c7far\u00eb ndodh me ne? \u00c7far\u00eb lajm\u00eb prodhojm\u00eb ne? Si e mendojm\u00eb vetveten n\u00eb hart\u00ebn bot\u00ebrore?<br \/>\nSi b\u00ebhemi kaq t\u00eb marr\u00eb dhe e shp\u00ebrfillim faktin se k\u00ebtu \u00ebsht\u00eb aleanca m\u00eb e fuqishme bot\u00ebrore e siguris\u00eb dhe flasim me arroganc\u00eb p\u00ebr luft\u00eb?<br \/>\nKosova, nj\u00eb vend i vog\u00ebl, pa shkolla normale, me nj\u00eb tuf\u00eb udh\u00ebheq\u00ebsish thell\u00ebsisht injorant\u00eb e t\u00eb armiq\u00ebsuar mes vete, me nj\u00eb universitet n\u00eb gjendje t\u00eb mjer\u00eb, me tekste shkollore p\u00ebr faqe t\u00eb zez\u00eb, me nj\u00eb varf\u00ebri t\u00eb gjithanshme e me njer\u00ebz q\u00eb duan t\u00eb ikin n\u00eb per\u00ebndim, n\u00eb vend se t\u00eb flas\u00eb e t\u00eb angazhohet p\u00ebr tema q\u00eb e lidhin me vlera t\u00eb p\u00ebrbotshme dhe i sigurojn\u00eb progres, qeveria e ndez makinerin\u00eb e propagand\u00ebs dhe flet p\u00ebr luft\u00eb, retorik\u00eb t\u00eb cil\u00ebn e shpreh me goxha eg\u00ebrsi.<br \/>\nDhe, si\u00e7 ka th\u00ebn\u00eb George Orwell \u201ce gjith\u00eb propaganda e luft\u00ebs, e gjith\u00eb ul\u00ebrima, g\u00ebnjeshtra dhe urrejtja, gjithmon\u00eb vjen nga njer\u00ebz q\u00eb nuk luftojn\u00eb\u201d.<br \/>\nKy shkrimtar, dihet, ka shkruar nj\u00eb vep\u00ebr profetike, duke th\u00ebn\u00eb t\u00eb v\u00ebrteta t\u00eb makthshme rreth fuqis\u00eb s\u00eb pushtetit dhe propagand\u00ebs shtet\u00ebrore, q\u00eb bluan jet\u00ebt njer\u00ebzore, e aplikuar n\u00eb form\u00ebn m\u00eb brutale, p\u00ebrgjat\u00eb sundimit t\u00eb perandoris\u00eb s\u00eb kuqe, ku miliona njer\u00ebz u d\u00ebnuan, u vran e ndjek\u00ebn pa asnj\u00eb faj.<br \/>\nPra, sa her\u00eb ka propagand\u00eb shtet\u00ebrore, ajo b\u00ebhet p\u00ebr t\u2019i kufizuar lirit\u00eb njer\u00ebzore.<br \/>\nK\u00ebta \u201cbarinjt\u00eb politik\u00eb\u201d q\u00eb flasin n\u00eb em\u00ebr t\u00eb \u201cberrave\u201d, pra popullit, e kan\u00eb vet\u00ebm nj\u00eb q\u00ebllim: duan berrat t\u2019i b\u00ebjn\u00eb ushqim p\u00ebr epshe politike.<br \/>\nKaq e thjesht\u00eb \u00ebsht\u00eb kjo pun\u00eb.<br \/>\nMjer\u00eb ata q\u00eb u besojn\u00eb parullave e furis\u00eb s\u00eb propagand\u00ebs shtet\u00ebrore.<\/p>\n","protected":false},"excerpt":{"rendered":"<p>| &#8211; &#8211; &#8211; [ citat ] &#8230;Kosova, nj\u00eb vend i vog\u00ebl, pa shkolla normale, me nj\u00eb tuf\u00eb udh\u00ebheq\u00ebsish thell\u00ebsisht injorant\u00eb e t\u00eb armiq\u00ebsuar mes vete, me nj\u00eb universitet n\u00eb gjendje t\u00eb mjer\u00eb, me tekste shkollore p\u00ebr faqe t\u00eb zez\u00eb,&hellip; <a href=\"https:\/\/letrat.eu\/?p=16800\" class=\"more-link\">Lexo <span class=\"meta-nav\">&rarr;<\/span><\/a><\/p>\n","protected":false},"author":1,"featured_media":0,"comment_status":"closed","ping_status":"open","sticky":false,"template":"","format":"standard","meta":{"footnotes":""},"categories":[15],"tags":[],"class_list":["post-16800","post","type-post","status-publish","format-standard","hentry","category-shenime-shkurt"],"_links":{"self":[{"href":"https:\/\/letrat.eu\/index.php?rest_route=\/wp\/v2\/posts\/16800","targetHints":{"allow":["GET"]}}],"collection":[{"href":"https:\/\/letrat.eu\/index.php?rest_route=\/wp\/v2\/posts"}],"about":[{"href":"https:\/\/letrat.eu\/index.php?rest_route=\/wp\/v2\/types\/post"}],"author":[{"embeddable":true,"href":"https:\/\/letrat.eu\/index.php?rest_route=\/wp\/v2\/users\/1"}],"replies":[{"embeddable":true,"href":"https:\/\/letrat.eu\/index.php?rest_route=%2Fwp%2Fv2%2Fcomments&post=16800"}],"version-history":[{"count":0,"href":"https:\/\/letrat.eu\/index.php?rest_route=\/wp\/v2\/posts\/16800\/revisions"}],"wp:attachment":[{"href":"https:\/\/letrat.eu\/index.php?rest_route=%2Fwp%2Fv2%2Fmedia&parent=16800"}],"wp:term":[{"taxonomy":"category","embeddable":true,"href":"https:\/\/letrat.eu\/index.php?rest_route=%2Fwp%2Fv2%2Fcategories&post=16800"},{"taxonomy":"post_tag","embeddable":true,"href":"https:\/\/letrat.eu\/index.php?rest_route=%2Fwp%2Fv2%2Ftags&post=16800"}],"curies":[{"name":"wp","href":"https:\/\/api.w.org\/{rel}","templated":true}]}}