{"id":16892,"date":"2024-12-29T14:39:55","date_gmt":"2024-12-29T13:39:55","guid":{"rendered":"https:\/\/letrat.eu\/?p=16892"},"modified":"2024-12-29T18:41:50","modified_gmt":"2024-12-29T17:41:50","slug":"titani-i-tiranes-rama-si-kronos-i-hengerka-kelyshet-e-vet","status":"publish","type":"post","link":"https:\/\/letrat.eu\/?p=16892","title":{"rendered":"Titani i Tiran\u00ebs &#8211; Rama si Kronos, i h\u00ebng\u00ebrka &#8220;k\u00eblysh\u00ebt&#8221; e vet"},"content":{"rendered":"<p><em>(s. guraziu &#8211; ars poetica, dhjetor 24 &#8211; koment, pak humor)<\/em><\/p>\n<p>&#8230;ec e mos buz\u00ebqesh, titulli thoshte &#8220;<strong>Edi Rama si Kronos: po i ha t\u00eb gjith\u00eb k\u00eblysh\u00ebt e vet<\/strong>&#8220;, padyshim ky do jet\u00eb titulli m\u00eb simpatik i fundvitit 2024, e paskan b\u00ebr\u00eb Ram\u00ebn Kronos, sipas Gjergj Zefit <em>(autori i tekstit tek Pamfleti)<\/em> Kryeministri Rama na qenka Kronos (dmth. Titan, vet\u00eb babai i Olimpian\u00ebve, ai Kronosi q\u00eb kullufiste gjith\u00e7ka&#8230; q\u00eb i hante f\u00ebmij\u00ebt e vet), mir\u00ebpo n\u00ebse e kujtojm\u00eb Kronosin e &#8220;v\u00ebrtet\u00eb&#8221; nuk ishte i palajthitsh\u00ebm as ai, psh. e pati &#8220;h\u00ebng\u00ebr&#8221; gurin e mb\u00ebshtjellur si Zeus, ia pat\u00ebn hedhur dmth., vet\u00eb mot\u00ebr-gruaja e vet ia pati hedhur&#8230;<\/p>\n<p>&#8230;sipas Hesiodit, Kronosi i g\u00eblltiste f\u00ebmij\u00ebt e vet menj\u00ebher\u00eb sapo lindnin, sepse profecia e parashihte q\u00eb f\u00ebmij\u00ebt e tij do ta rr\u00ebzonin nga froni hyjnor, nj\u00ebsoj si\u00e7 dhe ai vet\u00eb e pati rr\u00ebzuar babain e vet &#8211; p\u00ebr ta shp\u00ebtuar Zeusin si foshnje, n\u00ebna per\u00ebndesh\u00eb Rea (motra e Kronosit dhe gruaja) e mashtroi Kronosin duke ia dh\u00ebn\u00eb nj\u00eb gur t\u00eb mb\u00ebshtjellur (q\u00eb dukej si foshnj\u00eb) n\u00eb vend t\u00eb Zeusit, per\u00ebndesha Rea pastaj ia dha Zeusin nimf\u00ebs Adamantea p\u00ebr ta ushqyer, nimfa do kujdesej p\u00ebr Zeusin, e fshehur diku n\u00eb nj\u00eb shpell\u00eb t\u00eb Kret\u00ebs dhe Zeusi do rritej (ky \u00ebsht\u00eb nj\u00ebri nga versionet)&#8230;<\/p>\n<p>&#8230;nd\u00ebrsa sipas Apollodorit, Rea ia dha Zeusin jo nimf\u00ebs Adamantea por nimfave Adrastea dhe Ida p\u00ebr ta ushqyer, dhe ato do e ushqenin me qum\u00ebshtin e dhis\u00eb Amaltea, nimfat Ida dhe Adrastea (s\u00eb bashku me nimf\u00ebn Amaltea) ishin vajzat e per\u00ebndis\u00eb akuatike, Oqeanit, kur Zeusi qe rritur do ta shp\u00ebrblente &#8220;dhin\u00eb&#8221; (nimf\u00ebn Amaltea) duke e vendosur mes yjeve si yll\u00ebsia &#8220;Capra&#8221;, e q\u00eb do t&#8217;thot\u00eb thjesht &#8220;dhia&#8221; &#8211; mir\u00ebpo Capra s&#8217;duhet ngat\u00ebrruar me cjapin e detit, me Bricjapin e Zodiakut, i cili s\u2019ka ndonj\u00eb lidhje me dhin\u00eb Amaltea&#8230;.<\/p>\n<p>&#8230;n\u00eb k\u00ebt\u00eb linj\u00eb paralelizuese, Tirana dhe mund ta kishte &#8220;mb\u00ebshtjellur&#8221; Zeus foshnjarakun, do kafshonte SPAK-u dhe \u00e7far\u00eb pastaj, asgj\u00eb, do k\u00ebrcisnin paksa dh\u00ebmb\u00ebt dhe Kronosi do i f\u00ebrkonte nofullat, n\u00ebse SPAK-u na qenka goja e Kronosit at\u00ebher\u00eb padyshim as vet\u00eb Kronosi s&#8217;do jet\u00eb i pagabuesh\u00ebm, shumkush dyshon se vet\u00eb ai do jet\u00eb Krye-Kapoja&#8230; peshku i madh, jo peshkaqeni por qen-a-peshku i madh i politik\u00ebs shqiptare&#8230;<\/p>\n<p>&#8230;problemi \u00ebsht\u00eb q\u00eb Kronosi s&#8217;ka si e kullufit veten me goj\u00ebn e vet, tani duket sikur i papreksh\u00ebm nga drejt\u00ebsia e SPAK-ut, pa fakte s&#8217;ke si&#8230; k\u00ebshtu q\u00eb thjesht duhet pritur, helbete, ku i dihet, mund ta ket\u00eb kafshuar dhe qen-a-peshku ndonj\u00eb &#8220;grep&#8221;, as Kronosi hyjnor s&#8217;mund ta llogariste secilin detaj t\u00eb ardhm\u00ebris\u00eb, andaj dhe kishte frik\u00eb &#8211; n\u00ebse mbjell panxharsheqer sipas logjik\u00ebs s&#8217;ke pse pret surpriza as korrje t\u00eb hidhura&#8230;<\/p>\n<p>&#8230;nga ana tjet\u00ebr Kronosi s&#8217;ditka t\u00eb ndalur, sa e sa kokat i paska h\u00ebng\u00ebr, sa e sa Ali-Pashallar\u00eb paskan vajtur n\u00eb tepsin\u00eb e Sulltanit, autori Zefi i kishte varg\u00ebzuar mjaft emra, siduket edhe Kronosit t\u00eb Tiran\u00ebs iu paska &#8220;mjegulluar mendja nga profecia&#8221; dhe i kullufitka gjith\u00eb t\u00eb pafajshmit e politik\u00ebs shqiptare, pak\u00ebz e \u00e7uditshme pse u brengoska autori Gjegj Zefi, pse duhet t&#8217;i dhimbsen, pse t&#8217;i dhimbset Zeus-Veliaj, le t&#8217;i kullufit\u00eb, pse t\u00eb dhimbka ty, ku t\u00eb dhimbka ty, le t&#8217;i haj\u00eb&#8230;<\/p>\n<p>&#8230;n\u00ebse Rama na qenka Kronos at\u00ebher\u00eb i bie q\u00eb s&#8217;paska as faj, as pik\u00eb faji (n\u00ebse &#8220;faji&#8221; t&#8217;na ishte i l\u00ebngsh\u00ebm), aktet e tij qenkan legjitime deri n\u00eb thelb, t\u00eb arsyeshme deri n&#8217;b\u00ebrtham\u00eb, gjithkush lufton p\u00ebr faqebardh\u00ebsin\u00eb e vet, t\u00eb sh\u00ebrbesh 3 mandate dhe n\u00eb fund i baltosur, i p\u00ebrlyer, i njollosur&#8230; qebesa mjaft inat, edhe Kronosi s&#8217;pati b\u00ebr\u00eb gj\u00eb tjet\u00ebr por pandehte mbrojtjen e fronit t\u00eb vet, q\u00ebkur aq i pafajsh\u00ebm s&#8217;ishte as ai vet\u00eb, edhe ai vet\u00eb e pati rr\u00ebzuar babain e vet &#8211; mos vall\u00eb na paska frik\u00eb Rama nga Zeus-Veliaj&#8230; or something?!<\/p>\n<p>&#8230;imagjinata e artikujve s&#8217;ka frer\u00eb, as gjuha s&#8217;ka eshtra, e tult\u00eb, mund t&#8217;i japim sa andej sa k\u00ebndej, mir\u00ebpo s&#8217;ia vlen p\u00ebrhumbja, shtrohet pyetja vall\u00eb cili do jet\u00eb pra &#8220;motivi&#8221; i v\u00ebrtet\u00eb i Titanit t\u00eb Tiran\u00ebs (natyrisht, mund t&#8217;ket\u00eb m\u00eb shum\u00eb motive, 2-3-4 apo dhe m\u00eb shum\u00eb, sidoqoft\u00eb prap\u00eb 1-ri nga motivet e Kronosit do jet\u00eb m\u00eb i madhi, kryesori) derisa Kronosi dikur kishte frik\u00eb p\u00ebr fronin hyjnor (ky ishte dikur motivi ky\u00e7), at\u00ebher\u00eb \u00e7far\u00eb na humbka Titani yn\u00eb, ky pothuaj se \u00ebsht\u00eb &#8220;lodhur&#8221; duke qeverisur, tamam si ata Kryepleqt\u00eb e Sijuksve a t\u00eb Apa\u00e7\u00ebve, n\u00ebse hajn&#8230; kuptohet keq, mos pyet, deri tani do i ket\u00eb mbushur me hejbe me hambar\u00eb, e mori dikur &#8220;fronin&#8221; si nj\u00eb Qemal djaloshar tani do ik\u00ebn si nj\u00eb Qemal mjek\u00ebrbardh\u00eb, Shqip\u00ebria s&#8217;do ket\u00eb Kronos m\u00eb t\u00eb madh, dihet&#8230; i tashmi Qemal dhe ai i dikurshmi, analet historike t\u00eb Shqip\u00ebris\u00eb do i ken\u00eb 2 Mjek\u00ebr-Qemala t\u00eb m\u00ebdhenj&#8230;<\/p>\n<p>&#8230;si nj\u00eb detaj m\u00eb tep\u00ebr i komentit ton\u00eb, sipas nesh paksa e \u00e7uditshme dhimbshuria e autorit Zefi, &#8220;pamfleti&#8221; i tij pak\u00ebz i paqart\u00eb, ehuuu&#8230; le t&#8217;i haj\u00eb, \u00e7far\u00eb humbka Kronosi i Tiran\u00ebs n\u00ebse i &#8220;h\u00ebng\u00ebrka&#8221; ca k\u00eblysh\u00ebr, mashtrues t\u00eb popullit, n\u00ebse Tirana na pask\u00ebsh qen\u00eb e verb\u00ebr duke i zgjedhur kryebashkiak\u00eb vet\u00eb mashtruesit, vet\u00eb hajnat, vet\u00eb k\u00eblysh\u00ebt e Kronosit, at\u00ebher\u00eb kujt i plas&#8230; le t&#8217;i kullufit ai vet\u00eb, pse t\u00eb dhimbsen ty i dashur Gjergj : )<\/p>\n<p><a  href=\"https:\/\/letrat.eu\/wp-content\/uploads\/2024\/12\/arspo_media_pamfleti_rama_si_kronos1.jpg\" data-rel=\"lightbox-gallery-0\" data-rl_title=\"\" data-rl_caption=\"\" title=\"\"><img loading=\"lazy\" decoding=\"async\" src=\"https:\/\/letrat.eu\/wp-content\/uploads\/2024\/12\/arspo_media_pamfleti_rama_si_kronos1.jpg\" alt=\"\" width=\"1280\" height=\"1016\" class=\"alignnone size-full wp-image-16893\" srcset=\"https:\/\/letrat.eu\/wp-content\/uploads\/2024\/12\/arspo_media_pamfleti_rama_si_kronos1.jpg 1280w, https:\/\/letrat.eu\/wp-content\/uploads\/2024\/12\/arspo_media_pamfleti_rama_si_kronos1-300x238.jpg 300w, https:\/\/letrat.eu\/wp-content\/uploads\/2024\/12\/arspo_media_pamfleti_rama_si_kronos1-1024x813.jpg 1024w, https:\/\/letrat.eu\/wp-content\/uploads\/2024\/12\/arspo_media_pamfleti_rama_si_kronos1-768x610.jpg 768w\" sizes=\"auto, (max-width: 1280px) 100vw, 1280px\" \/><\/a><br \/>\n&nbsp;<br \/>\n&nbsp;<\/p>\n","protected":false},"excerpt":{"rendered":"<p>(s. guraziu &#8211; ars poetica, dhjetor 24 &#8211; koment, pak humor) &#8230;ec e mos buz\u00ebqesh, titulli thoshte &#8220;Edi Rama si Kronos: po i ha t\u00eb gjith\u00eb k\u00eblysh\u00ebt e vet&#8220;, padyshim ky do jet\u00eb titulli m\u00eb simpatik i fundvitit 2024, e&hellip; <a href=\"https:\/\/letrat.eu\/?p=16892\" class=\"more-link\">Lexo <span class=\"meta-nav\">&rarr;<\/span><\/a><\/p>\n","protected":false},"author":1,"featured_media":0,"comment_status":"closed","ping_status":"open","sticky":false,"template":"","format":"standard","meta":{"footnotes":""},"categories":[15],"tags":[],"class_list":["post-16892","post","type-post","status-publish","format-standard","hentry","category-shenime-shkurt"],"_links":{"self":[{"href":"https:\/\/letrat.eu\/index.php?rest_route=\/wp\/v2\/posts\/16892","targetHints":{"allow":["GET"]}}],"collection":[{"href":"https:\/\/letrat.eu\/index.php?rest_route=\/wp\/v2\/posts"}],"about":[{"href":"https:\/\/letrat.eu\/index.php?rest_route=\/wp\/v2\/types\/post"}],"author":[{"embeddable":true,"href":"https:\/\/letrat.eu\/index.php?rest_route=\/wp\/v2\/users\/1"}],"replies":[{"embeddable":true,"href":"https:\/\/letrat.eu\/index.php?rest_route=%2Fwp%2Fv2%2Fcomments&post=16892"}],"version-history":[{"count":0,"href":"https:\/\/letrat.eu\/index.php?rest_route=\/wp\/v2\/posts\/16892\/revisions"}],"wp:attachment":[{"href":"https:\/\/letrat.eu\/index.php?rest_route=%2Fwp%2Fv2%2Fmedia&parent=16892"}],"wp:term":[{"taxonomy":"category","embeddable":true,"href":"https:\/\/letrat.eu\/index.php?rest_route=%2Fwp%2Fv2%2Fcategories&post=16892"},{"taxonomy":"post_tag","embeddable":true,"href":"https:\/\/letrat.eu\/index.php?rest_route=%2Fwp%2Fv2%2Ftags&post=16892"}],"curies":[{"name":"wp","href":"https:\/\/api.w.org\/{rel}","templated":true}]}}