{"id":17056,"date":"2025-03-17T21:01:07","date_gmt":"2025-03-17T20:01:07","guid":{"rendered":"https:\/\/letrat.eu\/?p=17056"},"modified":"2025-03-18T22:11:15","modified_gmt":"2025-03-18T21:11:15","slug":"ajo-qeshi-qesha-dhe-une-edhe-alexa-qeshi-edhe-siri-qeshi","status":"publish","type":"post","link":"https:\/\/letrat.eu\/?p=17056","title":{"rendered":"Ajo qeshi, qesha dhe un\u00eb, Alexa qeshi, edhe Siri qeshi !"},"content":{"rendered":"<p><em>(s. guraziu &#8211; ap, m 25 &#8211; koment)<\/em><\/p>\n<p>&#8211; &#8211; &#8211;<br \/>\n<strong>Gruaja m\u00eb pyeti pse po flisja ashtu me z\u00eb t\u00eb ul\u00ebt (ishim n\u00eb sht\u00ebpi). I thash\u00eb se kisha frik\u00eb mos Mark Zuckerberg po na d\u00ebgjonte! Ajo qeshi, qesha dhe un\u00eb, edhe Alexa qeshi, edhe Siri qeshi<\/strong> !<br \/>\n&#8211; &#8211; &#8211;<br \/>\n\u2026kjo shakaja padyshim sugjeron se jemi t\u00eb rrethuar me spiun\u00eb, ve\u00e7an\u00ebrisht telefonat tan\u00eb t\u00eb &#8220;men\u00e7ur&#8221;, smartphones (m\u00eb t\u00eb rrezikshmit aparate&#8230; veglat m\u00eb t\u00eb pabesa q\u00eb kan\u00eb ekzistuar ndonj\u00ebher\u00eb : ) ne ende besojm\u00eb se askush nuk na \u201cspiunon\u201d, por a \u00ebsht\u00eb e v\u00ebrtet\u00eb?! Saher\u00eb e kujtojm\u00eb &#8220;1984&#8221; t\u00eb George Orwell aty p\u00ebr aty na qart\u00ebsohet se ai e dinte sakt\u00ebsisht \u00e7&#8217;do &#8220;ndodhte&#8221; her\u00ebt a m\u00eb von\u00eb, ai e dinte fort mir\u00eb, Orwell v\u00ebrtet ishte nj\u00eb gjeni, dhe meq\u00eb ra fjala vet\u00eb s&#8217;e kuptoj pse &#8220;ideja&#8221; e tij sikur ende konsiderohet ide distopike e fantashkenc\u00ebs sociale\u2026 p\u00ebr mua profecia e tij nuk \u00ebsht\u00eb aspak &#8220;distopike&#8221;, p\u00ebrkundrazi \u00ebsht\u00eb madje realitet i ashp\u00ebr dhe i mir\u00ebfillt\u00eb q\u00ebtani &#8211; gjith\u00e7ka q\u00eb keni shkruar n\u00eb jet\u00ebn tuaj (via telefonit), gjith\u00e7ka q\u00eb keni th\u00ebn\u00eb, gjith\u00e7ka q\u00eb \u00ebsht\u00eb p\u00ebrpunuar n\u00ebp\u00ebrmjet smartfonit tuaj, ruhet dhe \u00ebsht\u00eb ruajtur diku n\u00eb aparatet e korporatave&#8230; diku n\u00eb &#8220;cloud-clusters&#8221; (s&#8217;di si t&#8217;i quaj gj\u00ebrat e tilla : )<\/p>\n<p>&#8230;ata thon\u00eb se mund t\u00eb aplikojm\u00eb q\u00eb t\u00eb fshihen t\u00eb dh\u00ebnat tona, sipas ligjeve dhe n\u00eb \u00e7do koh\u00eb, e sakt\u00eb kjo, nuk i di rregulloret e t\u00eb tjer\u00ebve&#8230; ndoshta n\u00eb Azi, Australi, Afrik\u00eb ata mund t&#8217;ken\u00eb rregullore t\u00eb tjera, por e di q\u00eb n\u00eb Evrop\u00eb legjislacioni i BE-s\u00eb p\u00ebr mbrojtjen e t\u00eb dh\u00ebnave p\u00ebrb\u00ebhet nga Rregullorja e P\u00ebrgjithshme e Mbrojtjes s\u00eb t\u00eb Dh\u00ebnave (famozja, e ashtuquajtura rregullore GDPR), pastaj nga Direktiva e Zbatimit t\u00eb Ligjit (LED) dhe Rregullorja e Mbrojtjes s\u00eb t\u00eb Dh\u00ebnave p\u00ebr institucionet, p\u00ebr organet e BE-s\u00eb, dhe me kaq ne jemi t\u00eb bindur se mjafton, sepse dhe \u00ebsht\u00eb e mjaftueshme (ligji \u00ebsht\u00eb supozuar t\u00eb jet\u00eb ligj), ndoshta m\u00eb tep\u00ebr se e mjaftueshme\u2026 mir\u00ebpo e v\u00ebrteta e thjesht\u00eb \u00ebsht\u00eb q\u00eb ne kurr\u00eb nuk pyesim p\u00ebr fshirje \u2013 e mbani mend ta keni b\u00ebre k\u00ebt\u00eb? ju kujtohet kur me k\u00ebrkes\u00ebn tuaj t\u00eb dh\u00ebnat e iPhone qen\u00eb fshir\u00eb nga &#8220;datacenters&#8221; t\u00eb Apple (? si shembull dmth.), un\u00eb p\u00ebr vete s&#8217;mbaj mend, sepse kurr\u00eb s&#8217;kam k\u00ebrkuar t\u00eb fshihet di\u00e7 dhe asgj\u00eb, shpresoj ju ndryshe : )<\/p>\n<p><a  href=\"https:\/\/letrat.eu\/wp-content\/uploads\/2025\/03\/arspo_siri_joke_opt.jpg\" data-rel=\"lightbox-gallery-0\" data-rl_title=\"\" data-rl_caption=\"\" title=\"\"><img loading=\"lazy\" decoding=\"async\" src=\"https:\/\/letrat.eu\/wp-content\/uploads\/2025\/03\/arspo_siri_joke_opt.jpg\" alt=\"\" width=\"1280\" height=\"768\" class=\"alignnone size-full wp-image-17017\" srcset=\"https:\/\/letrat.eu\/wp-content\/uploads\/2025\/03\/arspo_siri_joke_opt.jpg 1280w, https:\/\/letrat.eu\/wp-content\/uploads\/2025\/03\/arspo_siri_joke_opt-300x180.jpg 300w, https:\/\/letrat.eu\/wp-content\/uploads\/2025\/03\/arspo_siri_joke_opt-1024x614.jpg 1024w, https:\/\/letrat.eu\/wp-content\/uploads\/2025\/03\/arspo_siri_joke_opt-768x461.jpg 768w\" sizes=\"auto, (max-width: 1280px) 100vw, 1280px\" \/><\/a><\/p>\n<p><em>(sqarim)<\/em><br \/>\nAlexa dhe Siri (q\u00eb p\u00ebrmenden n\u00eb shakan\u00eb) jan\u00eb t\u00eb dy asistent\u00eb virtual\u00eb (t\u00eb mir\u00ebnjohur), por q\u00eb kan\u00eb origjin\u00eb dhe ekosisteme t\u00eb ndryshme, kuptohet se jan\u00eb vegla komplekse, sa vet\u00eb marramendja, i p\u00ebrdorin &#8220;big data &#038; deep learning&#8221; (rrjetet e m\u00ebsimit t\u00eb thell\u00eb, sistemet neurologjike t\u00eb IA &#8211; Inteligjenc\u00ebs Artificiale &#8211; dhe meq\u00eb i p\u00ebrdorin &#8220;m\u00ebsimet e thella&#8221;, n\u00ebse funksioni nuk \u00ebsht\u00eb pezulluar nga ju at\u00ebher\u00eb automatikisht korporatat e kan\u00eb &#8220;lejen&#8221; t&#8217;i mbledhin t\u00eb dh\u00ebnat tuaja (sidomos iPhone i Apple ka interface jasht\u00ebzakonisht- pandershm\u00ebrisht t\u00eb koklavitur, atyre u parap\u00eblqen q\u00eb Siri t&#8217;mos \u00e7ky\u00e7et kurr\u00eb : ) dhe k\u00ebshtu gjith\u00e7ka q\u00eb p\u00ebrdoruesi b\u00ebn me iPhone, secilin program q\u00eb p\u00ebrdor, secil\u00ebn foto q\u00eb shkrep, secil\u00ebn her\u00eb q\u00eb p\u00ebrdoret mikrofoni, gjith\u00e7ka&#8230; qoft\u00eb dhe 1 milion operacione, Siri gjat\u00eb t\u00ebr\u00eb koh\u00ebs, 24\/7 &#8220;p\u00ebrgjon dhe m\u00ebson&#8221;, gjoja anonimisht (e sakt\u00eb kjo, teknikisht, anonimitet sepse robot &#8211; por t\u00eb dh\u00ebnat tuaja nuk ngelin anonime, kodohen me identitetin tuaj), dhe k\u00ebshtusoj edhe Siri edhe Alexa (dhe plot asistent\u00eb t\u00eb ngjash\u00ebm) sikur b\u00ebhen &#8220;spiun\u00ebt pa t\u00eb keq dhe t\u00eb pavet\u00ebdijsh\u00ebm&#8221; &#8211; e qart\u00eb q\u00eb s&#8217;kan\u00eb vet\u00ebdije, ende s&#8217;jan\u00eb &#8220;sentient&#8221;, jan\u00eb thjesht vegla robotike t\u00eb korporatave : ) &#8220;Alexa&#8221; \u00ebsht\u00eb zhvilluar nga kompania Amazon, dhe kryesisht funksionon n\u00eb pajisjet Amazon Echo, nd\u00ebrsa &#8220;Siri&#8221; \u00ebsht\u00eb krijuar nga kompania Apple, dhe funksionon n\u00eb pajisjet Apple, konkretisht iPhone&#8230; aparat t\u00eb cilin e p\u00ebrdorim \u00e7dosecil\u00ebn dit\u00eb, madje pothuaj t\u00eb gjith\u00eb dhe flem\u00eb me t\u00eb, e mbajm\u00eb fare af\u00ebr aty mbi komodin\u00eb : )<br \/>\n&nbsp;<br \/>\n&nbsp;<\/p>\n","protected":false},"excerpt":{"rendered":"<p>(s. guraziu &#8211; ap, m 25 &#8211; koment) &#8211; &#8211; &#8211; Gruaja m\u00eb pyeti pse po flisja ashtu me z\u00eb t\u00eb ul\u00ebt (ishim n\u00eb sht\u00ebpi). I thash\u00eb se kisha frik\u00eb mos Mark Zuckerberg po na d\u00ebgjonte! Ajo qeshi, qesha dhe&hellip; <a href=\"https:\/\/letrat.eu\/?p=17056\" class=\"more-link\">Lexo <span class=\"meta-nav\">&rarr;<\/span><\/a><\/p>\n","protected":false},"author":1,"featured_media":0,"comment_status":"closed","ping_status":"open","sticky":false,"template":"","format":"standard","meta":{"footnotes":""},"categories":[15],"tags":[],"class_list":["post-17056","post","type-post","status-publish","format-standard","hentry","category-shenime-shkurt"],"_links":{"self":[{"href":"https:\/\/letrat.eu\/index.php?rest_route=\/wp\/v2\/posts\/17056","targetHints":{"allow":["GET"]}}],"collection":[{"href":"https:\/\/letrat.eu\/index.php?rest_route=\/wp\/v2\/posts"}],"about":[{"href":"https:\/\/letrat.eu\/index.php?rest_route=\/wp\/v2\/types\/post"}],"author":[{"embeddable":true,"href":"https:\/\/letrat.eu\/index.php?rest_route=\/wp\/v2\/users\/1"}],"replies":[{"embeddable":true,"href":"https:\/\/letrat.eu\/index.php?rest_route=%2Fwp%2Fv2%2Fcomments&post=17056"}],"version-history":[{"count":0,"href":"https:\/\/letrat.eu\/index.php?rest_route=\/wp\/v2\/posts\/17056\/revisions"}],"wp:attachment":[{"href":"https:\/\/letrat.eu\/index.php?rest_route=%2Fwp%2Fv2%2Fmedia&parent=17056"}],"wp:term":[{"taxonomy":"category","embeddable":true,"href":"https:\/\/letrat.eu\/index.php?rest_route=%2Fwp%2Fv2%2Fcategories&post=17056"},{"taxonomy":"post_tag","embeddable":true,"href":"https:\/\/letrat.eu\/index.php?rest_route=%2Fwp%2Fv2%2Ftags&post=17056"}],"curies":[{"name":"wp","href":"https:\/\/api.w.org\/{rel}","templated":true}]}}