{"id":17545,"date":"2025-05-10T12:45:01","date_gmt":"2025-05-10T11:45:01","guid":{"rendered":"https:\/\/letrat.eu\/?p=17545"},"modified":"2025-05-10T15:46:33","modified_gmt":"2025-05-10T14:46:33","slug":"demi-i-xhungles-internetike-nga-skuthet-e-mediave-shqiptare","status":"publish","type":"post","link":"https:\/\/letrat.eu\/?p=17545","title":{"rendered":"D\u00ebmi i xhungl\u00ebs internetike nga skuth\u00ebt e mediave shqiptare !"},"content":{"rendered":"<p>&#8230;shqiptar\u00eb t\u00eb respektuar, anemban\u00eb dhe gjithandej, mendoj se p\u00ebr momentin xhungla internetike dhe skuth\u00ebt e mediave jan\u00eb duke na sjellur m\u00eb shum\u00eb d\u00ebm sesa&#8230; politikat dhe partit\u00eb, mendoj se \u00ebsht\u00eb moment ky\u00e7 n\u00eb historin\u00eb e gazetaris\u00eb shqiptare, le t&#8217;jet\u00eb ky fund i \u00e7erek-shekullit XXI di\u00e7 si momentum historik p\u00ebr t&#8217;u th\u00ebn\u00eb STOP matrapaz\u00ebve t\u00eb Internetit shqiptar, nj\u00ebher\u00eb e p\u00ebrgjithmon\u00eb, mos u hutoni vet\u00ebm pas politikan\u00ebve, nuk jan\u00eb t\u00eb pafajsh\u00ebm ata, s&#8217;jam duke th\u00ebn\u00eb se na qenkan engj\u00ebj, por si\u00e7 e dim\u00eb ata s&#8217;ia b\u00ebjn\u00eb as g\u00ebk pa mediatik\u00ebt, p\u00ebr momentin xhungla internetike dhe skuth\u00ebt e mediave jan\u00eb duke i sjellur m\u00eb shum\u00eb d\u00ebm Shqip\u00ebris\u00eb dhe Kosovarlush\u00ebs&#8230; sesa ng\u00ebr\u00e7i, amullia e politikan\u00ebve, t\u00eb gjith\u00eb e dim\u00eb si funksionon ingranazhi i forcave &#8220;motorike&#8221;&#8230; si metafor\u00eb analoge e dim\u00eb po ashtu si jan\u00eb t\u00eb &#8220;lidhura&#8221; dhe ingranazhet, dh\u00ebmb\u00ebzoret e politik\u00ebs-mediatik\u00ebs, e dim\u00eb ku shkon paraja, i pasur ishte dhe Al Capone&#8230; por derisa me nj\u00ebr\u00ebn dor\u00eb e mbante lug\u00ebn, n\u00eb tjetr\u00ebn e mbante revolen dhe mund t\u00eb vriste, pa i ngritur as syt\u00eb&#8230; 100% gjakftohht\u00eb, e dim\u00eb si funksionojn\u00eb oligarkia, kleptokracia politike e shoq\u00ebris\u00eb, si reflektim mediat jan\u00eb pasqyra jon\u00eb, apo jo &#8211; andaj shihni veten p\u00ebr nj\u00eb \u00e7ast, shihni si reflektohet &#8220;imazhi juaj&#8221;, si z\u00eb i lir\u00eb apo si z\u00eb i ngjirur, z\u00ebri juaj do ju thot\u00eb gjith\u00e7ka, reflektoni pak\u00ebz se kush jan\u00eb skuth\u00ebt e zhurnalistik\u00ebs, duket e pabesueshme por nuk \u00ebsht\u00eb, edhe pse 100% apolitik&#8230; n\u00eb gjysm\u00ebfundin e gjysm\u00ebs s\u00eb shek. XXI mua m\u00eb &#8220;shurdhojn\u00eb&#8221;, m\u00eb cenzurojn\u00eb skuth\u00ebrisht madje dhe portalet virtuale (m\u00eb pranojn\u00eb p\u00ebr ca koh\u00eb, sapo filloj t&#8217;ua &#8220;kritikoj k\u00eblysh\u00ebt&#8221; e tyre politik\u00eb &#8211; \u00ebsht\u00eb e v\u00ebrtet\u00eb simpatit\u00eb e tyre politike ua &#8220;p\u00ebrqesh&#8221; ndonj\u00ebher\u00eb &#8211; sakaq m\u00eb &#8220;shurdhojn\u00eb&#8221;, shtiren gjoja portale serioze t\u00eb politik\u00ebs : )<\/p>\n<p>(mund ta d\u00ebshmoj dhe me fakte t\u00eb pal\u00ebkundshme, betohem n\u00eb nderin dhe n\u00eb gjith\u00e7ka t\u00eb shenjt\u00eb e t\u00eb shtrenjt\u00eb q\u00eb kam, thjesht le t&#8217;ma k\u00ebrkoj\u00eb ndokush seriozisht &#8211; nj\u00eb rresht emaili i sinqert\u00eb&#8230; dhe n\u00ebse s&#8217;ju sjell fakte, pastaj ju do dini vet\u00eb si t&#8217;m\u00eb &#8220;lin\u00e7oni&#8221; : )<\/p>\n<p>[ <em>senad guraziu &#8211; ars poetica, 10 maj 2025<\/em> ]<\/p>\n<p><a  href=\"https:\/\/letrat.eu\/wp-content\/uploads\/2024\/12\/arspo_sguraziu_koment_opt.jpg\" data-rel=\"lightbox-gallery-0\" data-rl_title=\"\" data-rl_caption=\"\" title=\"\"><img loading=\"lazy\" decoding=\"async\" src=\"https:\/\/letrat.eu\/wp-content\/uploads\/2024\/12\/arspo_sguraziu_koment_opt.jpg\" alt=\"\" width=\"1400\" height=\"950\" class=\"alignnone size-full wp-image-16870\" srcset=\"https:\/\/letrat.eu\/wp-content\/uploads\/2024\/12\/arspo_sguraziu_koment_opt.jpg 1400w, https:\/\/letrat.eu\/wp-content\/uploads\/2024\/12\/arspo_sguraziu_koment_opt-300x204.jpg 300w, https:\/\/letrat.eu\/wp-content\/uploads\/2024\/12\/arspo_sguraziu_koment_opt-1024x695.jpg 1024w, https:\/\/letrat.eu\/wp-content\/uploads\/2024\/12\/arspo_sguraziu_koment_opt-768x521.jpg 768w\" sizes=\"auto, (max-width: 1400px) 100vw, 1400px\" \/><\/a><br \/>\n&nbsp;<br \/>\n&nbsp;<\/p>\n","protected":false},"excerpt":{"rendered":"<p>&#8230;shqiptar\u00eb t\u00eb respektuar, anemban\u00eb dhe gjithandej, mendoj se p\u00ebr momentin xhungla internetike dhe skuth\u00ebt e mediave jan\u00eb duke na sjellur m\u00eb shum\u00eb d\u00ebm sesa&#8230; politikat dhe partit\u00eb, mendoj se \u00ebsht\u00eb moment ky\u00e7 n\u00eb historin\u00eb e gazetaris\u00eb shqiptare, le t&#8217;jet\u00eb ky&hellip; <a href=\"https:\/\/letrat.eu\/?p=17545\" class=\"more-link\">Lexo <span class=\"meta-nav\">&rarr;<\/span><\/a><\/p>\n","protected":false},"author":1,"featured_media":0,"comment_status":"closed","ping_status":"closed","sticky":false,"template":"","format":"standard","meta":{"footnotes":""},"categories":[15],"tags":[],"class_list":["post-17545","post","type-post","status-publish","format-standard","hentry","category-shenime-shkurt"],"_links":{"self":[{"href":"https:\/\/letrat.eu\/index.php?rest_route=\/wp\/v2\/posts\/17545","targetHints":{"allow":["GET"]}}],"collection":[{"href":"https:\/\/letrat.eu\/index.php?rest_route=\/wp\/v2\/posts"}],"about":[{"href":"https:\/\/letrat.eu\/index.php?rest_route=\/wp\/v2\/types\/post"}],"author":[{"embeddable":true,"href":"https:\/\/letrat.eu\/index.php?rest_route=\/wp\/v2\/users\/1"}],"replies":[{"embeddable":true,"href":"https:\/\/letrat.eu\/index.php?rest_route=%2Fwp%2Fv2%2Fcomments&post=17545"}],"version-history":[{"count":0,"href":"https:\/\/letrat.eu\/index.php?rest_route=\/wp\/v2\/posts\/17545\/revisions"}],"wp:attachment":[{"href":"https:\/\/letrat.eu\/index.php?rest_route=%2Fwp%2Fv2%2Fmedia&parent=17545"}],"wp:term":[{"taxonomy":"category","embeddable":true,"href":"https:\/\/letrat.eu\/index.php?rest_route=%2Fwp%2Fv2%2Fcategories&post=17545"},{"taxonomy":"post_tag","embeddable":true,"href":"https:\/\/letrat.eu\/index.php?rest_route=%2Fwp%2Fv2%2Ftags&post=17545"}],"curies":[{"name":"wp","href":"https:\/\/api.w.org\/{rel}","templated":true}]}}