{"id":17634,"date":"2025-05-25T17:01:13","date_gmt":"2025-05-25T16:01:13","guid":{"rendered":"https:\/\/letrat.eu\/?p=17634"},"modified":"2025-05-25T18:22:47","modified_gmt":"2025-05-25T17:22:47","slug":"kreshnik-spahiu-2023-shqiptaret-perceptoheshin-si-tarzane","status":"publish","type":"post","link":"https:\/\/letrat.eu\/?p=17634","title":{"rendered":"Kreshnik Spahiu (2023) &#8211; Shqiptar\u00ebt p\u00ebrceptoheshin si &#8220;Tarzan\u00eb&#8221; : )"},"content":{"rendered":"<p>| &#8211; &#8211; &#8211;<br \/>\n&#8220;Shqip\u00ebria turistike&#8221; nuk ka ekzistuar kurr\u00eb n\u00eb historin\u00eb e kombit ton\u00eb. At\u00eb q\u00eb vendet e mesdheut kan\u00eb m\u00eb shum\u00eb se nj\u00eb shekull, dhe investojn\u00eb, p\u00ebr ne shqiptar\u00ebt \u00ebsht\u00eb nj\u00eb zhvillim i ri. Kurr\u00eb m\u00eb par\u00eb nuk kemi pasur nj\u00eb &#8220;Shqip\u00ebri turistike&#8221;:<br \/>\n&#8211; as n\u00eb mbret\u00ebri,<br \/>\n&#8211; as n\u00eb komuniz\u00ebm,<br \/>\n&#8211; as n\u00eb demokraci.<br \/>\nSot Shqip\u00ebria mes 1000 halleve dhe problemeve \u00ebsht\u00eb &#8220;parajsa mesdhetare&#8221; e pa eksploruar nga bota. Dikur ishin aq t\u00eb pak\u00ebt turist\u00ebt n\u00eb Shqip\u00ebri sa kur kalonin n\u00eb rrug\u00eb mbetej n\u00eb hund\u00ebt tona disa dit\u00eb era e parfumit dhe sapunit q\u00eb p\u00ebrdornin ata &#8220;jashtok\u00ebsor\u00eb&#8221; q\u00eb kalonin n\u00eb Bulevardin e Tiran\u00ebs. Ne f\u00ebmij\u00ebt e asaj periudhe themi ende sot: sapun &#8220;turist\u00ebsh&#8221;. Bota na ka par\u00eb gjithmon\u00eb si &#8220;ishulli i Tarzanit&#8221;. N\u00eb ishull nuk hynin dot se kishin frik\u00eb ose nuk lejoheshin dhe <strong>n\u00eb imazh banor\u00ebt e Shqip\u00ebris\u00eb perceptoheshin si &#8220;Tarzan\u00eb&#8221;, njer\u00ebz t\u00eb izoluar dhe jasht\u00eb realitetit<\/strong>. Pamjet e viti 1997 ku i madh dhe i vog\u00ebl mbante n\u00eb duar nj\u00eb kallashnikov na fundos\u00ebn dhe e friksuan \u00e7dokend q\u00eb mund t\u00eb udh\u00ebtonte dhe pushonte si turist, si pasoj\u00eb e skenave afgane n\u00eb nj\u00eb toke europiane.<br \/>\n| &#8211; &#8211; &#8211; <em>cop\u00ebz nga: [ Kreshnik Spahiu &#8211; 14 rreziqe, q\u00eb k\u00ebrc\u00ebnojn\u00eb sot &#8220;Shqip\u00ebrin\u00eb turistike&#8221;, TemA, 2023<\/em> ]<\/p>\n<p>(&#8230;sa e leht\u00eb t&#8217;jesh realistik dhe i sinqert\u00eb &#8211; sikur po thosha m\u00ebvete, pa u ndjer gjoja i &#8220;fyer&#8221;, i shtypur nga mokra e krenaris\u00eb, i &#8220;ngushtuar&#8221; nga hujet e ego-statikave, ves ky pothuaj i pjes\u00ebs d\u00ebrrmuese t\u00eb shqiptar\u00ebve, e kuptoj se \u00ebsht\u00eb dhimbje dhe keqardhje, e kaluara dhe p\u00ebrvuajtja gjat\u00eb historis\u00eb na b\u00ebjne t\u00eb ndjehemi keq&#8230; por nga ana tjet\u00ebr \u00ebsht\u00eb absurd ta &#8220;shmang\u00ebsh&#8221; historin\u00eb reale p\u00ebr pothuaj 2-3 dekada tashm\u00eb, s&#8217;m\u00eb p\u00eblqen mos ma p\u00ebrmend t\u00eb v\u00ebrtet\u00ebn as ti (sepse e v\u00ebrteta e hidhur, shkapuritja e plag\u00ebve t\u00eb v\u00ebrteta sjell dhimbje &#8211; e sakt\u00eb, por dhe absurd, n\u00eb rastin e historis\u00eb kolektive shqiptare : ) &#8211; mua ende m\u00eb kujtohen ca fjal\u00eb ekzakt\u00ebsisht t\u00eb &#8220;ngjashme&#8221; (me k\u00ebto t\u00eb Kreshnikut) nga emailat e Vasil Qesarit dikur, para ndoshta 20 viteve, s&#8217;e kam iden\u00eb tani aq sakt\u00eb, por e di q\u00eb moooooti, at\u00ebbot\u00eb e pata admiruar sinqeritetin e tij dhe thjesht\u00ebsin\u00eb (lidhur me subjektin n\u00eb fjal\u00eb)&#8230;<\/p>\n<p><em>(senad guraziu &#8211; ars poetica, maj 2025 &#8211; koment)<\/em><\/p>\n<p><a  href=\"https:\/\/letrat.eu\/wp-content\/uploads\/2024\/12\/arspo_sguraziu_koment_opt.jpg\" data-rel=\"lightbox-gallery-0\" data-rl_title=\"\" data-rl_caption=\"\" title=\"\"><img loading=\"lazy\" decoding=\"async\" src=\"https:\/\/letrat.eu\/wp-content\/uploads\/2024\/12\/arspo_sguraziu_koment_opt.jpg\" alt=\"\" width=\"1400\" height=\"950\" class=\"alignnone size-full wp-image-16870\" srcset=\"https:\/\/letrat.eu\/wp-content\/uploads\/2024\/12\/arspo_sguraziu_koment_opt.jpg 1400w, https:\/\/letrat.eu\/wp-content\/uploads\/2024\/12\/arspo_sguraziu_koment_opt-300x204.jpg 300w, https:\/\/letrat.eu\/wp-content\/uploads\/2024\/12\/arspo_sguraziu_koment_opt-1024x695.jpg 1024w, https:\/\/letrat.eu\/wp-content\/uploads\/2024\/12\/arspo_sguraziu_koment_opt-768x521.jpg 768w\" sizes=\"auto, (max-width: 1400px) 100vw, 1400px\" \/><\/a><br \/>\n&nbsp;<br \/>\n&nbsp;<\/p>\n","protected":false},"excerpt":{"rendered":"<p>| &#8211; &#8211; &#8211; &#8220;Shqip\u00ebria turistike&#8221; nuk ka ekzistuar kurr\u00eb n\u00eb historin\u00eb e kombit ton\u00eb. At\u00eb q\u00eb vendet e mesdheut kan\u00eb m\u00eb shum\u00eb se nj\u00eb shekull, dhe investojn\u00eb, p\u00ebr ne shqiptar\u00ebt \u00ebsht\u00eb nj\u00eb zhvillim i ri. Kurr\u00eb m\u00eb par\u00eb nuk&hellip; <a href=\"https:\/\/letrat.eu\/?p=17634\" class=\"more-link\">Lexo <span class=\"meta-nav\">&rarr;<\/span><\/a><\/p>\n","protected":false},"author":1,"featured_media":0,"comment_status":"closed","ping_status":"closed","sticky":false,"template":"","format":"standard","meta":{"footnotes":""},"categories":[15],"tags":[],"class_list":["post-17634","post","type-post","status-publish","format-standard","hentry","category-shenime-shkurt"],"_links":{"self":[{"href":"https:\/\/letrat.eu\/index.php?rest_route=\/wp\/v2\/posts\/17634","targetHints":{"allow":["GET"]}}],"collection":[{"href":"https:\/\/letrat.eu\/index.php?rest_route=\/wp\/v2\/posts"}],"about":[{"href":"https:\/\/letrat.eu\/index.php?rest_route=\/wp\/v2\/types\/post"}],"author":[{"embeddable":true,"href":"https:\/\/letrat.eu\/index.php?rest_route=\/wp\/v2\/users\/1"}],"replies":[{"embeddable":true,"href":"https:\/\/letrat.eu\/index.php?rest_route=%2Fwp%2Fv2%2Fcomments&post=17634"}],"version-history":[{"count":0,"href":"https:\/\/letrat.eu\/index.php?rest_route=\/wp\/v2\/posts\/17634\/revisions"}],"wp:attachment":[{"href":"https:\/\/letrat.eu\/index.php?rest_route=%2Fwp%2Fv2%2Fmedia&parent=17634"}],"wp:term":[{"taxonomy":"category","embeddable":true,"href":"https:\/\/letrat.eu\/index.php?rest_route=%2Fwp%2Fv2%2Fcategories&post=17634"},{"taxonomy":"post_tag","embeddable":true,"href":"https:\/\/letrat.eu\/index.php?rest_route=%2Fwp%2Fv2%2Ftags&post=17634"}],"curies":[{"name":"wp","href":"https:\/\/api.w.org\/{rel}","templated":true}]}}