{"id":18437,"date":"2025-08-06T20:25:42","date_gmt":"2025-08-06T19:25:42","guid":{"rendered":"https:\/\/letrat.eu\/?p=18437"},"modified":"2025-08-07T18:43:20","modified_gmt":"2025-08-07T17:43:20","slug":"klan-kosova-fm-radio-stacioni-me-i-degjuar-ne-vend","status":"publish","type":"post","link":"https:\/\/letrat.eu\/?p=18437","title":{"rendered":"Klan Kosova FM &#8211; Radio-stacioni m\u00eb i d\u00ebgjuar n\u00eb vend"},"content":{"rendered":"<table width=\"100%\">\n<tbody>\n<tr>\n<td colspan=\"2\" valign=\"top\" width=\"100%\">\n<audio width=\"100%\" controls class=\"radio-player\" src=\"https:\/\/s4.radio.co\/sd1d1904dc\/listen\">Siduket shfletuesi juaj nuk i p\u00ebrkrah t\u00eb gjitha \u00e7udirat e Internetit!<\/audio>\n<\/td>\n<\/tr>\n<tr>\n<td colspan=\"2\" valign=\"top\" width=\"100%\">\nN\u00eb Klan Kosova FM e &#8220;<strong>D\u00ebgjon i Pari Lajmin e Fundit<\/strong>&#8220;&#8230; lavd\u00ebrohen shpesh ato spikeret e Prishtin\u00ebs, madje i p\u00ebrdorin disa sllogane se \u00ebsht\u00eb &#8220;<strong>radio-stacioni m\u00eb i d\u00ebgjuar<\/strong>&#8221; i Kosov\u00ebs &#8211; mbase do jet\u00eb e v\u00ebrtet\u00eb, vet\u00eb s&#8217;e kemi iden\u00eb, sepse rrall\u00eb apo dhe fare s&#8217;e &#8220;d\u00ebgjojm\u00eb&#8221; (duke qen\u00eb pak\u00ebz larg nuk d\u00ebgjohen dhe aq) &#8211; sidoqoft\u00eb, sot e d\u00ebgjuam pak\u00ebz, mbaroi muzika dhe ia filluan lajmet, ajo spikerja lexonte me shpejtesi 100km\/h, aso &#8220;blitz&#8221; lajme shkurt e tro\u00e7, lajmet sadopak m\u00eb &#8220;kryesore&#8221; t\u00eb m\u00ebngjesit ishin: n\u00eb ora 17 (7 Gusht 2025) qytetar\u00ebt duhet t\u00eb mblidhen tek sheshi &#8220;Sk\u00ebnderbeu&#8221; p\u00ebr t\u00eb protestuar, vet\u00ebm Kurti dhe Lista S&#8230; paskan heshtur, nuk paskan &#8220;thirrur&#8221; p\u00ebr t&#8217;marr\u00eb pjes\u00eb n\u00eb protest\u00eb, p\u00ebrndryshe t\u00eb tjerat parti mjaft t\u00eb bujshme, qytetar\u00ebt s&#8217;b\u00ebn t\u00eb harrojn\u00eb, &#8220;patjet\u00ebr&#8221; duhet ardhur sepse protesta ka t&#8217;b\u00ebj\u00eb me &#8220;padrejtesin\u00eb&#8221;, do protestohet p\u00ebr &#8220;drejt\u00ebsi&#8221;&#8230; dhe k\u00ebshtu dmth. protestojn\u00eb sa protestojn\u00eb, pastaj pa vajtur fare n\u00eb sht\u00ebpi, ashtu t\u00eb uritur nga sheshi Klan Kosova FM i ftonte qytetar\u00ebt t\u00eb shkojn\u00eb n\u00eb stadiumin Fadil Vokrri sepse do ket\u00eb futboll, n\u00eb ora 20 ndeshje fort interesante : )<br \/>\n<em>(s. guraziu &#8211; ars poetica, gusht 2025)<\/em><\/p>\n<p><a  href=\"https:\/\/letrat.eu\/wp-content\/uploads\/2025\/08\/arspo_radio_worker_ph1_opt.jpg\" data-rel=\"lightbox-gallery-0\" data-rl_title=\"\" data-rl_caption=\"\" title=\"\"><img loading=\"lazy\" decoding=\"async\" src=\"https:\/\/letrat.eu\/wp-content\/uploads\/2025\/08\/arspo_radio_worker_ph1_opt.jpg\" alt=\"\" width=\"1400\" height=\"788\" class=\"alignnone size-full wp-image-18438\" srcset=\"https:\/\/letrat.eu\/wp-content\/uploads\/2025\/08\/arspo_radio_worker_ph1_opt.jpg 1400w, https:\/\/letrat.eu\/wp-content\/uploads\/2025\/08\/arspo_radio_worker_ph1_opt-300x169.jpg 300w, https:\/\/letrat.eu\/wp-content\/uploads\/2025\/08\/arspo_radio_worker_ph1_opt-1024x576.jpg 1024w, https:\/\/letrat.eu\/wp-content\/uploads\/2025\/08\/arspo_radio_worker_ph1_opt-768x432.jpg 768w\" sizes=\"auto, (max-width: 1400px) 100vw, 1400px\" \/><\/a><\/p>\n<\/td>\n<\/tr>\n<tr>\n<td valign=\"top\" width=\"50%\">\n[ Klan Kosova FM &#8211; Radio-stacioni m\u00eb i d\u00ebgjuar n\u00eb vend ]<\/p>\n<p><img loading=\"lazy\" decoding=\"async\" src=\"https:\/\/upload.wikimedia.org\/wikipedia\/commons\/e\/ef\/Klan_Kosova_logo_2017.svg\" width=\"200\" height=\"140\" class=\"alignnone size-medium\" \/><\/p>\n<p>Mbulesa (Coverage in Kosovo) &#8211; Frekuenca (Frequency): 95.2, 90.8, 100.9, 105.7 MHz<\/p>\n<p><strong>Disa radio-stacione tjera kosovare<\/strong><\/p>\n<p>&#8211; Radio 1 &#8211; 98.0 FM &#8211; Pej\u00eb<br \/>\n&#8211; Glam Radio &#8211; 88.6 FM &#8211; Prishtin\u00eb<br \/>\n&#8211; Radio Prishtina &#8211; 89.8 FM &#8211; Prishtin\u00eb<br \/>\n&#8211; Capital FM &#8211; 92.1 FM &#8211; Prishtin\u00eb<br \/>\n&#8211; Paper Radio &#8211; 91.1 FM &#8211; Prishtin\u00eb<br \/>\n&#8211; Radio Helix &#8211; 104.4 FM &#8211; Prizren<br \/>\n&#8211; Radio Tema &#8211; 94.9 FM &#8211; Ferizaj <\/p>\n<\/td>\n<td valign=\"top\" width=\"50%\"><img loading=\"lazy\" decoding=\"async\" src=\"https:\/\/upload.wikimedia.org\/wikipedia\/commons\/1\/1f\/Flag_of_Kosovo.svg\" width=\"100\" height=\"60\" class=\"alignright size-medium\" \/><strong>Klan Kosova<\/strong> \u00ebsht\u00eb nj\u00eb kanal kabllor televiziv privat me seli n\u00eb Prishtin\u00eb. U themelua n\u00eb v. 2008 dhe u lan\u00e7ua n\u00eb v. 2009 si deg\u00eb e TV Klan n\u00ebn mbik\u00ebqyrjen e mogulit mediatik nga Shqip\u00ebria, Aleksand\u00ebr Frangaj. Aktualisht \u00ebsht\u00eb nj\u00eb nga transmetuesit privat\u00eb m\u00eb t\u00eb njohur n\u00eb vend. Transmetuesi qe themeluar nga nevoja p\u00ebr t\u00eb qen\u00eb n\u00eb hap me zhvillimet m\u00eb t\u00eb fundit n\u00eb Kosov\u00eb dhe p\u00ebr t&#8217;u afruar me Shqip\u00ebrin\u00eb. Klan Kosova \u00ebsht\u00eb n\u00eb pron\u00ebsi t\u00eb KGO Media Investments Holding, nj\u00eb kompani me seli n\u00eb Shkup.<\/p>\n<p><em>Pronar<\/em> \u2013 Kushtrim Gojani (KGO Media Investments Holding)<br \/>\n<em>Zona e transmetimit<\/em> \u2013 Kosov\u00eb, Shqip\u00ebri, Maqedonia e Veriut, Mal i Zi, Gjermani, Zvic\u00ebr<br \/>\n<em>Personat kryesor\u00eb<\/em> \u2013 Barlet Imami (drejtor menaxhues), Fidan Syla (drejtor teknik)<br \/>\n<em>Kanalet simotra<\/em> \u2013 Klan Kosova FM (radio)<br \/>\n<em>Selia qendrore<\/em> \u2013 Rruga Lidhja e Pej\u00ebs, Parku Industrial, Prishtin\u00eb<\/p>\n<hr>\n<p><strong>Klan Kosova<\/strong> is a Kosovan private cable television channel based in Pristina, Kosovo. It was founded in 2008 and launched in 2009 as a Kosovan affiliate to TV Klan under the supervision of media mogul Aleksand\u00ebr Frangaj. It is currently one of the most popular private broadcasters in the country. The broadcaster was born out a need to answer to the latest developments in Kosovo and to get closer to Albania. It is owned by KGO Media Investments Holding, a company based in Skopje.<\/p>\n<p><em>Owner<\/em> &#8211; <strong>Kushtrim Gojani<\/strong> (KGO Media Investments Holding)<br \/>\n<em>Broadcast area<\/em> &#8211; Kosovo, Albania, North Macedonia, Montenegro, Germany, Switzerland<br \/>\n<em>Key people<\/em> &#8211; <strong>Barlet Imami<\/strong> (managing director), <strong>Fidan Syla<\/strong> (Technical director)<br \/>\n<em>Sister channels<\/em> &#8211; <strong>Klan Kosova FM<\/strong> (radio)<br \/>\n<em>Headquarters<\/em> &#8211; Lidhja e Pej\u00ebs Street, Industrial Park, Pristina\n<\/td>\n<\/tr>\n<\/tbody>\n<\/table>\n<p>&nbsp;<br \/>\n&nbsp;<\/p>\n","protected":false},"excerpt":{"rendered":"<p>Siduket shfletuesi juaj nuk i p\u00ebrkrah t\u00eb gjitha \u00e7udirat e Internetit! N\u00eb Klan Kosova FM e &#8220;D\u00ebgjon i Pari Lajmin e Fundit&#8220;&#8230; lavd\u00ebrohen shpesh ato spikeret e Prishtin\u00ebs, madje i p\u00ebrdorin disa sllogane se \u00ebsht\u00eb &#8220;radio-stacioni m\u00eb i d\u00ebgjuar&#8221; i&hellip; <a href=\"https:\/\/letrat.eu\/?p=18437\" class=\"more-link\">Lexo <span class=\"meta-nav\">&rarr;<\/span><\/a><\/p>\n","protected":false},"author":1,"featured_media":0,"comment_status":"closed","ping_status":"closed","sticky":false,"template":"","format":"standard","meta":{"footnotes":""},"categories":[16],"tags":[],"class_list":["post-18437","post","type-post","status-publish","format-standard","hentry","category-multimedia"],"_links":{"self":[{"href":"https:\/\/letrat.eu\/index.php?rest_route=\/wp\/v2\/posts\/18437","targetHints":{"allow":["GET"]}}],"collection":[{"href":"https:\/\/letrat.eu\/index.php?rest_route=\/wp\/v2\/posts"}],"about":[{"href":"https:\/\/letrat.eu\/index.php?rest_route=\/wp\/v2\/types\/post"}],"author":[{"embeddable":true,"href":"https:\/\/letrat.eu\/index.php?rest_route=\/wp\/v2\/users\/1"}],"replies":[{"embeddable":true,"href":"https:\/\/letrat.eu\/index.php?rest_route=%2Fwp%2Fv2%2Fcomments&post=18437"}],"version-history":[{"count":0,"href":"https:\/\/letrat.eu\/index.php?rest_route=\/wp\/v2\/posts\/18437\/revisions"}],"wp:attachment":[{"href":"https:\/\/letrat.eu\/index.php?rest_route=%2Fwp%2Fv2%2Fmedia&parent=18437"}],"wp:term":[{"taxonomy":"category","embeddable":true,"href":"https:\/\/letrat.eu\/index.php?rest_route=%2Fwp%2Fv2%2Fcategories&post=18437"},{"taxonomy":"post_tag","embeddable":true,"href":"https:\/\/letrat.eu\/index.php?rest_route=%2Fwp%2Fv2%2Ftags&post=18437"}],"curies":[{"name":"wp","href":"https:\/\/api.w.org\/{rel}","templated":true}]}}