{"id":19314,"date":"2025-10-27T19:20:35","date_gmt":"2025-10-27T18:20:35","guid":{"rendered":"https:\/\/letrat.eu\/?p=19314"},"modified":"2026-04-08T07:41:35","modified_gmt":"2026-04-08T06:41:35","slug":"bunkeret-energjitike-dhe-elektriciteti","status":"publish","type":"post","link":"https:\/\/letrat.eu\/?p=19314","title":{"rendered":"&#8220;Bunker\u00ebt&#8221; energjitik\u00eb, dhe elektriciteti&#8230;"},"content":{"rendered":"<p>[ <em>&#8220;bunker\u00ebt&#8221; energjitik\u00eb dhe elektriciteti &#8211; n\u00ebse s&#8217;keni ditur \u00e7&#8217;\u00ebsht\u00eb elektriciteti ja rasti t\u00eb m\u00ebsoni : )<\/em> ]<\/p>\n<p>&#8230;duke i &#8220;studiuar&#8221; burimet e CBS (Centraal Bureau voor de Statistiek, t\u00eb Holand\u00ebs &#8211; \u00ebsht\u00eb di\u00e7 si ASK e Kosov\u00ebs, apo INSTAT e Shqip\u00ebris\u00eb), isha b\u00ebr\u00eb kureshtar t\u00eb lexoja rreth &#8220;bunker\u00ebve&#8221; t\u00eb energjis\u00eb (si\u00e7 ashtuquhen) dhe nd\u00ebrkoh\u00eb m\u00ebsova po ashtu \u00e7&#8217;\u00ebsht\u00eb elektriciteti, e dija pakashum\u00eb por jo aq sakt\u00eb : )<\/p>\n<p>&#8230;[ <strong>elektriciteti<\/strong> ] rrjedh\u00eb elektronesh q\u00eb p\u00ebrdoren p\u00ebr t\u00eb ndri\u00e7uar llambat, ose t\u00eb operojn\u00eb lavatri\u00e7et (makinat e larjes). Elektronet jan\u00eb grimca themelore atomike me ngarkes\u00eb negative q\u00eb rrjedhin p\u00ebr arsye t\u00eb dallimsis\u00eb potenciale (dmth. t\u00eb k\u00ebsaj ngarkese negative, elektrike)&#8230;<br \/>\n&#8211; &#8211; &#8211;<br \/>\n&#8230;[<strong>&#8220;bunker\u00ebt&#8221; energjitik\u00eb<\/strong> ] furnizimi me karburante p\u00ebr lund\u00ebrtarin\u00eb nd\u00ebrkomb\u00ebtare dhe aviacionin civil, p\u00ebr anijet e transportit dhe fluturaket q\u00eb nisen nga portet &#8211; aeroportet holandeze dhe arrijn\u00eb n\u00eb destinacionet e vendeve t\u00eb bot\u00ebs. N\u00eb balancin energjitik faturat &#8220;bunkerike&#8221; konsiderohen si form\u00eb e eksportit dhe nuk llogariten si energji n\u00eb dispozicion p\u00ebr konsum t\u00eb vendit. &#8220;Bunker\u00ebt&#8221; energjitik\u00eb sipas sektor\u00ebve nuk jan\u00eb t\u00eb njohur &#8211; thot\u00eb sqarimi i CBS<\/p>\n<p><em>(s. guraziu &#8211; ars poetica, t 2025)<\/em><\/p>\n<p><a  href=\"https:\/\/letrat.eu\/wp-content\/uploads\/2025\/10\/arspo_cbs_nl_2025_sguraziu_koment.jpg\" data-rel=\"lightbox-gallery-0\" data-rl_title=\"\" data-rl_caption=\"\" title=\"\"><img loading=\"lazy\" decoding=\"async\" src=\"https:\/\/letrat.eu\/wp-content\/uploads\/2025\/10\/arspo_cbs_nl_2025_sguraziu_koment.jpg\" alt=\"\" width=\"1400\" height=\"934\" class=\"alignnone size-full wp-image-19315\" srcset=\"https:\/\/letrat.eu\/wp-content\/uploads\/2025\/10\/arspo_cbs_nl_2025_sguraziu_koment.jpg 1400w, https:\/\/letrat.eu\/wp-content\/uploads\/2025\/10\/arspo_cbs_nl_2025_sguraziu_koment-300x200.jpg 300w, https:\/\/letrat.eu\/wp-content\/uploads\/2025\/10\/arspo_cbs_nl_2025_sguraziu_koment-1024x683.jpg 1024w, https:\/\/letrat.eu\/wp-content\/uploads\/2025\/10\/arspo_cbs_nl_2025_sguraziu_koment-768x512.jpg 768w\" sizes=\"auto, (max-width: 1400px) 100vw, 1400px\" \/><\/a><\/p>\n","protected":false},"excerpt":{"rendered":"<p>[ &#8220;bunker\u00ebt&#8221; energjitik\u00eb dhe elektriciteti &#8211; n\u00ebse s&#8217;keni ditur \u00e7&#8217;\u00ebsht\u00eb elektriciteti ja rasti t\u00eb m\u00ebsoni : ) ] &#8230;duke i &#8220;studiuar&#8221; burimet e CBS (Centraal Bureau voor de Statistiek, t\u00eb Holand\u00ebs &#8211; \u00ebsht\u00eb di\u00e7 si ASK e Kosov\u00ebs, apo INSTAT&hellip; <a href=\"https:\/\/letrat.eu\/?p=19314\" class=\"more-link\">Lexo <span class=\"meta-nav\">&rarr;<\/span><\/a><\/p>\n","protected":false},"author":1,"featured_media":0,"comment_status":"closed","ping_status":"closed","sticky":false,"template":"","format":"standard","meta":{"footnotes":""},"categories":[15],"tags":[],"class_list":["post-19314","post","type-post","status-publish","format-standard","hentry","category-shenime-shkurt"],"_links":{"self":[{"href":"https:\/\/letrat.eu\/index.php?rest_route=\/wp\/v2\/posts\/19314","targetHints":{"allow":["GET"]}}],"collection":[{"href":"https:\/\/letrat.eu\/index.php?rest_route=\/wp\/v2\/posts"}],"about":[{"href":"https:\/\/letrat.eu\/index.php?rest_route=\/wp\/v2\/types\/post"}],"author":[{"embeddable":true,"href":"https:\/\/letrat.eu\/index.php?rest_route=\/wp\/v2\/users\/1"}],"replies":[{"embeddable":true,"href":"https:\/\/letrat.eu\/index.php?rest_route=%2Fwp%2Fv2%2Fcomments&post=19314"}],"version-history":[{"count":0,"href":"https:\/\/letrat.eu\/index.php?rest_route=\/wp\/v2\/posts\/19314\/revisions"}],"wp:attachment":[{"href":"https:\/\/letrat.eu\/index.php?rest_route=%2Fwp%2Fv2%2Fmedia&parent=19314"}],"wp:term":[{"taxonomy":"category","embeddable":true,"href":"https:\/\/letrat.eu\/index.php?rest_route=%2Fwp%2Fv2%2Fcategories&post=19314"},{"taxonomy":"post_tag","embeddable":true,"href":"https:\/\/letrat.eu\/index.php?rest_route=%2Fwp%2Fv2%2Ftags&post=19314"}],"curies":[{"name":"wp","href":"https:\/\/api.w.org\/{rel}","templated":true}]}}