{"id":19421,"date":"2025-11-19T14:54:42","date_gmt":"2025-11-19T13:54:42","guid":{"rendered":"https:\/\/letrat.eu\/?p=19421"},"modified":"2026-04-08T02:39:37","modified_gmt":"2026-04-08T01:39:37","slug":"rama-i-shqiperise-dhe-ramushat-e-tjere","status":"publish","type":"post","link":"https:\/\/letrat.eu\/?p=19421","title":{"rendered":"Edi Rama, dhe Ramushat e tjer\u00eb : )"},"content":{"rendered":"<p>&#8230;<strong>s&#8217;ka si niset fundjava m\u00eb bukur, hapet Fb dhe hooop t\u00eb shfaqet Rama<\/strong> : )<br \/>\n&#8211; &#8211; &#8211; <em>paskam komentuar k\u00ebshtu n\u00eb v. 2020<\/em><\/p>\n<p>(dmth. meq\u00eb politikat p\u00ebr mua jan\u00eb gj\u00ebja e fundit q\u00eb do doja t\u00eb shfaqen &#8211; padyshim fjal\u00ebn do e kem patur p\u00ebr Edi Ram\u00ebn, them k\u00ebshtu pasi s&#8217;noh asnj\u00eb &#8220;Ram\u00eb&#8221; tjet\u00ebr, ok&#8230; m&#8217;u kujtua tani, \u00e7&#8217;\u00ebsht\u00eb e v\u00ebrteta e njoh dhe nj\u00eb Ramush t\u00eb politikave kosovare, kam d\u00ebgjuar p\u00ebr t\u00eb, por ai s&#8217;\u00ebsht\u00eb politikan as &#8220;interesant\u00eb&#8230; as interes-xhi&#8221; sa Rama, k\u00ebshtu q\u00eb garant fjal\u00ebn do e kem patur p\u00ebr Edi Ram\u00ebn : )<\/p>\n<p><em>(ngjitur: fotoja q\u00eb e mban vendin e 2-t\u00eb sa i p\u00ebrket m\u00ebrroljes shqiptare)<\/em><br \/>\n<a  href=\"https:\/\/letrat.eu\/wp-content\/uploads\/2025\/11\/arspo_fotoja_qe_mban-vendin_e_2-te_sa_i_perket_merroljes.jpg\" data-rel=\"lightbox-gallery-0\" data-rl_title=\"\" data-rl_caption=\"\" title=\"\"><img loading=\"lazy\" decoding=\"async\" src=\"https:\/\/letrat.eu\/wp-content\/uploads\/2025\/11\/arspo_fotoja_qe_mban-vendin_e_2-te_sa_i_perket_merroljes.jpg\" alt=\"\" width=\"1280\" height=\"889\" class=\"alignnone size-full wp-image-19422\" srcset=\"https:\/\/letrat.eu\/wp-content\/uploads\/2025\/11\/arspo_fotoja_qe_mban-vendin_e_2-te_sa_i_perket_merroljes.jpg 1280w, https:\/\/letrat.eu\/wp-content\/uploads\/2025\/11\/arspo_fotoja_qe_mban-vendin_e_2-te_sa_i_perket_merroljes-300x208.jpg 300w, https:\/\/letrat.eu\/wp-content\/uploads\/2025\/11\/arspo_fotoja_qe_mban-vendin_e_2-te_sa_i_perket_merroljes-1024x711.jpg 1024w, https:\/\/letrat.eu\/wp-content\/uploads\/2025\/11\/arspo_fotoja_qe_mban-vendin_e_2-te_sa_i_perket_merroljes-768x533.jpg 768w\" sizes=\"auto, (max-width: 1280px) 100vw, 1280px\" \/><\/a><\/p>\n","protected":false},"excerpt":{"rendered":"<p>&#8230;s&#8217;ka si niset fundjava m\u00eb bukur, hapet Fb dhe hooop t\u00eb shfaqet Rama : ) &#8211; &#8211; &#8211; paskam komentuar k\u00ebshtu n\u00eb v. 2020 (dmth. meq\u00eb politikat p\u00ebr mua jan\u00eb gj\u00ebja e fundit q\u00eb do doja t\u00eb shfaqen &#8211; padyshim&hellip; <a href=\"https:\/\/letrat.eu\/?p=19421\" class=\"more-link\">Lexo <span class=\"meta-nav\">&rarr;<\/span><\/a><\/p>\n","protected":false},"author":1,"featured_media":0,"comment_status":"closed","ping_status":"closed","sticky":false,"template":"","format":"standard","meta":{"footnotes":""},"categories":[15],"tags":[],"class_list":["post-19421","post","type-post","status-publish","format-standard","hentry","category-shenime-shkurt"],"_links":{"self":[{"href":"https:\/\/letrat.eu\/index.php?rest_route=\/wp\/v2\/posts\/19421","targetHints":{"allow":["GET"]}}],"collection":[{"href":"https:\/\/letrat.eu\/index.php?rest_route=\/wp\/v2\/posts"}],"about":[{"href":"https:\/\/letrat.eu\/index.php?rest_route=\/wp\/v2\/types\/post"}],"author":[{"embeddable":true,"href":"https:\/\/letrat.eu\/index.php?rest_route=\/wp\/v2\/users\/1"}],"replies":[{"embeddable":true,"href":"https:\/\/letrat.eu\/index.php?rest_route=%2Fwp%2Fv2%2Fcomments&post=19421"}],"version-history":[{"count":0,"href":"https:\/\/letrat.eu\/index.php?rest_route=\/wp\/v2\/posts\/19421\/revisions"}],"wp:attachment":[{"href":"https:\/\/letrat.eu\/index.php?rest_route=%2Fwp%2Fv2%2Fmedia&parent=19421"}],"wp:term":[{"taxonomy":"category","embeddable":true,"href":"https:\/\/letrat.eu\/index.php?rest_route=%2Fwp%2Fv2%2Fcategories&post=19421"},{"taxonomy":"post_tag","embeddable":true,"href":"https:\/\/letrat.eu\/index.php?rest_route=%2Fwp%2Fv2%2Ftags&post=19421"}],"curies":[{"name":"wp","href":"https:\/\/api.w.org\/{rel}","templated":true}]}}