{"id":19432,"date":"2025-11-23T17:39:20","date_gmt":"2025-11-23T16:39:20","guid":{"rendered":"https:\/\/letrat.eu\/?p=19432"},"modified":"2026-04-08T02:25:56","modified_gmt":"2026-04-08T01:25:56","slug":"edi-rama-dhe-fashion-trust-arabia-2025","status":"publish","type":"post","link":"https:\/\/letrat.eu\/?p=19432","title":{"rendered":"Edi Rama, dhe Fashion Trust Arabia 2025"},"content":{"rendered":"<p><span style=\"color: #999999;\"><em>(senad guraziu &#8211; ars poetica, n 2025 &#8211; fotot via getty)<\/em><\/span><\/p>\n<p>Para s\u00eb gjithash, \u00e7&#8217;lidhje na paska Edi Rama (Kryeministri i Shqip\u00ebris\u00eb) me FTA (Fashion Trust Arabia)? Epo, n\u00eb fund t\u00eb fundit, asgj\u00eb fare &#8211; mbr\u00ebmje p\u00ebr pik\u00eb t\u00eb qejfit. <strong>Ta ftosh Edi Ram\u00ebn e Shqip\u00ebris\u00eb n\u00eb Eventet e Mod\u00ebs s\u00eb Arabis\u00eb \u00ebsht\u00eb nj\u00ebsoj si ta ftosh Erdoganin e Turqis\u00eb n\u00eb BAFTA-n e Britanis\u00eb &#8211; filmaxhi i madh Erdogani, i njohur bot\u00ebrisht dhe e nderon 100% kinematografin\u00eb <\/strong>: )<\/p>\n<p>Mir\u00ebpo n\u00ebse ke miq t\u00eb pasur gjithandej n\u00eb Bot\u00ebn Arabe, at\u00ebher\u00eb pse jo, why not : ) Dhe vet\u00ebm t&#8217;ia b\u00ebsh qejfin gruas p\u00ebr nj\u00eb mbr\u00ebmje s&#8217;shembet as bota as Shqip\u00ebria. Sepse shpenzimet e Ram\u00ebs padyshim do i ken\u00eb mbuluar miqt\u00eb arab\u00eb, sheik\u00ebt, pasanik\u00ebt, organizator\u00ebt. Rama nuk e p\u00ebrdor buxhetin e popullit t\u00eb varf\u00ebr p\u00ebr evente t\u00eb tilla. Berisha ashtu e &#8220;akuzon&#8221; por ne nuk e dim\u00eb, s&#8217;kemi njohuri p\u00ebr pollavrat politike t\u00eb Shqip\u00ebris\u00eb. Sipas nesh, ndonj\u00eb mbr\u00ebmje e k\u00ebnaq\u00ebsis\u00eb familjare atje larg n\u00eb Doha t\u00eb Katarit financohet dhe nga miqt\u00eb.<\/p>\n<p>Sepse ashtu rrotullohet bota, mik pas miku, jaran pas jarani&#8230; bam e bum bjen tupani. Ca dit\u00eb m\u00eb par\u00eb madje dhe Presidenti Trump s\u00eb bashku me Elon Musk mor\u00ebn pjes\u00eb n\u00eb Forumin e Investimeve Arabo-Amerikane 2025, apo jo. Nd\u00ebrsa s&#8217;\u00ebsht\u00eb nevoja t\u00eb diskutohet dhe vet\u00ebm sa arm\u00ebt i blejn\u00eb shtetet si Arabia Saudite, Katari, EBA etj. nga Amerika&#8230; me qindra miliarda biznes. Prandaj atje mbahen &#8220;Forumet&#8221;&#8230; ku t&#8217;jet\u00eb vendi duhet dhe kuvendi, apo jo.<\/p>\n<p><a  href=\"https:\/\/letrat.eu\/wp-content\/uploads\/2025\/11\/arspo_getty_rama_doha_22_nentor_opt.jpg\" data-rel=\"lightbox-gallery-0\" data-rl_title=\"\" data-rl_caption=\"\" title=\"\"><img loading=\"lazy\" decoding=\"async\" class=\"alignnone size-full wp-image-19433\" src=\"https:\/\/letrat.eu\/wp-content\/uploads\/2025\/11\/arspo_getty_rama_doha_22_nentor_opt.jpg\" alt=\"\" width=\"1920\" height=\"1200\" srcset=\"https:\/\/letrat.eu\/wp-content\/uploads\/2025\/11\/arspo_getty_rama_doha_22_nentor_opt.jpg 1920w, https:\/\/letrat.eu\/wp-content\/uploads\/2025\/11\/arspo_getty_rama_doha_22_nentor_opt-300x188.jpg 300w, https:\/\/letrat.eu\/wp-content\/uploads\/2025\/11\/arspo_getty_rama_doha_22_nentor_opt-1024x640.jpg 1024w, https:\/\/letrat.eu\/wp-content\/uploads\/2025\/11\/arspo_getty_rama_doha_22_nentor_opt-768x480.jpg 768w, https:\/\/letrat.eu\/wp-content\/uploads\/2025\/11\/arspo_getty_rama_doha_22_nentor_opt-1536x960.jpg 1536w\" sizes=\"auto, (max-width: 1920px) 100vw, 1920px\" \/><\/a><\/p>\n<p>Katari \u00ebsht\u00eb nj\u00eb vend shum\u00eb i pasur. Me Ceremonit\u00eb e \u00c7mimeve t\u00eb FTA, Doha synon t&#8217;ia d\u00ebrgoj\u00eb bot\u00ebs nj\u00eb mesazh t\u00eb qart\u00eb &#8211; bota arabe nuk \u00ebsht\u00eb m\u00eb thjesht nj\u00eb treg ordiner (ku shesin e pasurohen biznismen\u00ebt per\u00ebndimor, ishte se \u00e7&#8217;na ishte), por dhe vend ku do t\u00eb caktohet si do shkojn\u00eb pun\u00ebt e mod\u00ebs tutje.<br \/>\nE gjith\u00eb bota mbar\u00eb e di, sheik\u00ebt e Katarit jan\u00eb aq t\u00eb pasur, s&#8217;din\u00eb as \u00e7far\u00eb t\u00eb b\u00ebjn\u00eb me parat\u00eb, andaj duan t&#8217;i tregojn\u00eb bot\u00ebs se biz-o-sfera arabe \u00ebsht\u00eb nj\u00eb fuqi krijuese q\u00eb p\u00ebrcakton se si duket dhe si duhet t\u00eb frymoj\u00eb luksi modern.<\/p>\n<p>As Katari, as Emiratet e Bashkuara, as Saud-Arabia s&#8217;jan\u00eb m\u00eb vet\u00ebm shpenzues parash, gjoja thjesht shtete t\u00eb pasura q\u00eb blejn\u00eb arm\u00eb nga Amerika, luks t\u00eb shtrenjt\u00eb dhe fashionizma nga Per\u00ebndimi. Jo, tashm\u00eb mund t\u00eb dizajnojm\u00eb dhe ne vet\u00eb &#8211; kemi dizajner\u00eb e vizioner\u00eb, mund t&#8217;i paguajm\u00eb modelet, super-modelet (e klasit Gisele B\u00fcndchen, e paguajjm\u00eb dhjetra-miliona p\u00ebr 1 mbr\u00ebmje dhe ja, e vesh fustanin me lule dhe fluturon nga Brazili), e ftojm\u00eb dhe Edi Ram\u00ebn dhe voila, vjen me gjith\u00eb gruan nga Tirana.<br \/>\nSipas nesh k\u00ebshtu \u00ebsht\u00eb vizioni i mod\u00ebs, nga Doha e drejt bot\u00ebs, e ardhmja e mod\u00ebs mund t\u00eb p\u00ebrcaktohet pik\u00ebrisht k\u00ebtu n\u00eb Doha. Sepse jemi super-t\u00eb pasur dhe kemi vizion artistik po ashtu, ne i blejm\u00eb luksozitetet andaj ne dhe vendosim.<\/p>\n<p>K\u00ebshtu q\u00eb kishim nevoj\u00eb p\u00ebr nj\u00eb ekspert q\u00eb mund t\u00eb lidh\u00eb Politik\u00ebn dhe Mod\u00ebn, n\u00eb k\u00ebt\u00eb funksion e thirr\u00ebm Ram\u00ebn si kryeplak i Shqip\u00ebris\u00eb p\u00ebr ndihm\u00eb. Shkurt e tro\u00e7, edicioni i 7-t\u00eb i Fashion Trust Arabia (FTA) \u00ebsht\u00eb kulm kulturor q\u00eb synon t\u00eb riafirmoj\u00eb Lindjen e Mesme si nj\u00eb nga motor\u00ebt e fuqish\u00ebm krijues t\u00eb mod\u00ebs. Me udh\u00ebzimet e Ram\u00ebs, Doha mund t\u00eb b\u00ebhet pik\u00ebrisht ky lloj &#8220;biz-boshti rrotullues&#8221; i fashionizmit bot\u00ebror. E kemi parasysh q\u00eb as Rama nuk i di t\u00eb gjitha vet\u00eb, ai di mjaft p\u00ebr politikat, ai di po ashtu mjaft p\u00ebr kravatat&#8230; p\u00ebr fat t\u00eb keq jo dhe 100% p\u00ebr modat. Mir\u00ebpo dmth. konsultohet me gruan, i shfryt\u00ebzon ekspertizat e gruas.<\/p>\n<p>Pati qen\u00eb e caktuar q\u00eb FTA t\u00eb mbahet n\u00eb Muzeun Komb\u00ebtar t\u00eb Katarit, n\u00ebn udh\u00ebheqjen vizionare t\u00eb Sheikeshave Moza bint Nasser, Al Mayassa bint Hamad Al-Thani dhe bashk\u00ebthemelueses Tania Fares. Eventi i k\u00ebtij viti do nderohet dhe me prezenc\u00ebn e Kryeministrit t\u00eb Shqip\u00ebris\u00eb, Rama do ta p\u00ebrziej\u00eb shk\u00eblqimin me q\u00ebllimin ton\u00eb vizional. Dmth. ikonat nd\u00ebrkomb\u00ebtare do jen\u00eb Gisele B\u00fcndchen, Lindsay Lohan, Emma Roberts dhe Edi Rama. Anise Rama nuk do ec\u00ebn n\u00eb tapetin e Dohas, kuptohet dhe kjo, por do jet\u00eb prezent familjarisht, p\u00ebr ta \u00e7imentuar statusin e FTA si nj\u00eb ngjarje globale.<\/p>\n<p>Dihet se v\u00ebmendja do jet\u00eb e p\u00ebrqendruar tek stilist\u00ebt dhe dizajner\u00ebt q\u00eb po e rishkruajn\u00eb t\u00eb ardhmen e mod\u00ebs n\u00eb gjith\u00eb rajonin Lindjes s\u00eb Mesme dhe t\u00eb Bot\u00ebs. FTA \u00ebsht\u00eb nj\u00eb Ceremoni \u00c7mimesh, k\u00ebshtu q\u00eb mes fituesve nuk do jet\u00eb Rama, s&#8217;duhet pritur&#8230; s&#8217;duhet ngat\u00ebrruar gj\u00ebrat. Sidoqoft\u00eb fituesit e vitit 2025 do ta pasqyrojn\u00eb aktualitetin e pasur arab, me perspektiv\u00eb, me vizion dhe origjinalitet.<\/p>\n<p>[ Shih po ashtu &#8211; <a href=\"https:\/\/letrat.eu\/?p=19439\">Widespread flooding across several regions in Albania, Nov. 2025<\/a> ]<\/p>\n","protected":false},"excerpt":{"rendered":"<p>(senad guraziu &#8211; ars poetica, n 2025 &#8211; fotot via getty) Para s\u00eb gjithash, \u00e7&#8217;lidhje na paska Edi Rama (Kryeministri i Shqip\u00ebris\u00eb) me FTA (Fashion Trust Arabia)? Epo, n\u00eb fund t\u00eb fundit, asgj\u00eb fare &#8211; mbr\u00ebmje p\u00ebr pik\u00eb t\u00eb qejfit.&hellip; <a href=\"https:\/\/letrat.eu\/?p=19432\" class=\"more-link\">Lexo <span class=\"meta-nav\">&rarr;<\/span><\/a><\/p>\n","protected":false},"author":1,"featured_media":0,"comment_status":"closed","ping_status":"closed","sticky":false,"template":"","format":"standard","meta":{"footnotes":""},"categories":[15],"tags":[],"class_list":["post-19432","post","type-post","status-publish","format-standard","hentry","category-shenime-shkurt"],"_links":{"self":[{"href":"https:\/\/letrat.eu\/index.php?rest_route=\/wp\/v2\/posts\/19432","targetHints":{"allow":["GET"]}}],"collection":[{"href":"https:\/\/letrat.eu\/index.php?rest_route=\/wp\/v2\/posts"}],"about":[{"href":"https:\/\/letrat.eu\/index.php?rest_route=\/wp\/v2\/types\/post"}],"author":[{"embeddable":true,"href":"https:\/\/letrat.eu\/index.php?rest_route=\/wp\/v2\/users\/1"}],"replies":[{"embeddable":true,"href":"https:\/\/letrat.eu\/index.php?rest_route=%2Fwp%2Fv2%2Fcomments&post=19432"}],"version-history":[{"count":0,"href":"https:\/\/letrat.eu\/index.php?rest_route=\/wp\/v2\/posts\/19432\/revisions"}],"wp:attachment":[{"href":"https:\/\/letrat.eu\/index.php?rest_route=%2Fwp%2Fv2%2Fmedia&parent=19432"}],"wp:term":[{"taxonomy":"category","embeddable":true,"href":"https:\/\/letrat.eu\/index.php?rest_route=%2Fwp%2Fv2%2Fcategories&post=19432"},{"taxonomy":"post_tag","embeddable":true,"href":"https:\/\/letrat.eu\/index.php?rest_route=%2Fwp%2Fv2%2Ftags&post=19432"}],"curies":[{"name":"wp","href":"https:\/\/api.w.org\/{rel}","templated":true}]}}