{"id":19457,"date":"2025-11-24T12:30:38","date_gmt":"2025-11-24T11:30:38","guid":{"rendered":"https:\/\/letrat.eu\/?p=19457"},"modified":"2026-04-08T02:15:02","modified_gmt":"2026-04-08T01:15:02","slug":"mos-i-beso-kujt-trust-no-one","status":"publish","type":"post","link":"https:\/\/letrat.eu\/?p=19457","title":{"rendered":"Mos i Beso Kujt (Trust No One)"},"content":{"rendered":"<p>Mos i Beso Kujt (Trust No One) &#8211; Photos by Jean Christophe Magnenet, and Boris Horvat &#8211; Albania supporters cheer prior to the Euro 2016 group A football match between France and Albania at the Velodrome stadium in Marseille, June 15, 2016<\/p>\n<p>&#8230;pothuaj para 1 dekade, m\u00eb 15 Qershor 2016, n\u00eb Marsej t\u00eb Franc\u00ebs kjo bukuroshja shqiptare s&#8217;i &#8220;besonte askujt&#8221;, andaj dhe u pati r\u00ebn\u00eb n\u00eb &#8220;sy&#8221; fotograf\u00ebve t\u00eb ndrysh\u00ebm t\u00eb mbar\u00eb Evrop\u00ebs, apo dhe vet\u00ebm Franca t&#8217;ishte&#8230; se mos na qenk\u00ebsh e vog\u00ebl, prap\u00eb e paskajshme, pothuaj sikur mund t&#8217;i fus\u00ebsh brenda 20 Shqip\u00ebri komplet, me banor\u00eb e me territor, Franca \u00ebsht\u00eb marramend\u00ebse, mir\u00ebpo kjo miss-tifozja shqiptare at\u00ebbot\u00eb desh ua pati marr\u00eb mendjen gjith\u00eb francez\u00ebve anemban\u00eb, francez\u00ebve leht\u00eb u merret mendja : )<\/p>\n<p><a  href=\"https:\/\/letrat.eu\/wp-content\/uploads\/2025\/11\/skyd_getty-540429964_opt.jpg\" data-rel=\"lightbox-gallery-0\" data-rl_title=\"\" data-rl_caption=\"\" title=\"\"><img loading=\"lazy\" decoding=\"async\" src=\"https:\/\/letrat.eu\/wp-content\/uploads\/2025\/11\/skyd_getty-540429964_opt.jpg\" alt=\"\" width=\"1600\" height=\"1155\" class=\"alignnone size-full wp-image-19458\" srcset=\"https:\/\/letrat.eu\/wp-content\/uploads\/2025\/11\/skyd_getty-540429964_opt.jpg 1600w, https:\/\/letrat.eu\/wp-content\/uploads\/2025\/11\/skyd_getty-540429964_opt-300x217.jpg 300w, https:\/\/letrat.eu\/wp-content\/uploads\/2025\/11\/skyd_getty-540429964_opt-1024x739.jpg 1024w, https:\/\/letrat.eu\/wp-content\/uploads\/2025\/11\/skyd_getty-540429964_opt-768x554.jpg 768w, https:\/\/letrat.eu\/wp-content\/uploads\/2025\/11\/skyd_getty-540429964_opt-1536x1109.jpg 1536w\" sizes=\"auto, (max-width: 1600px) 100vw, 1600px\" \/><\/a><\/p>\n<p>***<br \/>\nZot na Beko (God Bless Us) &#8211; Photo by Michael Regan &#8211; Albanian fans pose for a photo prior to the FIFA World Cup 2026 qualifier match between Albania and England at Air Albania Stadium on November 16, 2025 in Tirana&#8230;<\/p>\n<p>&#8230;<em>m\u00eb 16 N\u00ebntor 2025 (n\u00eb stadiumin &#8220;Air Albania&#8221;, ndeshje p\u00ebr kualifikueset e Bot\u00ebrorit) si\u00e7 dihet komb\u00ebtarja shqiptare e humbi ndeshjen kund\u00ebr Anglis\u00eb me rezultat 0-2 &#8211; mir\u00ebpo k\u00ebta tifoz\u00ebt shqiptar\u00eb me kostumet simpatike u fut\u00ebn n\u00eb &#8220;analet&#8221; e pavdek\u00ebsis\u00eb fotografike, ndoshta as vet\u00eb fotot e golgeterit Harry Kane s&#8217;do mbahen &#8220;mend&#8221; m\u00eb gjat\u00eb n\u00eb kronikat futbollistike<\/em> : )<\/p>\n<p><a  href=\"https:\/\/letrat.eu\/wp-content\/uploads\/2025\/11\/skyd_getty-2246982450_opt.jpg\" data-rel=\"lightbox-gallery-0\" data-rl_title=\"\" data-rl_caption=\"\" title=\"\"><img loading=\"lazy\" decoding=\"async\" src=\"https:\/\/letrat.eu\/wp-content\/uploads\/2025\/11\/skyd_getty-2246982450_opt.jpg\" alt=\"\" width=\"1600\" height=\"1060\" class=\"alignnone size-full wp-image-19455\" srcset=\"https:\/\/letrat.eu\/wp-content\/uploads\/2025\/11\/skyd_getty-2246982450_opt.jpg 1600w, https:\/\/letrat.eu\/wp-content\/uploads\/2025\/11\/skyd_getty-2246982450_opt-300x199.jpg 300w, https:\/\/letrat.eu\/wp-content\/uploads\/2025\/11\/skyd_getty-2246982450_opt-1024x678.jpg 1024w, https:\/\/letrat.eu\/wp-content\/uploads\/2025\/11\/skyd_getty-2246982450_opt-768x509.jpg 768w, https:\/\/letrat.eu\/wp-content\/uploads\/2025\/11\/skyd_getty-2246982450_opt-1536x1018.jpg 1536w\" sizes=\"auto, (max-width: 1600px) 100vw, 1600px\" \/><\/a><\/p>\n<p>***<br \/>\n&#8230;angel (engj\u00ebll) &#8211; thot\u00eb tatuazhi, dhe nda\u00e7 e kuqe, nda\u00e7 e zez\u00eb, apo dhe kuq-e-zez\u00eb&#8230; thjesht miss-universe, e paarritshme,  mbret\u00ebresh\u00eb &#8211; nuk e din\u00eb gjith\u00eb bota por meq\u00eb ra fjala, sa p\u00ebr vete e di se kuq-e-zezat jan\u00eb t\u00eb rrezikshme : )<\/p>\n<p><a  href=\"https:\/\/letrat.eu\/wp-content\/uploads\/2025\/11\/skyd_dua_l_photos_getty_opt1.jpg\" data-rel=\"lightbox-gallery-0\" data-rl_title=\"\" data-rl_caption=\"\" title=\"\"><img loading=\"lazy\" decoding=\"async\" src=\"https:\/\/letrat.eu\/wp-content\/uploads\/2025\/11\/skyd_dua_l_photos_getty_opt1.jpg\" alt=\"\" width=\"1600\" height=\"985\" class=\"alignnone size-full wp-image-19466\" srcset=\"https:\/\/letrat.eu\/wp-content\/uploads\/2025\/11\/skyd_dua_l_photos_getty_opt1.jpg 1600w, https:\/\/letrat.eu\/wp-content\/uploads\/2025\/11\/skyd_dua_l_photos_getty_opt1-300x185.jpg 300w, https:\/\/letrat.eu\/wp-content\/uploads\/2025\/11\/skyd_dua_l_photos_getty_opt1-1024x630.jpg 1024w, https:\/\/letrat.eu\/wp-content\/uploads\/2025\/11\/skyd_dua_l_photos_getty_opt1-768x473.jpg 768w, https:\/\/letrat.eu\/wp-content\/uploads\/2025\/11\/skyd_dua_l_photos_getty_opt1-1536x946.jpg 1536w\" sizes=\"auto, (max-width: 1600px) 100vw, 1600px\" \/><\/a><\/p>\n<p>Photo (left) by Jon Kopaloff &#8211; Dua Lipa attends the Versace FW23 Show at Pacific Design Center on March 09, 2023 in West Hollywood, California<br \/>\nPhoto (right) by Michael Kovac &#8211; Dua Lipa performs onstage during iHeartRadio, December 02, 2022 in Inglewood, California<\/p>\n<p>***<br \/>\n&#8230;dora vet\u00eb Dua Lipa gjoja tifoze e zjarrt\u00eb e futbollit, jo n\u00eb Lond\u00ebr as n\u00eb &#8220;Fadil Vokrri&#8221; t\u00eb Prishtin\u00ebs, diku pothuaj n\u00eb skaj t\u00eb bot\u00ebs, n\u00eb Buenos Aires t\u00eb Jug-Amerik\u00ebs, n\u00eb &#8220;Bombonera&#8221; t\u00eb Argjentin\u00ebs, m\u00eb 9 N\u00ebntor 2025<\/p>\n<p>&#8230;Photo by Alejandro Pagni &#8211; British-Albanian singer-songwriter Dua Lipa watches the Argentine Professional Football League 2025 Clausura Tournament match between Boca Juniors and River Plate at the La Bombonera Stadium in Buenos Aires on November 9, 2025&#8230;<\/p>\n<p><a  href=\"https:\/\/letrat.eu\/wp-content\/uploads\/2025\/11\/skyd_getty-2245374486_opt.jpg\" data-rel=\"lightbox-gallery-0\" data-rl_title=\"\" data-rl_caption=\"\" title=\"\"><img loading=\"lazy\" decoding=\"async\" src=\"https:\/\/letrat.eu\/wp-content\/uploads\/2025\/11\/skyd_getty-2245374486_opt.jpg\" alt=\"\" width=\"1600\" height=\"1060\" class=\"alignnone size-full wp-image-19460\" srcset=\"https:\/\/letrat.eu\/wp-content\/uploads\/2025\/11\/skyd_getty-2245374486_opt.jpg 1600w, https:\/\/letrat.eu\/wp-content\/uploads\/2025\/11\/skyd_getty-2245374486_opt-300x199.jpg 300w, https:\/\/letrat.eu\/wp-content\/uploads\/2025\/11\/skyd_getty-2245374486_opt-1024x678.jpg 1024w, https:\/\/letrat.eu\/wp-content\/uploads\/2025\/11\/skyd_getty-2245374486_opt-768x509.jpg 768w, https:\/\/letrat.eu\/wp-content\/uploads\/2025\/11\/skyd_getty-2245374486_opt-1536x1018.jpg 1536w\" sizes=\"auto, (max-width: 1600px) 100vw, 1600px\" \/><\/a><\/p>\n","protected":false},"excerpt":{"rendered":"<p>Mos i Beso Kujt (Trust No One) &#8211; Photos by Jean Christophe Magnenet, and Boris Horvat &#8211; Albania supporters cheer prior to the Euro 2016 group A football match between France and Albania at the Velodrome stadium in Marseille, June&hellip; <a href=\"https:\/\/letrat.eu\/?p=19457\" class=\"more-link\">Lexo <span class=\"meta-nav\">&rarr;<\/span><\/a><\/p>\n","protected":false},"author":1,"featured_media":0,"comment_status":"closed","ping_status":"closed","sticky":false,"template":"","format":"standard","meta":{"footnotes":""},"categories":[16],"tags":[],"class_list":["post-19457","post","type-post","status-publish","format-standard","hentry","category-multimedia"],"_links":{"self":[{"href":"https:\/\/letrat.eu\/index.php?rest_route=\/wp\/v2\/posts\/19457","targetHints":{"allow":["GET"]}}],"collection":[{"href":"https:\/\/letrat.eu\/index.php?rest_route=\/wp\/v2\/posts"}],"about":[{"href":"https:\/\/letrat.eu\/index.php?rest_route=\/wp\/v2\/types\/post"}],"author":[{"embeddable":true,"href":"https:\/\/letrat.eu\/index.php?rest_route=\/wp\/v2\/users\/1"}],"replies":[{"embeddable":true,"href":"https:\/\/letrat.eu\/index.php?rest_route=%2Fwp%2Fv2%2Fcomments&post=19457"}],"version-history":[{"count":0,"href":"https:\/\/letrat.eu\/index.php?rest_route=\/wp\/v2\/posts\/19457\/revisions"}],"wp:attachment":[{"href":"https:\/\/letrat.eu\/index.php?rest_route=%2Fwp%2Fv2%2Fmedia&parent=19457"}],"wp:term":[{"taxonomy":"category","embeddable":true,"href":"https:\/\/letrat.eu\/index.php?rest_route=%2Fwp%2Fv2%2Fcategories&post=19457"},{"taxonomy":"post_tag","embeddable":true,"href":"https:\/\/letrat.eu\/index.php?rest_route=%2Fwp%2Fv2%2Ftags&post=19457"}],"curies":[{"name":"wp","href":"https:\/\/api.w.org\/{rel}","templated":true}]}}