{"id":19558,"date":"2025-12-04T17:44:43","date_gmt":"2025-12-04T16:44:43","guid":{"rendered":"https:\/\/letrat.eu\/?p=19558"},"modified":"2026-04-08T01:43:46","modified_gmt":"2026-04-08T00:43:46","slug":"arkivol-karrige-dizajn-i-cuditshem-me-c-te-madhe-ne-fakt","status":"publish","type":"post","link":"https:\/\/letrat.eu\/?p=19558","title":{"rendered":"Arkivol-karrige, dizajn i \u00e7uditsh\u00ebm (me \u00c7 t\u00eb madhe n\u00eb fakt : )"},"content":{"rendered":"<p><em>(sguraziu &#8211; ars poetica, 25)<\/em><br \/>\n&#8230;very strange, very weird &#8211; i pash\u00eb ca karrige t\u00eb dizajnuara, secila m\u00eb &#8220;interesante&#8221; se tjetra, por nj\u00ebri dizajn sikur ia kalonte secil\u00ebs ide tjet\u00ebr, vall\u00eb pse do donte kush t\u00eb ulet n\u00eb nj\u00eb arkivol-karrige&#8230; ngela, m\u00eb shkoi buza n\u00eb gaz sepse m&#8217;u kujtua piktori i mir\u00ebnjohur Magritte i cili e pati b\u00ebr\u00eb nj\u00eb seri pikturash (seri e ashtuquajtur &#8220;P\u00ebrspektiva&#8221;) duke u bazuar n\u00eb veprat e njohura t\u00eb disa artist\u00ebve francez\u00eb, dhe ku tashm\u00eb Magritte do i z\u00ebvend\u00ebsonte me arkivole figurat e paraqitura n\u00eb pikturat e tyre origjinale : )<br \/>\n&#8230;athua vall\u00eb pse, dhe \u00e7far\u00eb e pati frym\u00ebzuar Magritte p\u00ebr nj\u00eb qasje t\u00eb till\u00eb t\u00eb &#8220;\u00e7uditshme&#8221; ndaj artit t\u00eb tyre &#8211; e pata shprehur gjoja habin\u00eb para 10 viteve, shih postimin k\u00ebtu [ <a href=\"https:\/\/letrat.eu\/?p=576\">Surrealizmi i &#8220;\u00e7uditsh\u00ebm&#8221; i Rene Margritte \u2013 Arkivolet!<\/a> ]<\/p>\n<p><a  href=\"https:\/\/letrat.eu\/wp-content\/uploads\/2025\/12\/skyd_weird_chair_design_ph1_opt.jpg\" data-rel=\"lightbox-gallery-0\" data-rl_title=\"\" data-rl_caption=\"\" title=\"\"><img loading=\"lazy\" decoding=\"async\" src=\"https:\/\/letrat.eu\/wp-content\/uploads\/2025\/12\/skyd_weird_chair_design_ph1_opt.jpg\" alt=\"\" width=\"1600\" height=\"1070\" class=\"alignnone size-full wp-image-19559\" srcset=\"https:\/\/letrat.eu\/wp-content\/uploads\/2025\/12\/skyd_weird_chair_design_ph1_opt.jpg 1600w, https:\/\/letrat.eu\/wp-content\/uploads\/2025\/12\/skyd_weird_chair_design_ph1_opt-300x201.jpg 300w, https:\/\/letrat.eu\/wp-content\/uploads\/2025\/12\/skyd_weird_chair_design_ph1_opt-1024x685.jpg 1024w, https:\/\/letrat.eu\/wp-content\/uploads\/2025\/12\/skyd_weird_chair_design_ph1_opt-768x514.jpg 768w, https:\/\/letrat.eu\/wp-content\/uploads\/2025\/12\/skyd_weird_chair_design_ph1_opt-1536x1027.jpg 1536w\" sizes=\"auto, (max-width: 1600px) 100vw, 1600px\" \/><\/a><\/p>\n","protected":false},"excerpt":{"rendered":"<p>(sguraziu &#8211; ars poetica, 25) &#8230;very strange, very weird &#8211; i pash\u00eb ca karrige t\u00eb dizajnuara, secila m\u00eb &#8220;interesante&#8221; se tjetra, por nj\u00ebri dizajn sikur ia kalonte secil\u00ebs ide tjet\u00ebr, vall\u00eb pse do donte kush t\u00eb ulet n\u00eb nj\u00eb arkivol-karrige&#8230;&hellip; <a href=\"https:\/\/letrat.eu\/?p=19558\" class=\"more-link\">Lexo <span class=\"meta-nav\">&rarr;<\/span><\/a><\/p>\n","protected":false},"author":1,"featured_media":0,"comment_status":"closed","ping_status":"closed","sticky":false,"template":"","format":"standard","meta":{"footnotes":""},"categories":[14],"tags":[],"class_list":["post-19558","post","type-post","status-publish","format-standard","hentry","category-modern"],"_links":{"self":[{"href":"https:\/\/letrat.eu\/index.php?rest_route=\/wp\/v2\/posts\/19558","targetHints":{"allow":["GET"]}}],"collection":[{"href":"https:\/\/letrat.eu\/index.php?rest_route=\/wp\/v2\/posts"}],"about":[{"href":"https:\/\/letrat.eu\/index.php?rest_route=\/wp\/v2\/types\/post"}],"author":[{"embeddable":true,"href":"https:\/\/letrat.eu\/index.php?rest_route=\/wp\/v2\/users\/1"}],"replies":[{"embeddable":true,"href":"https:\/\/letrat.eu\/index.php?rest_route=%2Fwp%2Fv2%2Fcomments&post=19558"}],"version-history":[{"count":0,"href":"https:\/\/letrat.eu\/index.php?rest_route=\/wp\/v2\/posts\/19558\/revisions"}],"wp:attachment":[{"href":"https:\/\/letrat.eu\/index.php?rest_route=%2Fwp%2Fv2%2Fmedia&parent=19558"}],"wp:term":[{"taxonomy":"category","embeddable":true,"href":"https:\/\/letrat.eu\/index.php?rest_route=%2Fwp%2Fv2%2Fcategories&post=19558"},{"taxonomy":"post_tag","embeddable":true,"href":"https:\/\/letrat.eu\/index.php?rest_route=%2Fwp%2Fv2%2Ftags&post=19558"}],"curies":[{"name":"wp","href":"https:\/\/api.w.org\/{rel}","templated":true}]}}