{"id":20176,"date":"2026-03-29T08:20:54","date_gmt":"2026-03-29T07:20:54","guid":{"rendered":"https:\/\/letrat.eu\/?p=20176"},"modified":"2026-04-07T22:05:08","modified_gmt":"2026-04-07T21:05:08","slug":"trumpidenti-duke-u-dobesuar-zemeruar-the-economist","status":"publish","type":"post","link":"https:\/\/letrat.eu\/?p=20176","title":{"rendered":"Trumpidenti duke u dob\u00ebsuar + zem\u00ebruar (The Economist)"},"content":{"rendered":"<p><em>(s. guraziu &#8211; ars poetica, mars 2026)<\/em><\/p>\n<p><span style=\"color: #999999;\">&#8230;operacioni i titulluar si metafor\u00eb verb\u00ebrie mjaft simpatike dhe super e sakt\u00eb nga &#8216;The Economist&#8217; (madje jo vet\u00ebm me titull, por dhe grafikisht me helmet\u00ebn e fundosur, n\u00eb ballin\u00eb) &#8211; Operacioni &#8220;T\u00ebrbimi i Verb\u00ebr&#8221; &#8211; ec e mos buz\u00ebqesh : ) &#8211; Lufta n\u00eb Iran po e b\u00ebn Trumpidentin m\u00eb t\u00eb dob\u00ebt &#8211; dhe m\u00eb t\u00eb zem\u00ebruar. Duke ia zvog\u00ebluar &#8220;superfuqit\u00eb&#8221; politike, luft\u00eb-fushata e tij e pamatur mund ta b\u00ebj\u00eb Presidentin (akoma) m\u00eb t\u00eb rreziksh\u00ebm &#8211; pati konkluduar &#8220;The Economist&#8221; disa dit\u00eb m\u00eb par\u00eb&#8230;<\/span><\/p>\n<p>&#8220;&#8230;kriz\u00eb e projektuar m\u00eb tep\u00ebr p\u00ebr ta k\u00ebputur trajektoren e presidenc\u00ebs s\u00eb tij, sesa luft\u00eb e pamenduar dhe e pakujdesshme kund\u00ebr Iranit. Madje dhe nj\u00eb luft\u00eb e shkurt\u00ebr do t\u00eb ndryshoj\u00eb rrjedh\u00ebn e mandatit t\u00eb dyt\u00eb. Sa p\u00ebr nj\u00eb luft\u00eb q\u00eb zgjat me muaj kjo mund ta rr\u00ebzoj\u00eb fare. Arsyeja \u00ebsht\u00eb se lufta kund\u00ebr Iranit i zvog\u00eblon tri &#8220;superfuqit\u00eb&#8221; politike t\u00eb z. Trump: aft\u00ebsin\u00eb p\u00ebr t&#8217;ia imponuar bot\u00ebs realitetin e vet, p\u00ebrdorimin e pam\u00ebshirsh\u00ebm t\u00eb ndikimit dhe sundimin e tij mbi Partin\u00eb Republikane. Edhe pa Iranin, fuqia e k\u00ebtyre forcave Trumpiane kishte gjasa t\u00eb zbehet pas zgjedhjeve. Luft\u00ebrat (ashtu-k\u00ebshtu) p\u00ebrshpejtojn\u00eb ndryshime.&#8221;<\/p>\n<p>[ <a href=\"https:\/\/www.economist.com\/leaders\/2026\/03\/19\/war-in-iran-is-making-donald-trump-weaker-and-angrier\" target=\"_blank\" rel=\"noopener\">The Economist<\/a> ]<\/p>\n<p><a  href=\"https:\/\/letrat.eu\/wp-content\/uploads\/2026\/03\/arspo_economist_operation_blind_fury_opt1.jpg\" data-rel=\"lightbox-gallery-0\" data-rl_title=\"\" data-rl_caption=\"\" title=\"\"><img loading=\"lazy\" decoding=\"async\" class=\"alignnone size-full wp-image-20177\" src=\"https:\/\/letrat.eu\/wp-content\/uploads\/2026\/03\/arspo_economist_operation_blind_fury_opt1.jpg\" alt=\"\" width=\"959\" height=\"1280\" srcset=\"https:\/\/letrat.eu\/wp-content\/uploads\/2026\/03\/arspo_economist_operation_blind_fury_opt1.jpg 959w, https:\/\/letrat.eu\/wp-content\/uploads\/2026\/03\/arspo_economist_operation_blind_fury_opt1-225x300.jpg 225w, https:\/\/letrat.eu\/wp-content\/uploads\/2026\/03\/arspo_economist_operation_blind_fury_opt1-767x1024.jpg 767w, https:\/\/letrat.eu\/wp-content\/uploads\/2026\/03\/arspo_economist_operation_blind_fury_opt1-768x1025.jpg 768w\" sizes=\"auto, (max-width: 959px) 100vw, 959px\" \/><\/a><\/p>\n<p><strong>President is Getting Weaker and Angrier<\/strong><\/p>\n<p>Operation Blind Fury (The Economist) &#8211; War in Iran is making Donald Trump weaker &#8211; and angrier. By diminishing the president\u2019s political superpowers, his reckless campaign may make him more dangerous &#8211; concluded &#8220;The Economist&#8221; some days ago&#8230;<\/p>\n<p>&#8220;&#8230;a crisis more precisely engineered to intercept the trajectory of his presidency than his ill-judged, heedless war against Iran. Even a short war will alter the course of his second term. One that lasts months could bring it crashing to earth. The reason is that the fight against Iran diminishes Mr Trump\u2019s three political superpowers: his ability to impose his own reality on the world, his remorseless use of leverage and his dominion over the Republican Party. Even without Iran, the potency of these Trumpian strengths was likely to wane after the midterm elections. Wars accelerate change.&#8221;<br \/>\n[ <a href=\"https:\/\/www.economist.com\/leaders\/2026\/03\/19\/war-in-iran-is-making-donald-trump-weaker-and-angrier\" target=\"_blank\" rel=\"noopener\">The Economist<\/a> ]<\/p>\n","protected":false},"excerpt":{"rendered":"<p>(s. guraziu &#8211; ars poetica, mars 2026) &#8230;operacioni i titulluar si metafor\u00eb verb\u00ebrie mjaft simpatike dhe super e sakt\u00eb nga &#8216;The Economist&#8217; (madje jo vet\u00ebm me titull, por dhe grafikisht me helmet\u00ebn e fundosur, n\u00eb ballin\u00eb) &#8211; Operacioni &#8220;T\u00ebrbimi i&hellip; <a href=\"https:\/\/letrat.eu\/?p=20176\" class=\"more-link\">Lexo <span class=\"meta-nav\">&rarr;<\/span><\/a><\/p>\n","protected":false},"author":1,"featured_media":0,"comment_status":"closed","ping_status":"closed","sticky":false,"template":"","format":"standard","meta":{"footnotes":""},"categories":[29],"tags":[],"class_list":["post-20176","post","type-post","status-publish","format-standard","hentry","category-media-extracted"],"_links":{"self":[{"href":"https:\/\/letrat.eu\/index.php?rest_route=\/wp\/v2\/posts\/20176","targetHints":{"allow":["GET"]}}],"collection":[{"href":"https:\/\/letrat.eu\/index.php?rest_route=\/wp\/v2\/posts"}],"about":[{"href":"https:\/\/letrat.eu\/index.php?rest_route=\/wp\/v2\/types\/post"}],"author":[{"embeddable":true,"href":"https:\/\/letrat.eu\/index.php?rest_route=\/wp\/v2\/users\/1"}],"replies":[{"embeddable":true,"href":"https:\/\/letrat.eu\/index.php?rest_route=%2Fwp%2Fv2%2Fcomments&post=20176"}],"version-history":[{"count":0,"href":"https:\/\/letrat.eu\/index.php?rest_route=\/wp\/v2\/posts\/20176\/revisions"}],"wp:attachment":[{"href":"https:\/\/letrat.eu\/index.php?rest_route=%2Fwp%2Fv2%2Fmedia&parent=20176"}],"wp:term":[{"taxonomy":"category","embeddable":true,"href":"https:\/\/letrat.eu\/index.php?rest_route=%2Fwp%2Fv2%2Fcategories&post=20176"},{"taxonomy":"post_tag","embeddable":true,"href":"https:\/\/letrat.eu\/index.php?rest_route=%2Fwp%2Fv2%2Ftags&post=20176"}],"curies":[{"name":"wp","href":"https:\/\/api.w.org\/{rel}","templated":true}]}}