{"id":20191,"date":"2026-03-30T08:03:28","date_gmt":"2026-03-30T07:03:28","guid":{"rendered":"https:\/\/letrat.eu\/?p=20191"},"modified":"2026-04-13T23:18:16","modified_gmt":"2026-04-13T22:18:16","slug":"pax-e-holandes-peticion-per-ndalimin-e-luftes","status":"publish","type":"post","link":"https:\/\/letrat.eu\/?p=20191","title":{"rendered":"PAX e Holand\u00ebs &#8211; Peticion p\u00ebr Ndalimin e Luft\u00ebs!"},"content":{"rendered":"<p><em>(s. guraziu &#8211; ars poetica, 30 mars 2026)<\/em><\/p>\n<p>PAX e Holand\u00ebs u b\u00ebn thirrje qytetar\u00ebve ta n\u00ebnshkruajn\u00eb Peticionin kund\u00ebr agresionit amerikano-izraelit ndaj Iranit. PAX thot\u00eb se SHBA-t\u00eb dhe Izraeli e nis\u00ebn nj\u00eb luft\u00eb t\u00eb paligjshme kund\u00ebr Iranit. Holanda duhet ta d\u00ebnoj\u00eb k\u00ebt\u00eb luft\u00eb, t\u00eb mos ofroj\u00eb asnj\u00eb mb\u00ebshtetje, n\u00eb asnj\u00eb m\u00ebnyr\u00eb dhe t\u00eb k\u00ebmb\u00ebngul\u00eb p\u00ebr arm\u00ebpushim. Kjo luft\u00eb duhet t\u00eb ndalet!<\/p>\n<p>PAX k\u00ebrkon nga Kabineti Jetten t\u00eb mos b\u00ebj\u00eb premtime boshe dhe t\u00eb:<br \/>\n&#8211; d\u00ebnoj\u00eb agresionin amerikano-izraelit kund\u00ebr Iranit<br \/>\n&#8211; t\u00eb mos bashk\u00ebpunoj\u00eb me agresor\u00ebt n\u00eb asnj\u00eb m\u00ebnyr\u00eb<br \/>\n&#8211; t\u00eb k\u00ebmb\u00ebngul\u00eb p\u00ebr arm\u00ebpushim t\u00eb menj\u00ebhersh\u00ebm dhe p\u00ebr rifillim t\u00eb diplomacis\u00eb<\/p>\n<p>***<br \/>\nPAX \u00ebsht\u00eb organizata m\u00eb e madhe p\u00ebr PAQE n\u00eb Holand\u00eb. PAX impenjohet p\u00ebr mbrojten e qytetar\u00ebve nga aktet e luft\u00ebs, p\u00ebr t&#8217;i dh\u00ebn\u00eb fund dhun\u00ebs s\u00eb armatosur dhe p\u00ebr t\u00eb nd\u00ebrtuar paqe gjith\u00ebp\u00ebrfshir\u00ebse. PAX punon n\u00eb zona konflikti n\u00eb mbar\u00eb bot\u00ebn, s\u00eb bashku me partner\u00eb lokal\u00eb dhe njer\u00ebz q\u00eb besojn\u00eb se t\u00eb gjith\u00eb kan\u00eb t\u00eb drejt\u00eb p\u00ebr nj\u00eb jet\u00eb dinjitoze n\u00eb nj\u00eb shoq\u00ebri paq\u00ebsore.<br \/>\nPAX \u00ebsht\u00eb e pavarur nga interesat politike dhe mb\u00ebshtetet nga nj\u00eb grup i gjer\u00eb qytetar\u00ebsh t\u00eb shqet\u00ebsuar dhe organizatash t\u00eb shoq\u00ebris\u00eb civile. S\u00eb bashku me shum\u00eb njer\u00ebz t\u00eb p\u00ebrfshir\u00eb, Pax vepron nga selia qendrore n\u00eb Holand\u00eb, nga Brukseli (BE), dhe nga Nju Jorku (OKB), gjithashtu s\u00eb bashku me partner\u00ebt e tyre lokal\u00eb n\u00eb zonat e konfliktit.<\/p>\n<p>[ PAX &#8211; Peticioni \/ <a href=\"https:\/\/paxvoorvrede.nl\/acties\/stop-de-oorlog\/\" target=\"_blank\">https:\/\/paxvoorvrede.nl\/acties\/stop-de-oorlog\/<\/a> ]<\/p>\n<p><a  href=\"https:\/\/letrat.eu\/wp-content\/uploads\/2026\/03\/skyd_pax_nl_stop_the_war_petition_opt1.jpg\" data-rel=\"lightbox-gallery-0\" data-rl_title=\"\" data-rl_caption=\"\" title=\"\"><img loading=\"lazy\" decoding=\"async\" src=\"https:\/\/letrat.eu\/wp-content\/uploads\/2026\/03\/skyd_pax_nl_stop_the_war_petition_opt1.jpg\" alt=\"\" width=\"1280\" height=\"744\" class=\"alignnone size-full wp-image-20190\" srcset=\"https:\/\/letrat.eu\/wp-content\/uploads\/2026\/03\/skyd_pax_nl_stop_the_war_petition_opt1.jpg 1280w, https:\/\/letrat.eu\/wp-content\/uploads\/2026\/03\/skyd_pax_nl_stop_the_war_petition_opt1-300x174.jpg 300w, https:\/\/letrat.eu\/wp-content\/uploads\/2026\/03\/skyd_pax_nl_stop_the_war_petition_opt1-1024x595.jpg 1024w, https:\/\/letrat.eu\/wp-content\/uploads\/2026\/03\/skyd_pax_nl_stop_the_war_petition_opt1-768x446.jpg 768w\" sizes=\"auto, (max-width: 1280px) 100vw, 1280px\" \/><\/a><\/p>\n","protected":false},"excerpt":{"rendered":"<p>(s. guraziu &#8211; ars poetica, 30 mars 2026) PAX e Holand\u00ebs u b\u00ebn thirrje qytetar\u00ebve ta n\u00ebnshkruajn\u00eb Peticionin kund\u00ebr agresionit amerikano-izraelit ndaj Iranit. PAX thot\u00eb se SHBA-t\u00eb dhe Izraeli e nis\u00ebn nj\u00eb luft\u00eb t\u00eb paligjshme kund\u00ebr Iranit. Holanda duhet ta&hellip; <a href=\"https:\/\/letrat.eu\/?p=20191\" class=\"more-link\">Lexo <span class=\"meta-nav\">&rarr;<\/span><\/a><\/p>\n","protected":false},"author":1,"featured_media":0,"comment_status":"closed","ping_status":"closed","sticky":false,"template":"","format":"standard","meta":{"footnotes":""},"categories":[15],"tags":[],"class_list":["post-20191","post","type-post","status-publish","format-standard","hentry","category-shenime-shkurt"],"_links":{"self":[{"href":"https:\/\/letrat.eu\/index.php?rest_route=\/wp\/v2\/posts\/20191","targetHints":{"allow":["GET"]}}],"collection":[{"href":"https:\/\/letrat.eu\/index.php?rest_route=\/wp\/v2\/posts"}],"about":[{"href":"https:\/\/letrat.eu\/index.php?rest_route=\/wp\/v2\/types\/post"}],"author":[{"embeddable":true,"href":"https:\/\/letrat.eu\/index.php?rest_route=\/wp\/v2\/users\/1"}],"replies":[{"embeddable":true,"href":"https:\/\/letrat.eu\/index.php?rest_route=%2Fwp%2Fv2%2Fcomments&post=20191"}],"version-history":[{"count":0,"href":"https:\/\/letrat.eu\/index.php?rest_route=\/wp\/v2\/posts\/20191\/revisions"}],"wp:attachment":[{"href":"https:\/\/letrat.eu\/index.php?rest_route=%2Fwp%2Fv2%2Fmedia&parent=20191"}],"wp:term":[{"taxonomy":"category","embeddable":true,"href":"https:\/\/letrat.eu\/index.php?rest_route=%2Fwp%2Fv2%2Fcategories&post=20191"},{"taxonomy":"post_tag","embeddable":true,"href":"https:\/\/letrat.eu\/index.php?rest_route=%2Fwp%2Fv2%2Ftags&post=20191"}],"curies":[{"name":"wp","href":"https:\/\/api.w.org\/{rel}","templated":true}]}}