{"id":20206,"date":"2026-04-01T18:18:23","date_gmt":"2026-04-01T17:18:23","guid":{"rendered":"https:\/\/letrat.eu\/?p=20206"},"modified":"2026-04-13T23:16:28","modified_gmt":"2026-04-13T22:16:28","slug":"25-vjetori-i-legalizimit-te-marteses-se-cifteve-homoseksuale","status":"publish","type":"post","link":"https:\/\/letrat.eu\/?p=20206","title":{"rendered":"25-vjetori i Legalizimit t\u00eb Martes\u00ebs s\u00eb \u00c7ifteve Homoseksuale"},"content":{"rendered":"<p><em>(s. guraziu &#8211; ars poetica, 1 prill 2026 &#8211; Burimet: NOS NL, dhe pak\u00ebz ndihm\u00eb p\u00ebr list\u00ebn nga Google AI &#8211; Fotoja: Pexels)<\/em><\/p>\n<p>Mbr\u00ebm\u00eb n\u00eb Bashkin\u00eb e Amsterdamit znj. Femke Halsema (ish-liderja e partis\u00eb holandeze GroenLinks, tashm\u00eb Kryebashkiake e Amsterdamit) i martoi tre \u00e7ifte homoseksuale. Ceremonia sh\u00ebnoi 25-vjetorin e legalizimit t\u00eb martes\u00ebs s\u00eb \u00e7ifteve homoseksuale n\u00eb Holand\u00eb. Kryeministri Jetten ishte gjithashtu i pranish\u00ebm. Jetten \u00ebsht\u00eb kryeministri i par\u00eb homoseksual i Holand\u00ebs. Edhe Jetten iu drejtua \u00e7ifteve, duke u uruar atyre nj\u00eb martes\u00eb t\u00eb lumtur. Ai gjithashtu e quajti nder pjes\u00ebmarrjen n\u00eb ceremonin\u00eb e p\u00ebrvjetorit.<\/p>\n<p>M\u00eb 1 Prill 2001, Kryebashkiaku i at\u00ebhersh\u00ebm i Amsterdamit, Job Cohen, i martoi kat\u00ebr \u00e7iftet e para. Ishte kjo ngjarja e par\u00eb e till\u00eb n\u00eb gjith\u00eb bot\u00ebn. Pas Holand\u00ebs, dhjetra vende tjera e ndoq\u00ebn shembullin. Pra moment-segment i r\u00ebnd\u00ebsish\u00ebm n\u00eb historin\u00eb e p\u00ebrfaq\u00ebsimit politik, sepse harta e lider\u00ebve LGBTQ+ n\u00eb bot\u00ebn per\u00ebndimore \u00ebsht\u00eb zgjeruar ndjesh\u00ebm.<\/p>\n<p><a  href=\"https:\/\/letrat.eu\/wp-content\/uploads\/2026\/04\/arspo_two_women_beach-1868132_pexels.jpg\" data-rel=\"lightbox-gallery-0\" data-rl_title=\"\" data-rl_caption=\"\" title=\"\"><img loading=\"lazy\" decoding=\"async\" src=\"https:\/\/letrat.eu\/wp-content\/uploads\/2026\/04\/arspo_two_women_beach-1868132_pexels.jpg\" alt=\"\" width=\"1920\" height=\"1280\" class=\"alignnone size-full wp-image-20207\" srcset=\"https:\/\/letrat.eu\/wp-content\/uploads\/2026\/04\/arspo_two_women_beach-1868132_pexels.jpg 1920w, https:\/\/letrat.eu\/wp-content\/uploads\/2026\/04\/arspo_two_women_beach-1868132_pexels-300x200.jpg 300w, https:\/\/letrat.eu\/wp-content\/uploads\/2026\/04\/arspo_two_women_beach-1868132_pexels-1024x683.jpg 1024w, https:\/\/letrat.eu\/wp-content\/uploads\/2026\/04\/arspo_two_women_beach-1868132_pexels-768x512.jpg 768w, https:\/\/letrat.eu\/wp-content\/uploads\/2026\/04\/arspo_two_women_beach-1868132_pexels-1536x1024.jpg 1536w\" sizes=\"auto, (max-width: 1920px) 100vw, 1920px\" \/><\/a><\/p>\n<p>Ky trend e pasqyron ndryshimin e pakontestuesh\u00ebm, ky trend tregon se, pavar\u00ebsisht debateve politike, pavar\u00ebsisht krizave dhe mosmarr\u00ebveshjeve, pavar\u00ebsisht ndryshimeve t\u00eb administratave k\u00ebndej-e-andejoqeanike, prania e personave LGBTQ+ n\u00eb nivelet m\u00eb t\u00eb larta t\u00eb vendimmarrjes \u00ebsht\u00eb kthyer n\u00eb nj\u00eb realitet t\u00eb preksh\u00ebm, n\u00eb mbar\u00eb sfer\u00ebn e politikave per\u00ebndimore. <\/p>\n<p>Holanda me ceremonin\u00eb jubilare thuase solemnisht e &#8220;rikujton&#8221; historin\u00eb e krenaris\u00eb p\u00ebr &#8220;thyerjen e akujve&#8221;, n\u00eb 25-vjetorin e legalizimit t\u00eb martesave mes gjinis\u00eb s\u00eb nj\u00ebjt\u00eb, duke qen\u00eb shteti i par\u00eb n\u00eb bot\u00eb q\u00eb hodhi k\u00ebt\u00eb hap. Kryebashkiakja e Amsterdamit, Femke Halsema, me ceremonin\u00eb simbolike e &#8220;p\u00ebrs\u00ebriti&#8221; aktin historik duke i martuar tre \u00e7ifte, nj\u00ebsoj si\u00e7 pati b\u00ebr\u00eb Job Cohen me &#8220;ceremonin\u00eb e akullthyerjes&#8221;, me kat\u00ebr \u00e7iftet e para, 25 vite m\u00eb par\u00eb. <\/p>\n<p>N\u00eb ceremonin\u00eb jubilare, prania e Rob Jetten si Kryeminist\u00ebr ishte apo \u00ebsht\u00eb dometh\u00ebn\u00ebse p\u00ebr Holand\u00ebn po ashtu, pasi Jetten \u00ebsht\u00eb i pari kryeminist\u00ebr homoseksual n\u00eb historin\u00eb e Holand\u00ebs. Inaugurimi i tij si Kryeminist\u00ebr n\u00eb Shkurt 2026 dhe n\u00eb p\u00ebrgjith\u00ebsi, realiteti i pozitave t\u00eb larta politike nga komuniteti LGBTQ+ sjellin n\u00eb pah sa shum\u00eb ka ndryshuar peizazhi social dhe politik per\u00ebndimor, q\u00eb nga viti 2001.<\/p>\n<p>M\u00eb posht\u00eb nj\u00eb &#8220;distilim&#8221; (me ndihm\u00ebn e Google AI) i disa prej figurave m\u00eb t\u00eb larta politike n\u00eb sfer\u00ebn per\u00ebndimore q\u00eb jan\u00eb pjes\u00ebtar\u00eb t\u00eb komunitetit LGBTQ+, duke p\u00ebrfshir\u00eb dhe administrat\u00ebn aktuale t\u00eb ShBA.<\/p>\n<p>ShBA (Administrata Trump, 2025\u20132026) &#8211; P\u00ebr dallim nga retorikat pararend\u00ebse, administrata e dyt\u00eb e Donald Trump i ka em\u00ebruar disa individ\u00eb t\u00eb komunitetit LGBTQ+ n\u00eb pozita ky\u00e7 politike.<\/p>\n<p>&#8211; Scott Bessent: Sekretar i Thesarit. Konsiderohet zyrtari m\u00eb i lart\u00eb homoseksual n\u00eb historin\u00eb e ShBA deri m\u00eb sot.<br \/>\n&#8211; Richard Grenell: Ish-Ambasador dhe ish-Drejtor i Inteligjenc\u00ebs Komb\u00ebtare, aktualisht i ngarkuar me drejtimin e Qendr\u00ebs Kennedy, mbetet nj\u00eb figur\u00eb me ndikim t\u00eb madh pran\u00eb Presidentit.<br \/>\n&#8211; Tammy Bruce: Z\u00ebdh\u00ebn\u00ebse e Departamentit t\u00eb Shtetit.<br \/>\n&#8211; Jacob Helberg: N\u00ebnsekretar i Shtetit p\u00ebr Rritjen Ekonomike, Energjin\u00eb dhe Mjedisin.<br \/>\n&#8211; Ambasador\u00ebt: Bill White (Ambasador n\u00eb Belgjik\u00eb) dhe Art Fisher (Ambasador n\u00eb Austri). <\/p>\n<p>Evrop\u00eb (Krer\u00eb Shtetesh dhe Qeverish) &#8211; Evropa mbetet rajoni me p\u00ebrfaq\u00ebsimin m\u00eb t\u00eb lart\u00eb t\u00eb LGBTQ+ n\u00eb lart\u00ebsin\u00eb e ekzekutivit politik.<\/p>\n<p>&#8211; Rob Jetten (Holand\u00eb): Kryeministri i par\u00eb homoseksual i Holand\u00ebs, inauguruar n\u00eb Shkurt 2026.<br \/>\n&#8211; Edgars Rink\u0113vi\u010ds (Letoni): Presidenti i Letonis\u00eb q\u00eb nga v. 2023, duke qen\u00eb i pari President homoseksual i nj\u00eb shteti n\u00eb BE.<br \/>\n&#8211; Xavier Espot Zamora (Andorra): Kryeminist\u00ebr i Andorr\u00ebs, q\u00eb nga v. 2019.<br \/>\n&#8211; Gabriel Attal (Franc\u00eb): Sh\u00ebrbeu si Kryeministri i par\u00eb homoseksual i Franc\u00ebs n\u00eb v. 2024, duke sh\u00ebnuar nj\u00eb thyerje barrierash n\u00eb politik\u00ebn franceze.<br \/>\n&#8211; Ish-lider\u00eb pionier\u00eb: Leo Varadkar (Irland\u00eb), Xavier Bettel (Luksemburg) dhe Ana Brnabi\u0107 (Serbi) kan\u00eb hapur rrug\u00ebn p\u00ebr brezin aktual t\u00eb politikan\u00ebve. <\/p>\n<p>Australi dhe Kanada<br \/>\nN\u00eb k\u00ebto vende, p\u00ebrfaq\u00ebsimi \u00ebsht\u00eb i rr\u00ebnjosur thell\u00eb n\u00eb parlament dhe kabinete:<br \/>\n&#8211; Scott Brison (Kanada), ishte ministri i par\u00eb homoseksual i kabinetit federal. Sot, Parlamenti Kanadez ka nj\u00eb nga numrat m\u00eb t\u00eb lart\u00eb t\u00eb deputet\u00ebve LGBTQ+ n\u00eb raport me popullsin\u00eb.<br \/>\n&#8211; Penny Wong (Australi), \u00ebsht\u00eb Ministre e Jashtme e Australis\u00eb, nga v. 2022, nj\u00ebra nga politikanet m\u00eb t\u00eb fuqishme dhe me jet\u00ebgjat\u00ebsi n\u00eb vend, homoseksualja e par\u00eb n\u00eb kabinetin australian. <\/p>\n<p>***<br \/>\n<strong>Not\u00eb redaktoriale<\/strong>:<br \/>\nNd\u00ebrsa sot festojm\u00eb k\u00ebt\u00eb p\u00ebrvjetor t\u00eb dinjitetit njer\u00ebzor k\u00ebtu n\u00eb Tok\u00eb, syt\u00eb tan\u00eb jan\u00eb kthyer dhe nga qielli. Sot, m\u00eb 1 Prill 2026, misioni Artemis II nis udh\u00ebtimin drejt H\u00ebn\u00ebs &#8211; nj\u00eb tjet\u00ebr &#8220;akullthyerje&#8221; q\u00eb sikur na e kujton se kufijt\u00eb, qofshin social\u00eb apo hap\u00ebsinor\u00eb, ndoshta ekzistojn\u00eb vet\u00ebm sa p\u00ebr t&#8217;u tej-kaluar. Ndoshta dhe progresi socio-politik e kulturor \u00ebsht\u00eb i ngjash\u00ebm me at\u00eb tekno-shkencor&#8230;<br \/>\n<em>(s. guraziu)<\/em><\/p>\n","protected":false},"excerpt":{"rendered":"<p>(s. guraziu &#8211; ars poetica, 1 prill 2026 &#8211; Burimet: NOS NL, dhe pak\u00ebz ndihm\u00eb p\u00ebr list\u00ebn nga Google AI &#8211; Fotoja: Pexels) Mbr\u00ebm\u00eb n\u00eb Bashkin\u00eb e Amsterdamit znj. Femke Halsema (ish-liderja e partis\u00eb holandeze GroenLinks, tashm\u00eb Kryebashkiake e Amsterdamit)&hellip; <a href=\"https:\/\/letrat.eu\/?p=20206\" class=\"more-link\">Lexo <span class=\"meta-nav\">&rarr;<\/span><\/a><\/p>\n","protected":false},"author":1,"featured_media":0,"comment_status":"closed","ping_status":"closed","sticky":false,"template":"","format":"standard","meta":{"footnotes":""},"categories":[15],"tags":[],"class_list":["post-20206","post","type-post","status-publish","format-standard","hentry","category-shenime-shkurt"],"_links":{"self":[{"href":"https:\/\/letrat.eu\/index.php?rest_route=\/wp\/v2\/posts\/20206","targetHints":{"allow":["GET"]}}],"collection":[{"href":"https:\/\/letrat.eu\/index.php?rest_route=\/wp\/v2\/posts"}],"about":[{"href":"https:\/\/letrat.eu\/index.php?rest_route=\/wp\/v2\/types\/post"}],"author":[{"embeddable":true,"href":"https:\/\/letrat.eu\/index.php?rest_route=\/wp\/v2\/users\/1"}],"replies":[{"embeddable":true,"href":"https:\/\/letrat.eu\/index.php?rest_route=%2Fwp%2Fv2%2Fcomments&post=20206"}],"version-history":[{"count":0,"href":"https:\/\/letrat.eu\/index.php?rest_route=\/wp\/v2\/posts\/20206\/revisions"}],"wp:attachment":[{"href":"https:\/\/letrat.eu\/index.php?rest_route=%2Fwp%2Fv2%2Fmedia&parent=20206"}],"wp:term":[{"taxonomy":"category","embeddable":true,"href":"https:\/\/letrat.eu\/index.php?rest_route=%2Fwp%2Fv2%2Fcategories&post=20206"},{"taxonomy":"post_tag","embeddable":true,"href":"https:\/\/letrat.eu\/index.php?rest_route=%2Fwp%2Fv2%2Ftags&post=20206"}],"curies":[{"name":"wp","href":"https:\/\/api.w.org\/{rel}","templated":true}]}}