{"id":5200,"date":"2019-12-27T19:42:20","date_gmt":"2019-12-27T18:42:20","guid":{"rendered":"https:\/\/letrat.eu\/?p=5200"},"modified":"2024-04-11T16:27:42","modified_gmt":"2024-04-11T15:27:42","slug":"mjaft-me-tekstet-gego-standardisht-te-kengeve","status":"publish","type":"post","link":"https:\/\/letrat.eu\/?p=5200","title":{"rendered":"Tekstet gego-standardisht t\u00eb muzikave kosovare!!"},"content":{"rendered":"<p><em>(s. guraziu \u2013 ars poetica, dhjetor 2019 &#8211; koment &#8211; rinia kosovare siduket e ka kuptuar thelbin, mjaft me tekstet gego-standardisht, o b\u00ebje k\u00ebng\u00eb, o kang\u00eb\u2026 por jo drith-e-miell : )<\/em><\/p>\n<p>\u2026kam p\u00ebrshtypjen, gegnishtja e muzikave moderne kosovare gjithnj\u00eb e m\u00eb shum\u00eb \u00ebsht\u00eb duke u avancuar, gjuha e teksteve t\u00eb pop-folk k\u00ebng\u00ebve kosovare koh\u00ebt e fundit sikur \u00ebsht\u00eb duke e arritur nj\u00eb lloj \u201cstandardi\u201d m\u00ebvete, dhe kjo \u00ebsht\u00eb p\u00ebr lakmi, \u00ebsht\u00eb p\u00ebr t\u2019u lavd\u00ebruar \u2013 meq\u00eb af\u00ebrmendsh, edhe gjuha e k\u00ebng\u00ebve mund t\u00eb p\u00ebrmir\u00ebsohet, psh. duke e shkruar m\u00eb sakt\u00eb, duke i definuar fjal\u00ebt m\u00eb qart\u00eb, duke u shmangur sadopak nga lokalizmat ekstrem\u00eb (duke ikur nga termat e \u201c1 fshati t\u00eb vet\u00ebm t\u00eb provinc\u00ebs s\u00eb thell\u00eb\u201d\u2026 t\u00eb cilat s\u2019i kupton askush p\u00ebrve\u00e7 fshatit n\u00eb fjal\u00eb) etj etj.<\/p>\n<p>\u2026nj\u00eb dikush e kishte postuar tekstin e k\u00ebng\u00ebs \u201cS\u2019ki me m\u2019pa\u201d (dmth. paska nj\u00eb k\u00ebng\u00eb e rinis\u00eb kosovare q\u00eb titullohet ashtu), sa p\u00ebr mua vet\u00eb sakaq m&#8217;u ngjall buz\u00ebqeshja, desh u mrekullova me pedant\u00ebrin\u00eb e gegnishtes, dor\u00ebn n\u00eb zem\u00ebr, m\u00eb i sakt\u00eb ndoshta as vet\u00eb Fishta s\u2019ishte, psh. k\u00ebnga \u201cS\u2019ki me m\u2019pa\u201d nuk \u00ebsht\u00eb vajtje udh\u00ebs rreth-e-rrotull, n\u00eb shum\u00eb vende perdoret shtegu \u201ctrup\u201d, jan\u00eb l\u00ebmuar bukur e p\u00ebrdoren aq natyrsh\u00ebm \u201cpi\u2026\u201d, \u201cpe\u2026\u201d, \u201csun\u2026\u201d &#8211; kso gjana&#8230; zor t\u2019i ket\u00eb p\u00ebrdorur Fishta aq \u00ebmb\u00ebl, q\u00ebkur ai merrej me ca \u201clahutash\u201d e me epikash, nuk merrej aq me lirikat e ndieshme, me aso kur \u201ckputen zemrat\u2026 mbas dashnive t\u00eb d\u00ebshtueme\u201d &#8211; sidoqoft\u00eb, ja teksti m\u00eb posht\u00eb, rinia kosovare siduket e ka kuptuar thelbin, mjaft me tekstet gego-standardisht, o b\u00ebje k\u00ebng\u00eb, o kang\u00eb\u2026 por jo drith-e-miell : )<\/p>\n<p>[ S\u2019ki me m\u2019pa ]<\/p>\n<p>S\u2019kish ma t\u2019fort\u00eb se zemra njerit<br \/>\nPi durojke 1000 plag\u00eb<br \/>\nPi durojke flak\u00ebt e ferrit<br \/>\nPo vazhdojke me rreh prap\u00eb<br \/>\nKur po dojshe pe harrojshe<br \/>\nEdhe veten edhe krejt<br \/>\nSi n\u00eb and\u00ebrr po jetojshe<br \/>\nE s\u2019po dishe n\u2019tok\u00eb me prek<br \/>\nE ma n\u2019fund i \u00e7ela syt\u00eb<br \/>\nSun jetoj, sun jetoj ma p\u00ebr t\u00eb dyt\u00eb<br \/>\nS\u2019ki me m\u2019pa, s\u2019ki me m\u2019pa<br \/>\nAs n\u00eb andrra s\u2019ki me m\u2019pa<br \/>\n&#8230;<\/p>\n<p><img loading=\"lazy\" decoding=\"async\" class=\"alignnone size-full wp-image-5201\" src=\"https:\/\/letrat.eu\/wp-content\/uploads\/2019\/12\/iStock_70651191_XLARGE.jpg\" alt=\"\" width=\"1280\" height=\"800\" srcset=\"https:\/\/letrat.eu\/wp-content\/uploads\/2019\/12\/iStock_70651191_XLARGE.jpg 1280w, https:\/\/letrat.eu\/wp-content\/uploads\/2019\/12\/iStock_70651191_XLARGE-300x188.jpg 300w, https:\/\/letrat.eu\/wp-content\/uploads\/2019\/12\/iStock_70651191_XLARGE-768x480.jpg 768w, https:\/\/letrat.eu\/wp-content\/uploads\/2019\/12\/iStock_70651191_XLARGE-1024x640.jpg 1024w\" sizes=\"auto, (max-width: 1280px) 100vw, 1280px\" \/><\/p>\n","protected":false},"excerpt":{"rendered":"<p>(s. guraziu \u2013 ars poetica, dhjetor 2019 &#8211; koment &#8211; rinia kosovare siduket e ka kuptuar thelbin, mjaft me tekstet gego-standardisht, o b\u00ebje k\u00ebng\u00eb, o kang\u00eb\u2026 por jo drith-e-miell : ) \u2026kam p\u00ebrshtypjen, gegnishtja e muzikave moderne kosovare gjithnj\u00eb e&hellip; <a href=\"https:\/\/letrat.eu\/?p=5200\" class=\"more-link\">Lexo <span class=\"meta-nav\">&rarr;<\/span><\/a><\/p>\n","protected":false},"author":1,"featured_media":0,"comment_status":"closed","ping_status":"closed","sticky":false,"template":"","format":"standard","meta":{"footnotes":""},"categories":[10,15],"tags":[],"class_list":["post-5200","post","type-post","status-publish","format-standard","hentry","category-komente","category-shenime-shkurt"],"_links":{"self":[{"href":"https:\/\/letrat.eu\/index.php?rest_route=\/wp\/v2\/posts\/5200","targetHints":{"allow":["GET"]}}],"collection":[{"href":"https:\/\/letrat.eu\/index.php?rest_route=\/wp\/v2\/posts"}],"about":[{"href":"https:\/\/letrat.eu\/index.php?rest_route=\/wp\/v2\/types\/post"}],"author":[{"embeddable":true,"href":"https:\/\/letrat.eu\/index.php?rest_route=\/wp\/v2\/users\/1"}],"replies":[{"embeddable":true,"href":"https:\/\/letrat.eu\/index.php?rest_route=%2Fwp%2Fv2%2Fcomments&post=5200"}],"version-history":[{"count":0,"href":"https:\/\/letrat.eu\/index.php?rest_route=\/wp\/v2\/posts\/5200\/revisions"}],"wp:attachment":[{"href":"https:\/\/letrat.eu\/index.php?rest_route=%2Fwp%2Fv2%2Fmedia&parent=5200"}],"wp:term":[{"taxonomy":"category","embeddable":true,"href":"https:\/\/letrat.eu\/index.php?rest_route=%2Fwp%2Fv2%2Fcategories&post=5200"},{"taxonomy":"post_tag","embeddable":true,"href":"https:\/\/letrat.eu\/index.php?rest_route=%2Fwp%2Fv2%2Ftags&post=5200"}],"curies":[{"name":"wp","href":"https:\/\/api.w.org\/{rel}","templated":true}]}}