{"id":5387,"date":"2020-03-05T14:15:24","date_gmt":"2020-03-05T13:15:24","guid":{"rendered":"https:\/\/letrat.eu\/?p=5387"},"modified":"2024-04-11T15:32:29","modified_gmt":"2024-04-11T14:32:29","slug":"amy-king-krahet-e-deshires","status":"publish","type":"post","link":"https:\/\/letrat.eu\/?p=5387","title":{"rendered":"Amy King &#8211; Krah\u00ebt e D\u00ebshir\u00ebs"},"content":{"rendered":"<p><img loading=\"lazy\" decoding=\"async\" class=\"alignright size-medium wp-image-5388\" src=\"https:\/\/letrat.eu\/wp-content\/uploads\/2020\/03\/amy_king_1web-261x300.jpg\" alt=\"\" width=\"261\" height=\"300\" srcset=\"https:\/\/letrat.eu\/wp-content\/uploads\/2020\/03\/amy_king_1web-261x300.jpg 261w, https:\/\/letrat.eu\/wp-content\/uploads\/2020\/03\/amy_king_1web-768x882.jpg 768w, https:\/\/letrat.eu\/wp-content\/uploads\/2020\/03\/amy_king_1web-891x1024.jpg 891w, https:\/\/letrat.eu\/wp-content\/uploads\/2020\/03\/amy_king_1web.jpg 960w\" sizes=\"auto, (max-width: 261px) 100vw, 261px\" \/>KRAH\u00cbT E D\u00cbSHIR\u00cbS<br \/>\nAmy King [ 1971, ShBA ]<\/p>\n<p>Kjo \u00ebsht\u00eb ajo q\u00eb ting\u00ebllon si jasht\u00ebsi,<br \/>\npatat e sh\u00ebndosha dhe pulat afrikane<br \/>\nkapur dor\u00eb p\u00ebr dore.<br \/>\nJam 31 vje\u00e7, mjaft e re p\u00ebr mosh\u00ebn time.<br \/>\nKaq mjafton p\u00ebr t&#8217;kuptuar se jam<br \/>\nnj\u00eb laps q\u00eb kam m\u00ebsuar si vizatohet<br \/>\nInterneti. I shpjegoj shigjetat<br \/>\nq\u00eb diagramojn\u00eb sakt\u00ebsisht si ndihem,<br \/>\ndhe ju josheni t\u00eb lexoni n\u00eb m\u00ebnyrat<br \/>\nq\u00eb s&#8217;ia dilni akoma. Zvarritja e krijimit<br \/>\nshket ngadal\u00eb, nj\u00ebsoj si\u00e7 ajo \u00e7&#8217;\u00ebsht\u00eb<br \/>\nbrend\u00ebsi kthehet n\u00eb asgj\u00eb, e q\u00eb mbase<br \/>\n\u00ebsht\u00eb lart\u00ebsim ritmik i thelb\u00ebsores.<br \/>\nVdekjet e asgj\u00ebshme t\u00eb jet\u00ebs, orgazmat<br \/>\n&#8220;petite&#8221; (t\u00eb vock\u00ebl), si\u00e7 pothuaj<br \/>\ne pat\u00ebn th\u00ebn\u00eb francez\u00ebt por s&#8217;ndodhi<br \/>\nkurr\u00eb. Flet\u00eb-puplat elisore e tejkalojn\u00eb<br \/>\nkuptimin klimatik, nd\u00ebrsa ne me dylbit\u00eb,<br \/>\nkureshtar\u00eb se si krijesat me flatra<br \/>\nia dalin ta mbajn\u00eb gjakun besnik ndaj<br \/>\nngroht\u00ebsis\u00eb, pa nj\u00eb sistem t\u00eb duhur<br \/>\nizolimi mb\u00ebshtjell me qarkullimin.<br \/>\nKjo do t&#8217;thot\u00eb &#8220;sans&#8221; (pa) yndyr\u00eb, kocka<br \/>\nt\u00eb thjeshta prej druri me qimet ngjitur.<br \/>\nKryesisht, anise ato pulsojn\u00eb n\u00eb horizontin<br \/>\ne shikimit t\u00eb pas-ndri\u00e7uar, ku ne<br \/>\ni takojm\u00eb vet\u00ebm metrot me shtr\u00ebngime<br \/>\nduarsh, ylberin e filterizuar t\u00eb elektronik\u00ebs<br \/>\ns\u00eb shkarkuar, shtyllat telefonike si pika<br \/>\narkaike t\u00eb kontrollit p\u00ebr kulturat<br \/>\ne s\u00eb shkuar\u00ebs.<br \/>\nAto s&#8217;kan\u00eb ekrane p\u00ebr t&#8217;k\u00ebrkuar<br \/>\nthelb-kuptimet e veta brenda.<br \/>\nNe rrymojm\u00eb nga nj\u00eb kultur\u00eb n\u00eb tjetr\u00ebn<br \/>\ndhe luftojm\u00eb rreck\u00eb-qepurinat e racizmit,<br \/>\nklasicizmit, t\u00eb terrorist\u00ebve anti-islamik\u00eb<br \/>\nmes nesh, me mbulesat e pa-leht\u00ebsis\u00eb<br \/>\ns\u00eb plot\u00eb trupat tan\u00eb pozicionohen<br \/>\nn\u00eb q\u00ebndrime pothuaj t\u00eb jorezistenc\u00ebs.<br \/>\nPra, k\u00ebshtusoj krijojm\u00eb di\u00e7 tjet\u00ebr.<br \/>\nNgjash\u00ebm si n\u00eb \u00e7astet e patkoizuar<br \/>\nt\u00eb urrejtjes s\u00eb rreme e pozicionojm\u00eb<br \/>\nnj\u00eb p\u00ebrsh\u00ebndetje t\u00eb mortit uturit\u00ebs,<br \/>\nvendosur si urdh\u00ebr i ekzistenc\u00ebs<br \/>\ndhe shpallim: K\u00ebtu jam dhe ky \u00ebsht\u00eb<br \/>\nmanifesti im shprehur duke mos qen\u00eb ti,<br \/>\nduke mos shkuar kah i nj\u00ebjti destinacion<br \/>\ni paq\u00ebndruesh\u00ebm, duke mos shtruar<br \/>\npyetje apo duke rib\u00ebr\u00eb pikturat<br \/>\nardhur n\u00eb jet\u00eb para meje, duke mos<br \/>\nk\u00ebnduar me notat e banjove tua flluskuese<br \/>\nteksa e p\u00ebrqafon at\u00eb personin me d\u00ebshir\u00ebn<br \/>\nrreth shmangies s\u00eb plumbave, madje dhe<br \/>\nkur drita sapo t&#8217;ik\u00ebn nga syt\u00eb e tu, vet\u00ebm<br \/>\npak koh\u00eb tjet\u00ebr dhe shtigjet tona i rreken<br \/>\np\u00ebrkorjes.<br \/>\nPra, pulat dhe patat na b\u00ebjn\u00eb t\u00eb mendojm\u00eb<br \/>\nsa i p\u00ebrket ndihm\u00ebs jasht\u00ebsore, se si i rrahin<br \/>\nkrah\u00ebt dhe l\u00ebvizin me leht\u00ebsin\u00eb yndyrore<br \/>\npara trenave, p\u00ebrtej bllok-thertores, deri tek<br \/>\ndimrat e uritur t\u00eb p\u00ebrbindshave fundimtar\u00eb,<br \/>\nmadje dhe teksa ulen ashtu n\u00eb telnajat<br \/>\nsipri kokave, ne vazhdojm\u00eb me ankesat,<br \/>\nvras\u00ebs, t\u00eb distancuar, t\u00eb pagoj\u00eb.<\/p>\n<p>&#8211; &#8211; &#8211;<br \/>\n<span style=\"color: #999999;\"><em>\u00a9 Amy King &#8211; Burimi: Poetry magazine (Janar 2014), Poetry Foundation, ShBA<\/em><\/span><br \/>\n<span style=\"color: #999999;\"><em>\u00a9 p\u00ebr p\u00ebrkthimin: S. Guraziu &#8211; Ars Poetica, 2020<\/em><\/span><\/p>\n","protected":false},"excerpt":{"rendered":"<p>KRAH\u00cbT E D\u00cbSHIR\u00cbS Amy King [ 1971, ShBA ] Kjo \u00ebsht\u00eb ajo q\u00eb ting\u00ebllon si jasht\u00ebsi, patat e sh\u00ebndosha dhe pulat afrikane kapur dor\u00eb p\u00ebr dore. Jam 31 vje\u00e7, mjaft e re p\u00ebr mosh\u00ebn time. Kaq mjafton p\u00ebr t&#8217;kuptuar se&hellip; <a href=\"https:\/\/letrat.eu\/?p=5387\" class=\"more-link\">Lexo <span class=\"meta-nav\">&rarr;<\/span><\/a><\/p>\n","protected":false},"author":1,"featured_media":0,"comment_status":"closed","ping_status":"closed","sticky":false,"template":"","format":"standard","meta":{"footnotes":""},"categories":[2],"tags":[],"class_list":["post-5387","post","type-post","status-publish","format-standard","hentry","category-perkthime"],"_links":{"self":[{"href":"https:\/\/letrat.eu\/index.php?rest_route=\/wp\/v2\/posts\/5387","targetHints":{"allow":["GET"]}}],"collection":[{"href":"https:\/\/letrat.eu\/index.php?rest_route=\/wp\/v2\/posts"}],"about":[{"href":"https:\/\/letrat.eu\/index.php?rest_route=\/wp\/v2\/types\/post"}],"author":[{"embeddable":true,"href":"https:\/\/letrat.eu\/index.php?rest_route=\/wp\/v2\/users\/1"}],"replies":[{"embeddable":true,"href":"https:\/\/letrat.eu\/index.php?rest_route=%2Fwp%2Fv2%2Fcomments&post=5387"}],"version-history":[{"count":0,"href":"https:\/\/letrat.eu\/index.php?rest_route=\/wp\/v2\/posts\/5387\/revisions"}],"wp:attachment":[{"href":"https:\/\/letrat.eu\/index.php?rest_route=%2Fwp%2Fv2%2Fmedia&parent=5387"}],"wp:term":[{"taxonomy":"category","embeddable":true,"href":"https:\/\/letrat.eu\/index.php?rest_route=%2Fwp%2Fv2%2Fcategories&post=5387"},{"taxonomy":"post_tag","embeddable":true,"href":"https:\/\/letrat.eu\/index.php?rest_route=%2Fwp%2Fv2%2Ftags&post=5387"}],"curies":[{"name":"wp","href":"https:\/\/api.w.org\/{rel}","templated":true}]}}