{"id":5397,"date":"2020-03-05T14:30:41","date_gmt":"2020-03-05T13:30:41","guid":{"rendered":"https:\/\/letrat.eu\/?p=5397"},"modified":"2024-04-11T15:29:50","modified_gmt":"2024-04-11T14:29:50","slug":"rama-narcizistik-ajme-si-eshte-e-mundur","status":"publish","type":"post","link":"https:\/\/letrat.eu\/?p=5397","title":{"rendered":"Rama narcizistik&#8230; ajme, si \u00ebsht\u00eb e mundur!"},"content":{"rendered":"<p>(&#8230;politikan\u00ebt jan\u00eb t\u00eb &#8220;vet\u00ebdijsh\u00ebm&#8221; se jan\u00eb g\u00ebnjeshtar\u00eb, e qart\u00eb kjo, e gjith\u00eb bota e di k\u00ebt\u00eb, por kamuflazhet e tyre dhe psiko-maskat q\u00eb p\u00ebrdorin jan\u00eb t\u00eb ndryshme &#8211; sipas Fatos Lubonja, Kryeministri Rama \u00ebsht\u00eb nj\u00eb narcizistik i papar\u00eb &#8211; cil\u00ebsimin e z. Lubonja do e p\u00ebrforcoja duke th\u00ebn\u00eb q\u00eb Rama \u00ebsht\u00eb &#8220;kameleoni m\u00eb i njohur narcizistik i Ballkanit \ud83d\ude42<\/p>\n<p>***<br \/>\n|&#8230;<em>t\u00eb tjer\u00ebt kur ballafaqohen me t\u00eb v\u00ebrteta evidente, n\u00eb p\u00ebrgjith\u00ebsi ruajn\u00eb gjakftoht\u00ebsin\u00eb dhe p\u00ebrpiqen t\u00eb p\u00ebrdorin nj\u00eb gjuh\u00eb t\u00eb drunjt\u00eb me slogane t\u00eb p\u00ebrgjithshme p\u00ebr ta kaluar situat\u00ebn, pasi jan\u00eb t\u00eb vet\u00ebdijsh\u00ebm se po g\u00ebnjejn\u00eb, nd\u00ebrsa Kryeministri Rama nervozohet n\u00eb kulm, sikur po i b\u00ebhet nj\u00eb shpifje e padrejt\u00ebsi e madhe dhe shp\u00ebrthen n\u00eb sulme kund\u00ebr gazetar\u00ebve duke i fyer, denigruar, duke u th\u00ebn\u00eb \u201cnuk t\u00eb njoh\u201d, \u201cje injorant\u201d, \u201cpo flet bro\u00e7kulla\u201d etj.<\/em><br \/>\n<em>Ky lloj reagimi b\u00ebn pjes\u00eb n\u00eb mekanizmat psikik\u00eb t\u00eb vet\u00ebmbrojtjes s\u00eb njer\u00ebzve q\u00eb vuajn\u00eb nga \u00e7rregullime narcizistike t\u00eb personalitetit, si\u00e7 \u00ebsht\u00eb edhe Kryeministri yn\u00eb<\/em>&#8230;|<br \/>\n[ <span style=\"color: #808080;\">Fatos Lubonja &#8211; &#8220;Shqip\u00ebria false dhe Shqip\u00ebria e v\u00ebrtete e Edi Ram\u00ebs&#8221;, 18.02.2020<\/span> ]<\/p>\n<p><img loading=\"lazy\" decoding=\"async\" class=\"size-full wp-image-5398\" src=\"https:\/\/letrat.eu\/wp-content\/uploads\/2020\/03\/Rama-narcizistik.jpg\" alt=\"\" width=\"1250\" height=\"821\" srcset=\"https:\/\/letrat.eu\/wp-content\/uploads\/2020\/03\/Rama-narcizistik.jpg 1250w, https:\/\/letrat.eu\/wp-content\/uploads\/2020\/03\/Rama-narcizistik-300x197.jpg 300w, https:\/\/letrat.eu\/wp-content\/uploads\/2020\/03\/Rama-narcizistik-768x504.jpg 768w, https:\/\/letrat.eu\/wp-content\/uploads\/2020\/03\/Rama-narcizistik-1024x673.jpg 1024w\" sizes=\"auto, (max-width: 1250px) 100vw, 1250px\" \/> <\/p>\n","protected":false},"excerpt":{"rendered":"<p>(&#8230;politikan\u00ebt jan\u00eb t\u00eb &#8220;vet\u00ebdijsh\u00ebm&#8221; se jan\u00eb g\u00ebnjeshtar\u00eb, e qart\u00eb kjo, e gjith\u00eb bota e di k\u00ebt\u00eb, por kamuflazhet e tyre dhe psiko-maskat q\u00eb p\u00ebrdorin jan\u00eb t\u00eb ndryshme &#8211; sipas Fatos Lubonja, Kryeministri Rama \u00ebsht\u00eb nj\u00eb narcizistik i papar\u00eb &#8211; cil\u00ebsimin&hellip; <a href=\"https:\/\/letrat.eu\/?p=5397\" class=\"more-link\">Lexo <span class=\"meta-nav\">&rarr;<\/span><\/a><\/p>\n","protected":false},"author":1,"featured_media":0,"comment_status":"closed","ping_status":"closed","sticky":false,"template":"","format":"standard","meta":{"footnotes":""},"categories":[15],"tags":[],"class_list":["post-5397","post","type-post","status-publish","format-standard","hentry","category-shenime-shkurt"],"_links":{"self":[{"href":"https:\/\/letrat.eu\/index.php?rest_route=\/wp\/v2\/posts\/5397","targetHints":{"allow":["GET"]}}],"collection":[{"href":"https:\/\/letrat.eu\/index.php?rest_route=\/wp\/v2\/posts"}],"about":[{"href":"https:\/\/letrat.eu\/index.php?rest_route=\/wp\/v2\/types\/post"}],"author":[{"embeddable":true,"href":"https:\/\/letrat.eu\/index.php?rest_route=\/wp\/v2\/users\/1"}],"replies":[{"embeddable":true,"href":"https:\/\/letrat.eu\/index.php?rest_route=%2Fwp%2Fv2%2Fcomments&post=5397"}],"version-history":[{"count":0,"href":"https:\/\/letrat.eu\/index.php?rest_route=\/wp\/v2\/posts\/5397\/revisions"}],"wp:attachment":[{"href":"https:\/\/letrat.eu\/index.php?rest_route=%2Fwp%2Fv2%2Fmedia&parent=5397"}],"wp:term":[{"taxonomy":"category","embeddable":true,"href":"https:\/\/letrat.eu\/index.php?rest_route=%2Fwp%2Fv2%2Fcategories&post=5397"},{"taxonomy":"post_tag","embeddable":true,"href":"https:\/\/letrat.eu\/index.php?rest_route=%2Fwp%2Fv2%2Ftags&post=5397"}],"curies":[{"name":"wp","href":"https:\/\/api.w.org\/{rel}","templated":true}]}}