{"id":5423,"date":"2020-03-05T15:24:28","date_gmt":"2020-03-05T14:24:28","guid":{"rendered":"https:\/\/letrat.eu\/?p=5423"},"modified":"2024-04-10T19:49:21","modified_gmt":"2024-04-10T18:49:21","slug":"besnikerisht-i-verber-pas-prapanicave-politike","status":"publish","type":"post","link":"https:\/\/letrat.eu\/?p=5423","title":{"rendered":"Besnik\u00ebrisht i verb\u00ebr pas &#8220;prapan*** politike&#8221;!"},"content":{"rendered":"<p>[ <strong>t&#8217;shkosh besnik\u00ebrisht i verb\u00ebr pas &#8220;prapan*** politike&#8221; NUK \u00ebsht\u00eb as burr\u00ebri as patriotiz\u00ebm<\/strong> ]<\/p>\n<p>&#8230;dikur, para 5-6 vitesh pata propozuar q\u00eb plisat t&#8217;mos mbahen tutje nga &#8220;burrecat&#8221;, plisat origjinalisht qen\u00eb supozuar p\u00ebr kokash t\u00eb denja t\u00eb burr\u00ebris\u00eb, apo jo&#8230; bie fjala p\u00ebr plisat padyshim \u00ebsht\u00eb di\u00e7 si &#8220;fyerje&#8221; t\u00eb mbahen nga lloj-lloj cimash e cimilimash t\u00eb partive kosovare, kot shtiren gjoja burra e patriot\u00ebr thjesht me fanatizmin ramushesk e hara-shimesk, t&#8217;shkosh besnik\u00ebrisht i verb\u00ebr pas &#8220;prapan*** politike&#8221; NUK \u00ebsht\u00eb as burr\u00ebri as patriotiz\u00ebm, s&#8217;iu shitet &#8211; por si p\u00ebr inat ideja ime pati ngelur disi e panjohur, ndoshta dhe \u00ebsht\u00eb shp\u00ebrfillur, s&#8217;kam si ta di tani : )<br \/>\n<em>(sg &#8211; ap, mars 2020)<\/em><\/p>\n<p><a  href=\"https:\/\/letrat.eu\/wp-content\/uploads\/2024\/02\/arspo_plisat_dhe_bukuroshet_burrnesha_opt.jpg\" data-rel=\"lightbox-gallery-0\" data-rl_title=\"\" data-rl_caption=\"\" title=\"\"><img loading=\"lazy\" decoding=\"async\" class=\"alignnone size-full wp-image-14429\" src=\"https:\/\/letrat.eu\/wp-content\/uploads\/2024\/02\/arspo_plisat_dhe_bukuroshet_burrnesha_opt.jpg\" alt=\"\" width=\"1261\" height=\"1071\" srcset=\"https:\/\/letrat.eu\/wp-content\/uploads\/2024\/02\/arspo_plisat_dhe_bukuroshet_burrnesha_opt.jpg 1261w, https:\/\/letrat.eu\/wp-content\/uploads\/2024\/02\/arspo_plisat_dhe_bukuroshet_burrnesha_opt-300x255.jpg 300w, https:\/\/letrat.eu\/wp-content\/uploads\/2024\/02\/arspo_plisat_dhe_bukuroshet_burrnesha_opt-1024x870.jpg 1024w, https:\/\/letrat.eu\/wp-content\/uploads\/2024\/02\/arspo_plisat_dhe_bukuroshet_burrnesha_opt-768x652.jpg 768w\" sizes=\"auto, (max-width: 1261px) 100vw, 1261px\" \/><\/a><\/p>\n<p>&nbsp;<\/p>\n","protected":false},"excerpt":{"rendered":"<p>[ t&#8217;shkosh besnik\u00ebrisht i verb\u00ebr pas &#8220;prapan*** politike&#8221; NUK \u00ebsht\u00eb as burr\u00ebri as patriotiz\u00ebm ] &#8230;dikur, para 5-6 vitesh pata propozuar q\u00eb plisat t&#8217;mos mbahen tutje nga &#8220;burrecat&#8221;, plisat origjinalisht qen\u00eb supozuar p\u00ebr kokash t\u00eb denja t\u00eb burr\u00ebris\u00eb, apo jo&#8230;&hellip; <a href=\"https:\/\/letrat.eu\/?p=5423\" class=\"more-link\">Lexo <span class=\"meta-nav\">&rarr;<\/span><\/a><\/p>\n","protected":false},"author":1,"featured_media":0,"comment_status":"closed","ping_status":"closed","sticky":false,"template":"","format":"standard","meta":{"footnotes":""},"categories":[15],"tags":[],"class_list":["post-5423","post","type-post","status-publish","format-standard","hentry","category-shenime-shkurt"],"_links":{"self":[{"href":"https:\/\/letrat.eu\/index.php?rest_route=\/wp\/v2\/posts\/5423","targetHints":{"allow":["GET"]}}],"collection":[{"href":"https:\/\/letrat.eu\/index.php?rest_route=\/wp\/v2\/posts"}],"about":[{"href":"https:\/\/letrat.eu\/index.php?rest_route=\/wp\/v2\/types\/post"}],"author":[{"embeddable":true,"href":"https:\/\/letrat.eu\/index.php?rest_route=\/wp\/v2\/users\/1"}],"replies":[{"embeddable":true,"href":"https:\/\/letrat.eu\/index.php?rest_route=%2Fwp%2Fv2%2Fcomments&post=5423"}],"version-history":[{"count":0,"href":"https:\/\/letrat.eu\/index.php?rest_route=\/wp\/v2\/posts\/5423\/revisions"}],"wp:attachment":[{"href":"https:\/\/letrat.eu\/index.php?rest_route=%2Fwp%2Fv2%2Fmedia&parent=5423"}],"wp:term":[{"taxonomy":"category","embeddable":true,"href":"https:\/\/letrat.eu\/index.php?rest_route=%2Fwp%2Fv2%2Fcategories&post=5423"},{"taxonomy":"post_tag","embeddable":true,"href":"https:\/\/letrat.eu\/index.php?rest_route=%2Fwp%2Fv2%2Ftags&post=5423"}],"curies":[{"name":"wp","href":"https:\/\/api.w.org\/{rel}","templated":true}]}}