{"id":5430,"date":"2020-03-05T16:34:59","date_gmt":"2020-03-05T15:34:59","guid":{"rendered":"https:\/\/letrat.eu\/?p=5430"},"modified":"2024-04-10T19:47:14","modified_gmt":"2024-04-10T18:47:14","slug":"hera-e-pare-qe-pashe-zemer-djathi","status":"publish","type":"post","link":"https:\/\/letrat.eu\/?p=5430","title":{"rendered":"Hera e par\u00eb q\u00eb pash\u00eb &#8220;zem\u00ebr djathi&#8221;!"},"content":{"rendered":"<p>[ <strong>hera e par\u00eb q\u00eb pash\u00eb &#8220;zem\u00ebr djathi&#8221;<\/strong> ]<br \/>\n&#8230;ky fotografisti &#8220;buk\u00ebn&#8221; e fituaka seriozisht (duke b\u00ebr\u00eb foto) &#8211; sikur po thosha m\u00ebvete : )<br \/>\ndmth. aso &#8220;stock photo&#8221; t\u00eb p\u00ebrkryera, me lustrime fotoshop-ike, foto q\u00eb shkrepen enkas p\u00ebr &#8220;hir t\u00eb estetikave artifi\u00e7a&#8221;, p\u00ebrndryshe s&#8217;i ha pazari &#8211; jo vet\u00ebm q\u00eb qenka kujdesur p\u00ebr detajet e perimeve (supeeer t\u00eb fresk\u00ebta), pastaj e qart\u00eb q\u00eb preferuaka ushqim t\u00eb sh\u00ebndetsh\u00ebm, por shih si e ka prer\u00eb djathin, hm&#8230; s&#8217;do isha kujtuar djathin si &#8220;zem\u00ebr&#8221;, e sidomos jo n\u00eb m\u00ebngjes, p\u00ebrgjumur&#8230; n\u00eb nguti e sip\u00ebr, madje kjo duhet t&#8217;jet\u00eb hera e par\u00eb q\u00eb pash\u00eb &#8220;zem\u00ebr djathi&#8221; : )<br \/>\n<em>(sg &#8211; ap, shkurt 2020)<\/em><\/p>\n<p><a  href=\"https:\/\/letrat.eu\/wp-content\/uploads\/2020\/03\/heart_with_love_web1.jpg\" data-rel=\"lightbox-gallery-0\" data-rl_title=\"\" data-rl_caption=\"\" title=\"\"><img loading=\"lazy\" decoding=\"async\" class=\"alignnone wp-image-5431 size-full\" src=\"https:\/\/letrat.eu\/wp-content\/uploads\/2020\/03\/heart_with_love_web1.jpg\" alt=\"\" width=\"1358\" height=\"948\" srcset=\"https:\/\/letrat.eu\/wp-content\/uploads\/2020\/03\/heart_with_love_web1.jpg 1358w, https:\/\/letrat.eu\/wp-content\/uploads\/2020\/03\/heart_with_love_web1-300x209.jpg 300w, https:\/\/letrat.eu\/wp-content\/uploads\/2020\/03\/heart_with_love_web1-768x536.jpg 768w, https:\/\/letrat.eu\/wp-content\/uploads\/2020\/03\/heart_with_love_web1-1024x715.jpg 1024w\" sizes=\"auto, (max-width: 1358px) 100vw, 1358px\" \/><\/a><\/p>\n","protected":false},"excerpt":{"rendered":"<p>[ hera e par\u00eb q\u00eb pash\u00eb &#8220;zem\u00ebr djathi&#8221; ] &#8230;ky fotografisti &#8220;buk\u00ebn&#8221; e fituaka seriozisht (duke b\u00ebr\u00eb foto) &#8211; sikur po thosha m\u00ebvete : ) dmth. aso &#8220;stock photo&#8221; t\u00eb p\u00ebrkryera, me lustrime fotoshop-ike, foto q\u00eb shkrepen enkas p\u00ebr &#8220;hir&hellip; <a href=\"https:\/\/letrat.eu\/?p=5430\" class=\"more-link\">Lexo <span class=\"meta-nav\">&rarr;<\/span><\/a><\/p>\n","protected":false},"author":1,"featured_media":0,"comment_status":"closed","ping_status":"closed","sticky":false,"template":"","format":"standard","meta":{"footnotes":""},"categories":[15],"tags":[],"class_list":["post-5430","post","type-post","status-publish","format-standard","hentry","category-shenime-shkurt"],"_links":{"self":[{"href":"https:\/\/letrat.eu\/index.php?rest_route=\/wp\/v2\/posts\/5430","targetHints":{"allow":["GET"]}}],"collection":[{"href":"https:\/\/letrat.eu\/index.php?rest_route=\/wp\/v2\/posts"}],"about":[{"href":"https:\/\/letrat.eu\/index.php?rest_route=\/wp\/v2\/types\/post"}],"author":[{"embeddable":true,"href":"https:\/\/letrat.eu\/index.php?rest_route=\/wp\/v2\/users\/1"}],"replies":[{"embeddable":true,"href":"https:\/\/letrat.eu\/index.php?rest_route=%2Fwp%2Fv2%2Fcomments&post=5430"}],"version-history":[{"count":0,"href":"https:\/\/letrat.eu\/index.php?rest_route=\/wp\/v2\/posts\/5430\/revisions"}],"wp:attachment":[{"href":"https:\/\/letrat.eu\/index.php?rest_route=%2Fwp%2Fv2%2Fmedia&parent=5430"}],"wp:term":[{"taxonomy":"category","embeddable":true,"href":"https:\/\/letrat.eu\/index.php?rest_route=%2Fwp%2Fv2%2Fcategories&post=5430"},{"taxonomy":"post_tag","embeddable":true,"href":"https:\/\/letrat.eu\/index.php?rest_route=%2Fwp%2Fv2%2Ftags&post=5430"}],"curies":[{"name":"wp","href":"https:\/\/api.w.org\/{rel}","templated":true}]}}