{"id":5490,"date":"2020-03-05T22:49:26","date_gmt":"2020-03-05T21:49:26","guid":{"rendered":"https:\/\/letrat.eu\/?p=5490"},"modified":"2024-04-10T19:23:56","modified_gmt":"2024-04-10T18:23:56","slug":"kristalet-swarovski-dhe-hollivudi","status":"publish","type":"post","link":"https:\/\/letrat.eu\/?p=5490","title":{"rendered":"Kristalet Swarovski dhe Hollivudi"},"content":{"rendered":"<p><em>(sguraziu &#8211; ap, 9 shkurt 2020)<\/em><\/p>\n<p>Sonte shk\u00eblqimet e Oskar-mrekullis\u00eb padyshim do jen\u00eb &#8220;shk\u00eblqimtare&#8221; si kurr\u00eb ndonj\u00ebher\u00eb m\u00eb par\u00eb &#8211; skena p\u00ebr ceremonin\u00eb e 92-t\u00eb &#8220;Academy Awards&#8221; qenka realizuar nga Jason Sherwood dhe i cili i paska p\u00ebrdorur jo m\u00eb pak por 40.000 kristale &#8220;austriake&#8221;&#8230;<\/p>\n<p>&#8220;Swarovski, fabrikuesi i famsh\u00ebm austriak i kristaleve, bashk\u00ebpunon dhe nj\u00eb her\u00eb me Oskar\u00ebt p\u00ebr t&#8217;sjell\u00eb n\u00eb sken\u00eb nj\u00eb element t\u00eb magjis\u00eb s\u00eb shk\u00eblqimit, k\u00ebt\u00eb vit kompania i ka v\u00ebn\u00eb n\u00eb dispozicion m\u00eb shum\u00eb se 40.000 kristale p\u00ebr ta mund\u00ebsuar realizimin e vizionit t\u00eb dizajnerit Jason Sherwood&#8230;&#8221; &#8211; paska shkruar autori Mayer Rus n\u00eb nj\u00eb artikull t\u00eb ArchitecturalDigest &#8211; woooow&#8230; sikur po thosha m\u00ebvete, lum si yjet e si shk\u00eblqimi, do na i merrkan syt\u00eb sonte, qebesa me 40.000 kristale do shk\u00eblqeja dhe un\u00eb vet\u00eb, pa qen\u00eb yll fare \ud83d\ude42<\/p>\n<p>[ <span style=\"color: #999999;\">Info: Mayer Rus &#8211; architecturaldigest \/ Fotot: Linda Pianigiani &#8211; Swarovski<\/span> ]<br \/>\n<img loading=\"lazy\" decoding=\"async\" class=\"alignnone size-full wp-image-5491\" src=\"https:\/\/letrat.eu\/wp-content\/uploads\/2020\/03\/oscars_2020_1.jpg\" alt=\"\" width=\"1600\" height=\"1091\" srcset=\"https:\/\/letrat.eu\/wp-content\/uploads\/2020\/03\/oscars_2020_1.jpg 1600w, https:\/\/letrat.eu\/wp-content\/uploads\/2020\/03\/oscars_2020_1-300x205.jpg 300w, https:\/\/letrat.eu\/wp-content\/uploads\/2020\/03\/oscars_2020_1-768x524.jpg 768w, https:\/\/letrat.eu\/wp-content\/uploads\/2020\/03\/oscars_2020_1-1024x698.jpg 1024w\" sizes=\"auto, (max-width: 1600px) 100vw, 1600px\" \/><\/p>\n","protected":false},"excerpt":{"rendered":"<p>(sguraziu &#8211; ap, 9 shkurt 2020) Sonte shk\u00eblqimet e Oskar-mrekullis\u00eb padyshim do jen\u00eb &#8220;shk\u00eblqimtare&#8221; si kurr\u00eb ndonj\u00ebher\u00eb m\u00eb par\u00eb &#8211; skena p\u00ebr ceremonin\u00eb e 92-t\u00eb &#8220;Academy Awards&#8221; qenka realizuar nga Jason Sherwood dhe i cili i paska p\u00ebrdorur jo m\u00eb&hellip; <a href=\"https:\/\/letrat.eu\/?p=5490\" class=\"more-link\">Lexo <span class=\"meta-nav\">&rarr;<\/span><\/a><\/p>\n","protected":false},"author":1,"featured_media":0,"comment_status":"closed","ping_status":"closed","sticky":false,"template":"","format":"standard","meta":{"footnotes":""},"categories":[15],"tags":[],"class_list":["post-5490","post","type-post","status-publish","format-standard","hentry","category-shenime-shkurt"],"_links":{"self":[{"href":"https:\/\/letrat.eu\/index.php?rest_route=\/wp\/v2\/posts\/5490","targetHints":{"allow":["GET"]}}],"collection":[{"href":"https:\/\/letrat.eu\/index.php?rest_route=\/wp\/v2\/posts"}],"about":[{"href":"https:\/\/letrat.eu\/index.php?rest_route=\/wp\/v2\/types\/post"}],"author":[{"embeddable":true,"href":"https:\/\/letrat.eu\/index.php?rest_route=\/wp\/v2\/users\/1"}],"replies":[{"embeddable":true,"href":"https:\/\/letrat.eu\/index.php?rest_route=%2Fwp%2Fv2%2Fcomments&post=5490"}],"version-history":[{"count":0,"href":"https:\/\/letrat.eu\/index.php?rest_route=\/wp\/v2\/posts\/5490\/revisions"}],"wp:attachment":[{"href":"https:\/\/letrat.eu\/index.php?rest_route=%2Fwp%2Fv2%2Fmedia&parent=5490"}],"wp:term":[{"taxonomy":"category","embeddable":true,"href":"https:\/\/letrat.eu\/index.php?rest_route=%2Fwp%2Fv2%2Fcategories&post=5490"},{"taxonomy":"post_tag","embeddable":true,"href":"https:\/\/letrat.eu\/index.php?rest_route=%2Fwp%2Fv2%2Ftags&post=5490"}],"curies":[{"name":"wp","href":"https:\/\/api.w.org\/{rel}","templated":true}]}}